{"id":131222,"date":"2025-09-22T06:56:08","date_gmt":"2025-09-22T06:56:08","guid":{"rendered":"https:\/\/www.europesays.com\/es\/131222\/"},"modified":"2025-09-22T06:56:08","modified_gmt":"2025-09-22T06:56:08","slug":"el-ayuntamiento-de-madrid-quiere-cerrar-un-huerto-vecinal-que-cedio-el-pp-de-ana-botella-hace-doce-anos","status":"publish","type":"post","link":"https:\/\/www.europesays.com\/es\/131222\/","title":{"rendered":"El Ayuntamiento de Madrid quiere cerrar un huerto vecinal que cedi\u00f3 el PP de Ana Botella hace doce a\u00f1os"},"content":{"rendered":"<p class=\"article-text\">\n        El pasado mes de mayo tuvo lugar en <a href=\"https:\/\/huerta.labroma.org\/\" data-mrf-recirculation=\"links-noticia\" class=\"link\" target=\"_blank\" rel=\"nofollow noopener\">La Huerta de Tetu\u00e1n<\/a> \u2013un peque\u00f1o oasis de vecindad y vegetaci\u00f3n en la trasera de la calle Marqu\u00e9s de Viana\u2013 su fiesta anual de la primavera. Una explosi\u00f3n intergeneracional que deja patente el arraigo del lugar en el barrio y antecede en fechas a su ya cl\u00e1sico cine de verano. Poco m\u00e1s de un mes despu\u00e9s, en un clima de calma estival, Mart\u00edn, vecino y participante en la huerta, se encontr\u00f3 a dos polic\u00edas municipales merodeando por el vallado que delimita el espacio de bancales. Cuando pregunt\u00f3 a los agentes, le dijeron que ten\u00edan orden de notificar a los usuarios del huerto urbano que deb\u00edan desalojarlo en la mayor brevedad posible. \u201cAunque portaban un documento escrito \u2013que no me ense\u00f1aron\u2013 no era ni siquiera un requerimiento dado que no iba ligado a ninguna instancia\u201d, explica el vecino.\n    <\/p>\n<p class=\"article-text\">\n        En lo que media de la primavera al verano la comunidad hortelana de la calle del Matadero pas\u00f3 de la celebraci\u00f3n al estado de alarma. Y en seguida se pusieron manos a la obra para salvar el espacio. El 16 de julio varios representantes de La Huerta de Tetu\u00e1n se reunieron con la concejala presidenta del distrito, Paula G\u00f3mez-Angulo, para tratar el tema.\n    <\/p>\n<p class=\"article-text\">\n        Desde la junta de distrito se les inform\u00f3 de que est\u00e1n previstas unas obras que afectan al Colegio P\u00fablico Juan Ram\u00f3n Jim\u00e9nez, colindante con la huerta, y de la intenci\u00f3n de reconvertir el espacio que actualmente ocupa la huerta en patio del centro escolar. Adicionalmente, salieron a relucir las humedades del colegio, presuntamente provocadas por el huerto.\n    <\/p>\n<p class=\"article-text\">\n        \u201cPero este es un punto que negamos. Ya se hizo una obra en 2018 para poner un muro, y nosotros extremamos la precauci\u00f3n, pero sencillamente las humedades tienen que ver con el mal estado del edificio, que ya las sufr\u00eda hace sesenta a\u00f1os, seg\u00fan sabemos por los vecinos\u201d, replican desde el colectivo. El edificio, que data de 1950, tiene dos plantas bajo el nivel del suelo y la pendiente de la calle Matadero ha provocado hist\u00f3ricamente problemas similares en otros edificios contiguos, explican. El centro ha sido objeto de obras de acondicionamiento no estructurales este verano, pero la \u00faltima Inspecci\u00f3n T\u00e9cnica de Edificios (la que pas\u00f3 en 2018) fue desfavorable. El colectivo de la huerta, por su parte, ha encargado un estudio t\u00e9cnico para esclarecer el origen de las humedades del colegio.\n    <\/p>\n<p>            <img decoding=\"async\" class=\"lazy\" loading=\"lazy\" data-src=\"https:\/\/static.eldiario.es\/clip\/3dbcf2c2-bb3a-47c3-991a-bbb685b9a502_16-9-discover-aspect-ratio_default_0.jpg\" src=\"data:image\/svg+xml,%3Csvg xmlns=\" http:=\"\" viewbox=\"0 0 1200 675\" alt=\"Acto p\u00fablico en el huerto\"\/><\/p>\n<p class=\"article-text\">\n        Despu\u00e9s de conocer las razones por las que se quiere dar carpetazo al proyecto del huerto, los hortelanos se llevaron las manos a la cabeza: el espacio va a desaparecer por una idea cuyo desarrollo corresponde a otra administraci\u00f3n (la Comunidad de Madrid) y que carece de proyecto alguno. Si, como parece, la tramitaci\u00f3n de la reconversi\u00f3n en patio va para largo, \u00bfpor qu\u00e9 dejar al barrio sin un espacio de dinamizaci\u00f3n vecinal y refugio clim\u00e1tico de inmediato? Desde La Huerta de Tetu\u00e1n solicitan la permanencia del espacio hasta que las obras sean inminentes y piden una inversi\u00f3n econ\u00f3mica suficiente que permita solucionar los problemas estructurales que el colegio arrastra desde hace mucho tiempo.\n    <\/p>\n<p class=\"article-text\">\n        Despu\u00e9s de la reuni\u00f3n en la Junta Municipal de la calle Bravo Murillo, siguieron picando piedra. Contactaron telef\u00f3nicamente con la Subdirectora General de Gesti\u00f3n Urban\u00edstica (que tiene la potestad legal para solicitar el desalojo) y el Jefe de la Unidad T\u00e9cnica de Estudios del Departamento de Educaci\u00f3n Ambiental del \u00c1rea de Gobierno de Urbanismo, Medioambiente y Movilidad. Es decir, llamaron a las puertas de todos los actores implicados a fin de conseguir una reuni\u00f3n conjunta para buscar soluciones. Con poco \u00e9xito hasta la fecha, pese a la buena predisposici\u00f3n expresada por las dos instancias m\u00e1s t\u00e9cnicas. La Junta de Distrito da por informada la situaci\u00f3n y remite, en todo caso, a la hipot\u00e9tica b\u00fasqueda de un espacio alternativo por parte de la Red de Huertos Urbanos (perteneciente al citado Departamento de Educaci\u00f3n Ambiental).\n    <\/p>\n<p class=\"article-text\">\n        El origen de La Huerta de Tetu\u00e1n hay que buscarlo en 2013, durante el mandato de Ana Botella en Cibeles. El consistorio anunci\u00f3 a bombo y platillo una serie de intervenciones urbanas del \u00c1rea de las Artes en el distrito, que, bajo el nombre Paisaje Tetu\u00e1n inclu\u00edan la realizaci\u00f3n de diferentes murales, intervenciones art\u00edsticas y proyectos vecinales. En este \u00faltimo apartado surgi\u00f3, sobre lo que era un descampado utilizado como aparcamiento ilegal, un huerto urbano.\n    <\/p>\n<p class=\"article-text\">\n        Desde entonces, el proyecto ha sido gestionado por vecinos y vecinas del distrito con el benepl\u00e1cito de la Junta Municipal de Distrito, pese a que no existiera un documento que formalizara la cesi\u00f3n. \u201cEsta es una cosa que nos sorprendi\u00f3 mucho durante la reuni\u00f3n que mantuvimos en la Junta de Distrito, no parec\u00edan ser muy conocedores de la historia del espacio, que naci\u00f3 del propio Ayuntamiento y participa de las Ferias de Entidades del distrito. Llegaron a decir que est\u00e1bamos de okupas\u201d, explican con enojo desde el colectivo.\n    <\/p>\n<p class=\"article-text\">\n        Despu\u00e9s de Paisaje Tetu\u00e1n, qued\u00f3 un espacio abierto a todo el mundo y fue consolid\u00e1ndose una comunidad vecinal. En La Huerta de Tetu\u00e1n se han realizado a lo largo de los a\u00f1os cine de verano, mercadillos, reuniones vecinales, campamentos de verano, conciertos, murales participativos, grupos de lectura\u2026Se ha convertido en un espacio consolidado que da sentido al t\u00e9rmino vecindad, como se pudo ver despu\u00e9s de la borrasca Filomena, cuando sus grupos de mensajer\u00eda y sus palas sirvieron para organizar cuadrillas de limpieza.\n    <\/p>\n<p class=\"article-text\">\n        La semana pasada se produjo en la huerta la reuni\u00f3n de varias asociaciones y colectivos del distrito, que se convirti\u00f3 en un aut\u00e9ntico debate sobre el estado de la cuesti\u00f3n asociativa en Tetu\u00e1n. Del encuentro salieron muchas muestras de respaldo social que, sin duda, vendr\u00e1n a materializarse pr\u00f3ximamente en apoyos expl\u00edcitos, como el que expresa un escrito ya registrado ante el Ayuntamiento por la Asociaci\u00f3n Vecinal Cuatro Caminos-Tetu\u00e1n. De momento, <a href=\"https:\/\/www.youtube.com\/shorts\/iepxMfd375k\" data-mrf-recirculation=\"links-noticia\" class=\"link\" target=\"_blank\" rel=\"nofollow noopener\">han comenzado una campa\u00f1a de informaci\u00f3n p\u00fablica<\/a> para explicar el proceso y el valor social el espacio.\n    <\/p>\n<p>    <a href=\"https:\/\/www.eldiario.es\/madrid\/somos\/tetuan\/noticias\/huerta-tetuan-da-si-decada-agricultura-comunitaria_1_9017144.html\" data-mrf-recirculation=\"saber-mas-abajo\" data-dl-event=\"saber-mas-abajo\" rel=\"nofollow noopener\" target=\"_blank\"><\/p>\n<p class=\"know-more__title\">La Huerta de Tetu\u00e1n: lo que da de s\u00ed casi una d\u00e9cada de agricultura comunitaria<\/p>\n<p>            <img decoding=\"async\" class=\"lazy\" loading=\"lazy\" data-src=\"https:\/\/static.eldiario.es\/clip\/36a30eae-dae6-4685-b9cb-9de504c184f6_16-9-aspect-ratio_default_0.jpg\" src=\"data:image\/svg+xml,%3Csvg xmlns=\" http:=\"\" viewbox=\"0 0 880 495\" alt=\"La Huerta de Tetu\u00e1n: lo que da de s\u00ed casi una d\u00e9cada de agricultura comunitaria\"\/><\/p>\n<p>                        <\/a><\/p>\n<p class=\"article-text\">\n        La Huerta de Tetu\u00e1n no quiere ser v\u00edctima del s\u00edndrome de <a href=\"https:\/\/www.eldiario.es\/madrid\/somos\/tetuan\/noticias\/seis-anos-despues-derribo-ofelia-nieto-29-sigue-solar-breve-historia-lucha-colectiva_1_7320953.html\" target=\"_blank\" data-mrf-recirculation=\"links-noticia\" class=\"link\" rel=\"nofollow noopener\">Ofelia Nieto 29<\/a>. En febrero de 2015 el Ayuntamiento del PP derrib\u00f3 en esta calle cercana a la huerta una casa cuya conservaci\u00f3n hab\u00eda congregado la defensa de cientos activistas por el derecho a la vivienda digna. Unos meses m\u00e1s tarde, el nuevo Consistorio de Ahora Madrid anunci\u00f3 la intenci\u00f3n de construir vivienda p\u00fablica en el solar. Pero nueve a\u00f1os despu\u00e9s el terru\u00f1o sigue vallado y las concreciones de la antigua casa sobre el muro contiguo apenas se ven por la vegetaci\u00f3n crecida. Podr\u00edamos llamar as\u00ed, s\u00edndrome de Ofelia Nieto 29, a los casos en los que la piqueta deja espacios vac\u00edos en nombre de un progreso que no llega. La Huerta de Tetu\u00e1n solo pide seguir siendo, abierta al barrio, todo el tiempo que sea posible.\u00a0\u00a0\n    <\/p>\n<p class=\"article-text\">Recibe las noticias m\u00e1s importantes de Madrid con un bolet\u00edn escrito para ti, todos los viernes en tu correo. <a href=\"https:\/\/www.eldiario.es\/madrid\/somos\/boletin\/\" rel=\"nofollow noopener\" target=\"_blank\">Ap\u00fantate aqu\u00ed<\/a> y rec\u00edbelas junto a los mejores planes para el fin de semana. Tambi\u00e9n puedes seguirnos desde tu red social preferida, en <a href=\"https:\/\/www.facebook.com\/SomosTetuan\/\" target=\"_blank\" rel=\"nofollow noopener\">Facebook<\/a> o <a href=\"https:\/\/bsky.app\/profile\/somostetuan.bsky.social\/\" target=\"_blank\" rel=\"nofollow noopener\">Bluesky<\/a><\/p>\n","protected":false},"excerpt":{"rendered":"El pasado mes de mayo tuvo lugar en La Huerta de Tetu\u00e1n \u2013un peque\u00f1o oasis de vecindad y&hellip;\n","protected":false},"author":2,"featured_media":131223,"comment_status":"","ping_status":"","sticky":false,"template":"","format":"standard","meta":{"footnotes":""},"categories":[8],"tags":[683,988,1250,828,17,18,42055,5417,2235,25,24,13,14,11,23060,19,20,205,9,10,15,16,956,2615,23,12,21,22,4568],"class_list":{"0":"post-131222","1":"post","2":"type-post","3":"status-publish","4":"format-standard","5":"has-post-thumbnail","7":"category-espana","8":"tag-ana","9":"tag-anos","10":"tag-ayuntamiento","11":"tag-botella","12":"tag-breaking-news","13":"tag-breakingnews","14":"tag-cedio","15":"tag-cerrar","16":"tag-doce","17":"tag-es","18":"tag-espana","19":"tag-featured-news","20":"tag-featurednews","21":"tag-headlines","22":"tag-huerto","23":"tag-latest-news","24":"tag-latestnews","25":"tag-madrid","26":"tag-news","27":"tag-noticias","28":"tag-noticias-destacadas","29":"tag-noticiasdestacadas","30":"tag-pp","31":"tag-quiere","32":"tag-spain","33":"tag-titulares","34":"tag-ultimas-noticias","35":"tag-ultimasnoticias","36":"tag-vecinal"},"share_on_mastodon":{"url":"","error":""},"_links":{"self":[{"href":"https:\/\/www.europesays.com\/es\/wp-json\/wp\/v2\/posts\/131222","targetHints":{"allow":["GET"]}}],"collection":[{"href":"https:\/\/www.europesays.com\/es\/wp-json\/wp\/v2\/posts"}],"about":[{"href":"https:\/\/www.europesays.com\/es\/wp-json\/wp\/v2\/types\/post"}],"author":[{"embeddable":true,"href":"https:\/\/www.europesays.com\/es\/wp-json\/wp\/v2\/users\/2"}],"replies":[{"embeddable":true,"href":"https:\/\/www.europesays.com\/es\/wp-json\/wp\/v2\/comments?post=131222"}],"version-history":[{"count":0,"href":"https:\/\/www.europesays.com\/es\/wp-json\/wp\/v2\/posts\/131222\/revisions"}],"wp:featuredmedia":[{"embeddable":true,"href":"https:\/\/www.europesays.com\/es\/wp-json\/wp\/v2\/media\/131223"}],"wp:attachment":[{"href":"https:\/\/www.europesays.com\/es\/wp-json\/wp\/v2\/media?parent=131222"}],"wp:term":[{"taxonomy":"category","embeddable":true,"href":"https:\/\/www.europesays.com\/es\/wp-json\/wp\/v2\/categories?post=131222"},{"taxonomy":"post_tag","embeddable":true,"href":"https:\/\/www.europesays.com\/es\/wp-json\/wp\/v2\/tags?post=131222"}],"curies":[{"name":"wp","href":"https:\/\/api.w.org\/{rel}","templated":true}]}}