{"id":131224,"date":"2025-09-22T06:57:08","date_gmt":"2025-09-22T06:57:08","guid":{"rendered":"https:\/\/www.europesays.com\/es\/131224\/"},"modified":"2025-09-22T06:57:08","modified_gmt":"2025-09-22T06:57:08","slug":"alicante-crea-contactos-empresariales-e-institucionales-en-china-para-captar-inversiones","status":"publish","type":"post","link":"https:\/\/www.europesays.com\/es\/131224\/","title":{"rendered":"Alicante crea contactos empresariales e institucionales en China para captar inversiones"},"content":{"rendered":"<p>El primer edil visita varias empresas chinas de construcci\u00f3n, infraestructura urbana y sector agroalimentario, que ya han mostrado inter\u00e9s en visitar Alicante, y cierra un acuerdo con el Ayuntamiento de esta urbe de la pen\u00ednsula de Shandong<\/p>\n<p><strong>Alicante, 21 de septiembre de 2025.<\/strong> El alcalde de Alicante, Luis Barcala, ha intervenido este domingo en el tercer Foro Internacional de Ciudades de Weihai, enclave urbano de tres millones de habitantes en el extremo oriental de China, en el que ha defendido las \u201cm\u00faltiples oportunidades\u201d de desarrollo econ\u00f3mico que ofrece la capital alicantina para captar inversiones y facilitar la implantaci\u00f3n de empresas \u201cen un modelo de ciudad mediterr\u00e1nea y sostenible, que apuesta por la calidad de vida y la diversificaci\u00f3n econ\u00f3mica y cuenta con el turismo como gran aliado\u201d.<\/p>\n<p>Antes de su intervenci\u00f3n en esta cumbre internacional sobre innovaci\u00f3n urbana sostenible, coorganizada por Naciones Unidas y con la participaci\u00f3n de l\u00edderes municipales de todo el mundo, Barcala ha establecido contactos con un grupo de empresas afincadas en esta regi\u00f3n costera del gigante asi\u00e1tico, de gran potencial econ\u00f3mico y comercial, con el objetivo de captar inversiones para la ciudad de Alicante y varias de ellas ya han mostrado su inter\u00e9s en visitar la capital alicantina para analizar las posibilidades de expansi\u00f3n de sus compa\u00f1\u00edas.<\/p>\n<p>\u201cAlicante proyecta y promociona en China su modelo econ\u00f3mico con el objetivo de impulsar la asociaci\u00f3n entre empresarios chinos y alicantinos para realizar inversiones y establecer v\u00ednculos comerciales; y principalmente para que compa\u00f1\u00edas de China vean en Alicante una oportunidad para implantar sus empresas, generar riqueza y empleo\u201d, ha explicado el primer edil, que encabeza la delegaci\u00f3n municipal y empresarial invitada a participar en este foro entre el 19 y el 21 de septiembre \u201ccon el fin de promover el desarrollo sostenible de las ciudades globales y construir una plataforma de intercambio internacional sobre cooperaci\u00f3n econ\u00f3mica y comercial, construcci\u00f3n urbana y otros \u00e1mbitos para la mejora de la calidad de vida\u201d.<\/p>\n<p>Durante su intervenci\u00f3n en la ceremonia de apertura del Foro, Barcala ha recalcado el gran potencial que ofrece Alicante para la captaci\u00f3n de inversiones y la implantaci\u00f3n de empresas, especialmente en los sectores del turismo, residencial, tecnolog\u00eda e innovaci\u00f3n, sostenibilidad y medio ambiente, distribuci\u00f3n log\u00edstica y salud.<\/p>\n<p>\u201cLa transformaci\u00f3n estructural de nuestro modelo productivo nos est\u00e1 permitiendo generar empleo y riqueza m\u00e1s all\u00e1 del tradicional sector de los servicios, basado en el turismo y en sus pilares de la construcci\u00f3n, la hosteler\u00eda, la restauraci\u00f3n y el comercio\u201d, ha destacado el primer edil. \u201cApostamos por pocos segmentos de actividad econ\u00f3mica, muy complementarios entre s\u00ed, pero independientes y aut\u00f3nomos, que garanticen un alto nivel de especializaci\u00f3n y diferenciaci\u00f3n, con gran capacidad de generaci\u00f3n de empleo y riqueza\u201d, ha a\u00f1adido.<\/p>\n<p>Para cerrar su discurso ante el plenario de la cumbre internacional, Barcala ha recalcado el acento social de su gesti\u00f3n, con pol\u00edticas de apoyo a la natalidad, la longevidad y el envejecimiento activo, la creaci\u00f3n de empleo y la eliminaci\u00f3n de la brecha social. Al mismo tiempo, ha subrayado el proceso de transformaci\u00f3n urbana en que est\u00e1 inmersa la ciudad con cinco ejes de actuaci\u00f3n interrelacionados y proyectados hacia el horizonte temporal de 2050: una ciudad conectada con su entorno con una estructura polic\u00e9ntrica y una nueva movilidad; una malla ambiental de infraestructura verde y azul sostenible y saludable; el barrio como c\u00e9lula b\u00e1sica y nuevos entornos residenciales; nuevas \u00e1reas productivas renovadas que atraigan actividades de tecnolog\u00eda y desarrollo de ecosistemas de innovaci\u00f3n de alto valor a\u00f1adido.<\/p>\n<p><strong>Contactos con empresas de la pen\u00ednsula de Shandong<\/strong><\/p>\n<p>Antes de su intervenci\u00f3n, Barcala y la delegaci\u00f3n alicantina han visitado varias empresas de este pr\u00f3spero enclave costero de la pen\u00ednsula de Shandong, que cuenta con unas 2.000 compa\u00f1\u00edas con inversi\u00f3n extranjera y una activa cooperaci\u00f3n econ\u00f3mica y comercial con Jap\u00f3n, Corea del Sur, Europa y \u00c1frica. En concreto, han recorrido las instalaciones de la Weihai City Investment Group, una empresa de inversi\u00f3n vinculada al gobierno local, centrada en inversiones en infraestructuras urbanas y desarrollo inmobiliario; Weihai Construction Group, una contratista de construcci\u00f3n; la Weihai International Economic and Technical Cooperation, dedicada a la construcci\u00f3n de ingenier\u00eda, mano de obra internacional y servicios log\u00edsticos y la empresa del sector de alimentaci\u00f3n Huaxin Foodstuffs, cuyo presidente, David Liu, ha anunciado que antes del mes de diciembre visitar\u00e1 Alicante para analizar posibilidades de expansi\u00f3n de su compa\u00f1\u00eda.<\/p>\n<p>En las pr\u00f3ximas horas Barcala visitar\u00e1 otras empresas con posibilidades de inversi\u00f3n en Alicante, as\u00ed como diferentes parques industriales e instalaciones comerciales y n\u00e1uticas y firmar\u00e1 un convenio de colaboraci\u00f3n con la alcaldesa de Weihai, Kong Fanping. La expedici\u00f3n alicantina tambi\u00e9n la integran el CEO de la empresa GDV Mobility, German Agull\u00f3; el concejal de Coordinaci\u00f3n de Proyectos e Innovaci\u00f3n, Antonio Peral, y el director general de Empleo, Fomento Empresarial y Nueva Econom\u00eda del Ayuntamiento, Vicente Segu\u00ed.<\/p>\n","protected":false},"excerpt":{"rendered":"El primer edil visita varias empresas chinas de construcci\u00f3n, infraestructura urbana y sector agroalimentario, que ya han mostrado&hellip;\n","protected":false},"author":2,"featured_media":131225,"comment_status":"","ping_status":"","sticky":false,"template":"","format":"standard","meta":{"footnotes":""},"categories":[5],"tags":[17,18,25,24,13,14,11,19,20,9,10,15,16,23,12,21,22],"class_list":{"0":"post-131224","1":"post","2":"type-post","3":"status-publish","4":"format-standard","5":"has-post-thumbnail","7":"category-titulares","8":"tag-breaking-news","9":"tag-breakingnews","10":"tag-es","11":"tag-espana","12":"tag-featured-news","13":"tag-featurednews","14":"tag-headlines","15":"tag-latest-news","16":"tag-latestnews","17":"tag-news","18":"tag-noticias","19":"tag-noticias-destacadas","20":"tag-noticiasdestacadas","21":"tag-spain","22":"tag-titulares","23":"tag-ultimas-noticias","24":"tag-ultimasnoticias"},"share_on_mastodon":{"url":"","error":""},"_links":{"self":[{"href":"https:\/\/www.europesays.com\/es\/wp-json\/wp\/v2\/posts\/131224","targetHints":{"allow":["GET"]}}],"collection":[{"href":"https:\/\/www.europesays.com\/es\/wp-json\/wp\/v2\/posts"}],"about":[{"href":"https:\/\/www.europesays.com\/es\/wp-json\/wp\/v2\/types\/post"}],"author":[{"embeddable":true,"href":"https:\/\/www.europesays.com\/es\/wp-json\/wp\/v2\/users\/2"}],"replies":[{"embeddable":true,"href":"https:\/\/www.europesays.com\/es\/wp-json\/wp\/v2\/comments?post=131224"}],"version-history":[{"count":0,"href":"https:\/\/www.europesays.com\/es\/wp-json\/wp\/v2\/posts\/131224\/revisions"}],"wp:featuredmedia":[{"embeddable":true,"href":"https:\/\/www.europesays.com\/es\/wp-json\/wp\/v2\/media\/131225"}],"wp:attachment":[{"href":"https:\/\/www.europesays.com\/es\/wp-json\/wp\/v2\/media?parent=131224"}],"wp:term":[{"taxonomy":"category","embeddable":true,"href":"https:\/\/www.europesays.com\/es\/wp-json\/wp\/v2\/categories?post=131224"},{"taxonomy":"post_tag","embeddable":true,"href":"https:\/\/www.europesays.com\/es\/wp-json\/wp\/v2\/tags?post=131224"}],"curies":[{"name":"wp","href":"https:\/\/api.w.org\/{rel}","templated":true}]}}