{"id":131226,"date":"2025-09-22T06:59:08","date_gmt":"2025-09-22T06:59:08","guid":{"rendered":"https:\/\/www.europesays.com\/es\/131226\/"},"modified":"2025-09-22T06:59:08","modified_gmt":"2025-09-22T06:59:08","slug":"las-orejas-de-otono","status":"publish","type":"post","link":"https:\/\/www.europesays.com\/es\/131226\/","title":{"rendered":"Las orejas de oto\u00f1o"},"content":{"rendered":"<p>Como ya es tambi\u00e9n tradicional en la <a title=\"Feria de las Novilladas\" href=\"https:\/\/www.larazon.es\/cultura\/toros\/algemesi-tambien-presumira-feria-esta-temporada_2025072868873af4ffbf4a1a6746a729.html\" target=\"_blank\" rel=\"nofollow noopener\">Feria de las Novilladas<\/a>, la lluvia hizo acto de presencia, pese a no ser nunca bien recibida.<b> Menos mal que se dej\u00f3 notar antes, sin influir apenas en el estado del piso, <\/b>y al final de la funci\u00f3n, cuando ya estaba todo el pescado vendido.<\/p>\n<p>Un festejo, este segundo del abono, triunfal y especial: los dos novilleros salieron a hombros y los dos hicieron su debut con picadores.<\/p>\n<p>Fue por delante Marco Polope, al haber comenzado a torear sin picadores antes.<b> El alumno de la Escuela Taurina de Valencia dej\u00f3 patente una vez m\u00e1s su planta, maneras y concepto.<\/b> Se midi\u00f3 a un primer novillo que empuj\u00f3 con inter\u00e9s en el caballo, estando a punto de derribar, luci\u00e9ndose luego el novillero al quitar por tafalleras, y volvi\u00f3 a hacerlo en una faena de muleta pulcra, aseada y de buen trazo, muy asentada, aunque quiz\u00e1 le falt\u00f3 enfadarse un poco m\u00e1s con un novillo noble, obediente y bondadoso.<br data-start=\"1022\" data-end=\"1025\"\/> Mucho m\u00e1s dispuesto se le vio con su segundo, iniciando su trasteo con una larga e intensa serie de rodillas. <b>Ya erguido, se mostr\u00f3 muy firme, con las plantas atornilladas al suelo para torear muy templado y suficiente ante un oponente de exquisita docilidad.<\/b><\/p>\n<p>El salmantino Emilio Garc\u00eda Torres dej\u00f3 una primera faena muy irregular<b>, llevando muy toreado al novillo por el pit\u00f3n derecho y gust\u00e1ndose al torear en redondo,<\/b> pero no se acopl\u00f3 al hacerlo al natural, consintiendo numerosos enganchones, siendo generosamente recompensado, ya que tambi\u00e9n la mano se le fue muy abajo a la hora de la verdad.<br data-start=\"1625\" data-end=\"1628\"\/> Al cuarto se le dio muy fuerte en el caballo y lleg\u00f3 muy parado a la muleta<b>. Ya bajo la lluvia, Garc\u00eda Torres intent\u00f3 sacar todo lo que tuvo el de Lagunajanda,<\/b> que materialmente no pod\u00eda desplazarse tras su pelea en el primer tercio. Pero ese empe\u00f1o, y el ser breve al matar, le vali\u00f3 otro ap\u00e9ndice.<\/p>\n<p>Llega el oto\u00f1o y, con \u00e9l, la ca\u00edda de las hojas. En <a title=\"Algemes\u00ed\" href=\"https:\/\/www.larazon.es\/cultura\/toros\/algemesi-tambien-presumira-feria-esta-temporada_2025072868873af4ffbf4a1a6746a729.html\" target=\"_blank\" rel=\"nofollow noopener\">Algemes\u00ed<\/a>, lo que caen son las orejas.<\/p>\n<p>FICHA DEL FESTEJO:<\/p>\n<p>Domingo 21 de septiembre de 2025. Plaza de toros de Algemes\u00ed. Segunda de la Feria de las Novilladas. Lleno.<\/p>\n<p>Se lidiaron cuatro novillos de<b> Lagunajanda,<\/b> muy bien presentados y de buen juego.<\/p>\n<p><b>Marco Polope <\/b>(de blanco y oro), entera y dos descabellos, oreja; dos orejas.<\/p>\n<p><b>Garc\u00eda Torres<\/b> (de azafata y oro), entera, dos orejas; entera, oreja.<\/p>\n<p>De las cuadrillas destac\u00f3 Ra\u00fal Mart\u00ed.<\/p>\n","protected":false},"excerpt":{"rendered":"Como ya es tambi\u00e9n tradicional en la Feria de las Novilladas, la lluvia hizo acto de presencia, pese&hellip;\n","protected":false},"author":2,"featured_media":131227,"comment_status":"","ping_status":"","sticky":false,"template":"","format":"standard","meta":{"footnotes":""},"categories":[277],"tags":[373,168,25,24,23,167,374],"class_list":{"0":"post-131226","1":"post","2":"type-post","3":"status-publish","4":"format-standard","5":"has-post-thumbnail","7":"category-toreo","8":"tag-bullfighting","9":"tag-deportes","10":"tag-es","11":"tag-espana","12":"tag-spain","13":"tag-sports","14":"tag-toreo"},"share_on_mastodon":{"url":"","error":""},"_links":{"self":[{"href":"https:\/\/www.europesays.com\/es\/wp-json\/wp\/v2\/posts\/131226","targetHints":{"allow":["GET"]}}],"collection":[{"href":"https:\/\/www.europesays.com\/es\/wp-json\/wp\/v2\/posts"}],"about":[{"href":"https:\/\/www.europesays.com\/es\/wp-json\/wp\/v2\/types\/post"}],"author":[{"embeddable":true,"href":"https:\/\/www.europesays.com\/es\/wp-json\/wp\/v2\/users\/2"}],"replies":[{"embeddable":true,"href":"https:\/\/www.europesays.com\/es\/wp-json\/wp\/v2\/comments?post=131226"}],"version-history":[{"count":0,"href":"https:\/\/www.europesays.com\/es\/wp-json\/wp\/v2\/posts\/131226\/revisions"}],"wp:featuredmedia":[{"embeddable":true,"href":"https:\/\/www.europesays.com\/es\/wp-json\/wp\/v2\/media\/131227"}],"wp:attachment":[{"href":"https:\/\/www.europesays.com\/es\/wp-json\/wp\/v2\/media?parent=131226"}],"wp:term":[{"taxonomy":"category","embeddable":true,"href":"https:\/\/www.europesays.com\/es\/wp-json\/wp\/v2\/categories?post=131226"},{"taxonomy":"post_tag","embeddable":true,"href":"https:\/\/www.europesays.com\/es\/wp-json\/wp\/v2\/tags?post=131226"}],"curies":[{"name":"wp","href":"https:\/\/api.w.org\/{rel}","templated":true}]}}