{"id":131232,"date":"2025-09-22T07:05:11","date_gmt":"2025-09-22T07:05:11","guid":{"rendered":"https:\/\/www.europesays.com\/es\/131232\/"},"modified":"2025-09-22T07:05:11","modified_gmt":"2025-09-22T07:05:11","slug":"miman-a-luka-tras-adelgazar-mas-de-14-kilos","status":"publish","type":"post","link":"https:\/\/www.europesays.com\/es\/131232\/","title":{"rendered":"miman a Luka tras adelgazar m\u00e1s de 14 kilos"},"content":{"rendered":"<p data-mrf-recirculation=\"Links P\u00e1rrafos\" class=\"ue-c-article__paragraph paragraph ue-c-article--first-letter-highlighted\">En Los \u00c1ngeles y en los <a href=\"https:\/\/www.marca.com\/baloncesto\/los-angeles-lakers.html\" rel=\"nofollow noopener\" target=\"_blank\"><strong>Lakers<\/strong><\/a> existe m\u00e1xima expectaci\u00f3n en lo que a la segunda temporada de <a href=\"https:\/\/www.marca.com\/baloncesto\/luka-doncic.html\" rel=\"nofollow noopener\" target=\"_blank\"><strong>Luka Doncic<\/strong><\/a> vestido de p\u00farpura y oro se refiere.<\/p>\n<p data-mrf-recirculation=\"Links P\u00e1rrafos\" class=\"ue-c-article__paragraph paragraph\">La personalidad y calidad del ex del Real Madrid, sumadas a su <a href=\"https:\/\/www.marca.com\/baloncesto\/nba\/2025\/08\/12\/confirman-kilos-perdidos-doncic-desvelan-mision-venganza-avergonzarlo-peso.html\" rel=\"nofollow noopener\" target=\"_blank\"><strong>transformaci\u00f3n f\u00edsica este verano (ha adelgazado m\u00e1s de 14 kilos)<\/strong><\/a>, han llevado a los Lakers en mimar al m\u00e1ximo a Doncic.<\/p>\n<p>Los Lakers empezaron a preparar su salto al anillo con Luka Doncic&#8230; en el Eurobasket<\/p>\n<p data-mrf-recirculation=\"Links P\u00e1rrafos\" class=\"ue-c-article__paragraph paragraph\"><a href=\"https:\/\/www.marca.com\/baloncesto\/nba\/album\/2025\/06\/19\/jeanie-buss-cerebro-purpura-venta-lakers-10-000-millones-icono-hollywood.html\" rel=\"nofollow noopener\" target=\"_blank\"><strong>Jeanie Buss<\/strong><\/a> y <a href=\"https:\/\/www.marca.com\/en\/basketball\/nba\/los-angeles-lakers\/2025\/09\/20\/68cee7e6e2704e06468b45a7.html\" rel=\"nofollow noopener\" target=\"_blank\"><strong>Rob Pelinka<\/strong><\/a> no dudaron en viajar m\u00e1s de 9.600 kil\u00f3metros para viajar a Polonia con el objetivo de acompa\u00f1ar y arropar a Luka Doncic durante el Eurobasket.<\/p>\n<p><img decoding=\"async\" width=\"2915\" height=\"2000\" class=\"ue-c-article__image lazyload\" alt=\"El plan de los Lakers con el nuevo Doncic para asaltar la NBA: miman a Luka tras adelgazar m\u00e1s de 14 kilos\" loading=\"lazy\" src=\"https:\/\/www.europesays.com\/es\/wp-content\/uploads\/2025\/09\/68d0d27edd3b8.jpeg\"\/><\/p>\n<p>El plan de los Lakers con el nuevo Doncic para asaltar la NBA: miman a Luka tras adelgazar m\u00e1s de 14 kilosEFE<\/p>\n<p data-mrf-recirculation=\"Links P\u00e1rrafos\" class=\"ue-c-article__paragraph paragraph\">\u00abLuka Doncic siente un enorme orgullo y aprecio por sus ra\u00edces y por jugar por su pa\u00eds. Creo que, en las alianzas que tenemos con nuestros jugadores, los Lakers queremos ser conscientes de sus pasiones y de qui\u00e9nes son como personas, y apoyarlos. Por eso, en torno a Luka, fue una decisi\u00f3n de alianza muy sencilla que quisimos apoyar\u00bb, declar\u00f3 Rob Pelinka a la cadena<strong> ESPN<\/strong>.<\/p>\n<p>Los Lakers lo dieron todo por Doncic durante el Eurobasket: \u00abEstamos aqu\u00ed para ayudar en lo que sea\u00bb<\/p>\n<p data-mrf-recirculation=\"Links P\u00e1rrafos\" class=\"ue-c-article__paragraph paragraph\">Doncic, que este verano <strong>firm\u00f3 una extensi\u00f3n de su contrato por 3 a\u00f1os y 165 millones de d\u00f3lares<\/strong>, representa al futuro a corto y medio plazo en los Lakers de LeBron James.<\/p>\n<p data-mrf-recirculation=\"Links P\u00e1rrafos\" class=\"ue-c-article__paragraph paragraph\">Una fuerte cercana a Doncic ha desvelado a<strong> Dave McMenamin<\/strong> que el doctor <strong>Leroy Sims<\/strong> (director de salud de los Lakers), <strong>Lara Beth Seager<\/strong> (directora de marca de Doncic) y <strong>Javy Barrio<\/strong> (fisioterapeuta de Doncic) crearon un chat grupal en el que los Lakers comparti\u00f3 con el entorno de Doncic que <strong>\u00aboigan, estamos aqu\u00ed para ayudar en lo que sea\u00bb<\/strong>.<\/p>\n<p><img decoding=\"async\" width=\"3000\" height=\"1995\" class=\"ue-c-article__image lazyload\" alt=\"El plan de los Lakers con el nuevo Doncic para asaltar la NBA: miman a Luka tras adelgazar m\u00e1s de 14 kilos\" loading=\"lazy\" src=\"https:\/\/www.europesays.com\/es\/wp-content\/uploads\/2025\/09\/68d0d2b50112c.jpeg\"\/><\/p>\n<p>El plan de los Lakers con el nuevo Doncic para asaltar la NBA: miman a Luka tras adelgazar m\u00e1s de 14 kilosEFE<\/p>\n<p data-mrf-recirculation=\"Links P\u00e1rrafos\" class=\"ue-c-article__paragraph paragraph\">La implicaci\u00f3n de los Lakers con Doncic durante el Eurobasket fue tan grande que hasta el entrenador asistente Greg St. Jean estuvo 40 d\u00edas con la selecci\u00f3n de Eslovenia y a Luka le ofrecieron la colaboraci\u00f3n del encargado de material d de la franquicia.<\/p>\n<p data-mrf-recirculation=\"Links P\u00e1rrafos\" class=\"ue-c-article__paragraph paragraph\">Los Lakerssaben que, para demostrar su confianza y aprecio por Doncic, necesitaban demostrar una inversi\u00f3n proporcional por \u00e9l.<\/p>\n<p>Los Lakers subrayaron las mejoras defensivas de Doncic y su capacidad de liderazgo durante el Eurobasket<\/p>\n<p data-mrf-recirculation=\"Links P\u00e1rrafos\" class=\"ue-c-article__paragraph paragraph\">La confianza de los Lakers en Luka Doncic ayud\u00f3 al esloveno a <strong>promediar 34,7 puntos por partido<\/strong> y ser<strong> nombrado en el Quinteto Ideal<\/strong>, aunque Eslovenia perdi\u00f3 en cuartos de final contra Alemania.<\/p>\n<blockquote class=\"ue-c-article__blockquote\">\n<p>Desde una perspectiva de liderazgo, apoyo que los jugadores jueguen al baloncesto fuera de temporada<\/p>\n<p>Rob Pelinka<\/p><\/blockquote>\n<p data-mrf-recirculation=\"Links P\u00e1rrafos\" class=\"ue-c-article__paragraph paragraph\">Los t\u00e9cnico y analistas de los Lakers quedaron impresionados por la movilidad y rendimiento de Doncic tras su transformacin f\u00edsica, subrayando su mejor defensiva y liderazgo sobre la pista.<\/p>\n<p data-mrf-recirculation=\"Links P\u00e1rrafos\" class=\"ue-c-article__paragraph paragraph\">\u00abDesde una perspectiva de liderazgo, apoyo que los jugadores jueguen al baloncesto fuera de temporada. Creo que, en cierto sentido, se podr\u00eda decir que parte de la pretemporada y, en cierto modo, la perspectiva actual del baloncesto, especialmente en Estados Unidos, se centra en el trabajo individual. Y creo que ese tipo de ambiente de equipo puede perderse\u00bb, opin\u00f3 Rob Pelinka.<\/p>\n<p data-mrf-recirculation=\"Links P\u00e1rrafos\" class=\"ue-c-article__paragraph paragraph\">Con el inicio del campamento de pretemporada a finales de septiembre Doncic y los Lakers ven en su verano en el EuroBasket como la preparaci\u00f3n perfecta para la temporada NBA.<\/p>\n","protected":false},"excerpt":{"rendered":"En Los \u00c1ngeles y en los Lakers existe m\u00e1xima expectaci\u00f3n en lo que a la segunda temporada de&hellip;\n","protected":false},"author":2,"featured_media":131233,"comment_status":"","ping_status":"","sticky":false,"template":"","format":"standard","meta":{"footnotes":""},"categories":[269],"tags":[299,298,168,25,24,23,167],"class_list":{"0":"post-131232","1":"post","2":"type-post","3":"status-publish","4":"format-standard","5":"has-post-thumbnail","7":"category-baloncesto","8":"tag-baloncesto","9":"tag-basketball","10":"tag-deportes","11":"tag-es","12":"tag-espana","13":"tag-spain","14":"tag-sports"},"share_on_mastodon":{"url":"","error":""},"_links":{"self":[{"href":"https:\/\/www.europesays.com\/es\/wp-json\/wp\/v2\/posts\/131232","targetHints":{"allow":["GET"]}}],"collection":[{"href":"https:\/\/www.europesays.com\/es\/wp-json\/wp\/v2\/posts"}],"about":[{"href":"https:\/\/www.europesays.com\/es\/wp-json\/wp\/v2\/types\/post"}],"author":[{"embeddable":true,"href":"https:\/\/www.europesays.com\/es\/wp-json\/wp\/v2\/users\/2"}],"replies":[{"embeddable":true,"href":"https:\/\/www.europesays.com\/es\/wp-json\/wp\/v2\/comments?post=131232"}],"version-history":[{"count":0,"href":"https:\/\/www.europesays.com\/es\/wp-json\/wp\/v2\/posts\/131232\/revisions"}],"wp:featuredmedia":[{"embeddable":true,"href":"https:\/\/www.europesays.com\/es\/wp-json\/wp\/v2\/media\/131233"}],"wp:attachment":[{"href":"https:\/\/www.europesays.com\/es\/wp-json\/wp\/v2\/media?parent=131232"}],"wp:term":[{"taxonomy":"category","embeddable":true,"href":"https:\/\/www.europesays.com\/es\/wp-json\/wp\/v2\/categories?post=131232"},{"taxonomy":"post_tag","embeddable":true,"href":"https:\/\/www.europesays.com\/es\/wp-json\/wp\/v2\/tags?post=131232"}],"curies":[{"name":"wp","href":"https:\/\/api.w.org\/{rel}","templated":true}]}}