{"id":131234,"date":"2025-09-22T07:06:13","date_gmt":"2025-09-22T07:06:13","guid":{"rendered":"https:\/\/www.europesays.com\/es\/131234\/"},"modified":"2025-09-22T07:06:13","modified_gmt":"2025-09-22T07:06:13","slug":"ferran-torres-y-dani-olmo-dan-la-victoria-al-barca-frente-al-getafe-3-0","status":"publish","type":"post","link":"https:\/\/www.europesays.com\/es\/131234\/","title":{"rendered":"Ferr\u00e1n Torres y Dani Olmo dan la victoria al Bar\u00e7a frente al Getafe (3-0)"},"content":{"rendered":"<p class=\"articleParagraph\"><b>Un doblete de Ferr\u00e1n Torres y otro gol de Dani Olmo<\/b> han dado la victoria al FC Barcelona frente al Getafe. Los cul\u00e9s, con estos tres puntos, afianzan as\u00ed la segunda posici\u00f3n en la clasificaci\u00f3n y no pierden de vista la estela del Real Madrid, que contin\u00faa l\u00edder.<\/p>\n<p class=\"articleParagraph\">El segundo partido en el Johan Cruyff comenz\u00f3 con una sorpresa: <b>banquillazo a Rashford tras su doblete en Champions<\/b> ante el Newcastle. Supuestamente, lleg\u00f3 tarde al entrenamiento, tal y como inform\u00f3 Mundo Deportivo y Hansi Flick le castig\u00f3 con la suplencia, aunque en la segunda parte disput\u00f3 los 45 minutos al completo.<\/p>\n<p class=\"articleParagraph\">Desde el principio del partido, Ferr\u00e1n Torres se le notaban sus ganas de marcar.<b> En el minuto 7 tuvo la primera ocasi\u00f3n<\/b>, pero Domingos Duarte le bloque\u00f3 el tiro. En la siguiente jugada, lleg\u00f3 el gol. Una gran jugada colectiva: una triangulaci\u00f3n entre Kound\u00e9 y Dani Olmo que, de tac\u00f3n, le pas\u00f3 el bal\u00f3n a Torres que bati\u00f3 a David Soria con un derechazo.<\/p>\n<p class=\"articleParagraph\">Con el paso de los minutos, el Bar\u00e7a comenz\u00f3 a controlar el partido y<b> tan solo veinte minutos despu\u00e9s del primer tanto, lleg\u00f3 el segundo<\/b>. Una gran contra de los cul\u00e9s, que aprovecharon un error del Getafe a la salida de un c\u00f3rner. Raphinha recibi\u00f3 el bal\u00f3n en su propio campo y empez\u00f3 a correr como una exhalaci\u00f3n. Le pas\u00f3 el bal\u00f3n a Ferr\u00e1n que se qued\u00f3 solo ante Soria y le supero con un potente disparo.<\/p>\n<p class=\"articleParagraph\">Antes del descanso, el delantero cul\u00e9 <b>pudo anotar un hat-trick<\/b>, pero el guardameta del Getafe y el larguero se lo impideron. As\u00ed las cosas, la segunda mitad comenz\u00f3 con la ocasi\u00f3n m\u00e1s clara para los azulones. Una volea de Javi Mu\u00f1oz que se fue rozando el poste.<\/p>\n<p class=\"articleParagraph\">Si bien, el Bar\u00e7a estaba muy c\u00f3modo sobre el terreno de juego y pronto lleg\u00f3 el tercero y definitivo. <b>Un pase filtrado de Casad\u00f3 a Rashford<\/b> que se fue hasta el fondo del campo. Desde ah\u00ed, pas\u00f3 el bal\u00f3n al punto de penaltidesde donde Dani Olmo anot\u00f3 a placer.<\/p>\n<p class=\"articleParagraph\">El marcador no se movi\u00f3 en lo que quedaba de partido y el Bar\u00e7a se llev\u00f3 los tres puntos, que le permiten afianzar la segunda posici\u00f3n en la tabla y seguir la estela del Real Madrid, el \u00fanico equipo que ha hecho pleno de victorias,<\/p>\n","protected":false},"excerpt":{"rendered":"Un doblete de Ferr\u00e1n Torres y otro gol de Dani Olmo han dado la victoria al FC Barcelona&hellip;\n","protected":false},"author":2,"featured_media":131235,"comment_status":"","ping_status":"","sticky":false,"template":"","format":"standard","meta":{"footnotes":""},"categories":[268],"tags":[168,25,24,280,282,281,23,167],"class_list":{"0":"post-131234","1":"post","2":"type-post","3":"status-publish","4":"format-standard","5":"has-post-thumbnail","7":"category-futbol","8":"tag-deportes","9":"tag-es","10":"tag-espana","11":"tag-football","12":"tag-futbol","13":"tag-soccer","14":"tag-spain","15":"tag-sports"},"share_on_mastodon":{"url":"","error":""},"_links":{"self":[{"href":"https:\/\/www.europesays.com\/es\/wp-json\/wp\/v2\/posts\/131234","targetHints":{"allow":["GET"]}}],"collection":[{"href":"https:\/\/www.europesays.com\/es\/wp-json\/wp\/v2\/posts"}],"about":[{"href":"https:\/\/www.europesays.com\/es\/wp-json\/wp\/v2\/types\/post"}],"author":[{"embeddable":true,"href":"https:\/\/www.europesays.com\/es\/wp-json\/wp\/v2\/users\/2"}],"replies":[{"embeddable":true,"href":"https:\/\/www.europesays.com\/es\/wp-json\/wp\/v2\/comments?post=131234"}],"version-history":[{"count":0,"href":"https:\/\/www.europesays.com\/es\/wp-json\/wp\/v2\/posts\/131234\/revisions"}],"wp:featuredmedia":[{"embeddable":true,"href":"https:\/\/www.europesays.com\/es\/wp-json\/wp\/v2\/media\/131235"}],"wp:attachment":[{"href":"https:\/\/www.europesays.com\/es\/wp-json\/wp\/v2\/media?parent=131234"}],"wp:term":[{"taxonomy":"category","embeddable":true,"href":"https:\/\/www.europesays.com\/es\/wp-json\/wp\/v2\/categories?post=131234"},{"taxonomy":"post_tag","embeddable":true,"href":"https:\/\/www.europesays.com\/es\/wp-json\/wp\/v2\/tags?post=131234"}],"curies":[{"name":"wp","href":"https:\/\/api.w.org\/{rel}","templated":true}]}}