{"id":131236,"date":"2025-09-22T07:07:08","date_gmt":"2025-09-22T07:07:08","guid":{"rendered":"https:\/\/www.europesays.com\/es\/131236\/"},"modified":"2025-09-22T07:07:08","modified_gmt":"2025-09-22T07:07:08","slug":"asi-es-la-granja-de-mas-de-un-millon-de-euros-que-ed-sheeran-se-ha-comprado-en-secreto-en-inglaterra","status":"publish","type":"post","link":"https:\/\/www.europesays.com\/es\/131236\/","title":{"rendered":"As\u00ed es la granja de m\u00e1s de un mill\u00f3n de euros que Ed Sheeran se ha comprado en secreto en Inglaterra"},"content":{"rendered":"<p><b>Ed Sheeran<\/b> ha sumado una<b> nueva propiedad<\/b> a su ya extenso patrimonio inmobiliario en <b>Suffolk,<\/b> el condado rural del este de Inglaterra donde naci\u00f3 y reside habitualmente. Seg\u00fan revel\u00f3 The Sun, <b>el m\u00fasico adquiri\u00f3 una granja valorada en alrededor de 1,17 millones de euros<\/b> (un mill\u00f3n de libras) con la intenci\u00f3n de ampliar los terrenos que rodean su complejo privado, apodado por la prensa brit\u00e1nica como <b>Sheeranville<\/b>.<\/p>\n<p>El <b>m\u00fasico <\/b>est\u00e1 l<b>levando a cabo<\/b> importantes<b> reformas<\/b> en las <b>antiguas naves agr\u00edcolas<\/b>, adapt\u00e1ndolas para distintos usos, tanto creativos como de ocio. Entre las transformaciones m\u00e1s destacadas se encuentran la <b>habilitaci\u00f3n de un estudio de grabaci\u00f3n<\/b>, una <b>sala con equipamiento de ocio<\/b> y espacios destinados a la <b>producci\u00f3n musical<\/b>.<\/p>\n<p>La <b>nueva finc<\/b>a incluye <b>reformas <\/b>en e<b>l interior<\/b> y el <b>exterior<\/b>. Se est\u00e1n r<b>ehabilitando<\/b> los <b>jardines<\/b>, instalando una <b>cocina al aire libre<\/b> y <b>habilitando zonas para el cultivo de hortalizas<\/b>. El plan contempla tambi\u00e9n un <b>gimnasi<\/b>o, una sala con <b>mesa de billar<\/b>, un <b>bar<\/b> y espacios destinados a <b>oficina<\/b> y <b>biblioteca<\/b>. Como <b>detalle llamativo<\/b>, la propiedad contar\u00e1 con una <b>bolera<\/b>, una i<b>dea que su esposa Cherry hab\u00eda rechazado previamente <\/b>en la vivienda principal.<\/p>\n<p><b>Suffolk <\/b>se ha convertido en el lugar elegido por Sheeran para mantener un <b>refugio alejado de los focos de Londres<\/b>. All\u00ed ya <b>posee varias casas y parcelas<\/b>, donde ha <b>invertido en proyectos<\/b> singulares como un <b>estanque de vida silvestre<\/b> y hasta un <b>pub privado<\/b>.<\/p>\n","protected":false},"excerpt":{"rendered":"Ed Sheeran ha sumado una nueva propiedad a su ya extenso patrimonio inmobiliario en Suffolk, el condado rural&hellip;\n","protected":false},"author":2,"featured_media":131237,"comment_status":"","ping_status":"","sticky":false,"template":"","format":"standard","meta":{"footnotes":""},"categories":[174],"tags":[255,146,147,25,24,256,23],"class_list":{"0":"post-131236","1":"post","2":"type-post","3":"status-publish","4":"format-standard","5":"has-post-thumbnail","7":"category-famosos","8":"tag-celebrities","9":"tag-entertainment","10":"tag-entretenimiento","11":"tag-es","12":"tag-espana","13":"tag-famosos","14":"tag-spain"},"share_on_mastodon":{"url":"","error":""},"_links":{"self":[{"href":"https:\/\/www.europesays.com\/es\/wp-json\/wp\/v2\/posts\/131236","targetHints":{"allow":["GET"]}}],"collection":[{"href":"https:\/\/www.europesays.com\/es\/wp-json\/wp\/v2\/posts"}],"about":[{"href":"https:\/\/www.europesays.com\/es\/wp-json\/wp\/v2\/types\/post"}],"author":[{"embeddable":true,"href":"https:\/\/www.europesays.com\/es\/wp-json\/wp\/v2\/users\/2"}],"replies":[{"embeddable":true,"href":"https:\/\/www.europesays.com\/es\/wp-json\/wp\/v2\/comments?post=131236"}],"version-history":[{"count":0,"href":"https:\/\/www.europesays.com\/es\/wp-json\/wp\/v2\/posts\/131236\/revisions"}],"wp:featuredmedia":[{"embeddable":true,"href":"https:\/\/www.europesays.com\/es\/wp-json\/wp\/v2\/media\/131237"}],"wp:attachment":[{"href":"https:\/\/www.europesays.com\/es\/wp-json\/wp\/v2\/media?parent=131236"}],"wp:term":[{"taxonomy":"category","embeddable":true,"href":"https:\/\/www.europesays.com\/es\/wp-json\/wp\/v2\/categories?post=131236"},{"taxonomy":"post_tag","embeddable":true,"href":"https:\/\/www.europesays.com\/es\/wp-json\/wp\/v2\/tags?post=131236"}],"curies":[{"name":"wp","href":"https:\/\/api.w.org\/{rel}","templated":true}]}}