{"id":131242,"date":"2025-09-22T07:11:13","date_gmt":"2025-09-22T07:11:13","guid":{"rendered":"https:\/\/www.europesays.com\/es\/131242\/"},"modified":"2025-09-22T07:11:13","modified_gmt":"2025-09-22T07:11:13","slug":"ilegales-se-baja-de-los-escenarios-para-que-su-vocalista-jorge-martinez-se-someta-a-un-tratamiento-contra-el-cancer","status":"publish","type":"post","link":"https:\/\/www.europesays.com\/es\/131242\/","title":{"rendered":"Ilegales se baja de los escenarios para que su vocalista Jorge Mart\u00ednez se someta a un tratamiento contra el c\u00e1ncer"},"content":{"rendered":"<p>La banda de rock <a title=\"Ilegales\" href=\"https:\/\/www.larazon.es\/cultura\/musica\/20220225\/jo3hpyijw5gyxhdavjol2r2mge.html\" target=\"_blank\" rel=\"nofollow noopener\"><b>Ilegales<\/b><\/a>, que ten\u00eda programado un concierto en Escenario Santander el 15 de noviembre, ha anunciado la <b>cancelaci\u00f3n de toda sus conciertos previstos indefinidamente<\/b>, debido a los problemas de salud de su l\u00edder, vocalista y guitarrista, <a title=\"Jorge Mart\u00ednez.\" href=\"https:\/\/www.larazon.es\/cultura\/jorge-martinez-de-ilegales-no-reconozco-naciones-ni-fronteras-ni-banderas-DA20752199\/\" target=\"_blank\" rel=\"nofollow noopener\">Jorge Mart\u00ednez.<\/a><\/p>\n<p>Seg\u00fan ha informado el grupo en un comunicado oficial, <b>el m\u00fasico deber\u00e1 someterse a un tratamiento contra el c\u00e1ncer<\/b>, lo que obliga a detener por completo la actividad en directo.<\/p>\n<p>En los \u00faltimos meses, Ilegales ya hab\u00eda tenido que cancelar varias actuaciones por esta situaci\u00f3n, entre ellas el concierto previsto para el d\u00eda 14 de septiembre en las fiestas de San Mateo en Oviedo.<b> Esta situaci\u00f3n \u00abse ha complicado m\u00e1s de lo previsto inicialmente\u00bb. <\/b><\/p>\n<p>Ante este escenario, la banda recalca que la decisi\u00f3n, <b>\u00abtan dif\u00edcil como inevitable\u00bb<\/b>, responde exclusivamente a la necesidad de que Mart\u00ednez concentre todas sus energ\u00edas en la recuperaci\u00f3n.<\/p>\n<p>La formaci\u00f3n asturiana, con m\u00e1s de cuatro d\u00e9cadas de trayectoria en los escenarios, ha querido expresar<b> su \u00abprofundo agradecimiento\u00bb al p\u00fablico<\/b> que siempre les ha acompa\u00f1ado, as\u00ed como disculparse con las personas que hab\u00edan adquirido entradas o planeado asistir a los pr\u00f3ximos conciertos.<\/p>\n<p>\u00abHoy m\u00e1s que nunca <b>es momento de poner la salud por delante de todo\u00bb<\/b>, se\u00f1ala la nota difundida, en la que el grupo conf\u00eda en que la fortaleza y el car\u00e1cter \u00abindomable\u00bb de su l\u00edder le permitan superar esta etapa complicada para volver a reunirse con sus seguidores.<\/p>\n","protected":false},"excerpt":{"rendered":"La banda de rock Ilegales, que ten\u00eda programado un concierto en Escenario Santander el 15 de noviembre, ha&hellip;\n","protected":false},"author":2,"featured_media":131243,"comment_status":"","ping_status":"","sticky":false,"template":"","format":"standard","meta":{"footnotes":""},"categories":[170],"tags":[146,147,25,24,184,185,23],"class_list":{"0":"post-131242","1":"post","2":"type-post","3":"status-publish","4":"format-standard","5":"has-post-thumbnail","7":"category-musica","8":"tag-entertainment","9":"tag-entretenimiento","10":"tag-es","11":"tag-espana","12":"tag-music","13":"tag-musica","14":"tag-spain"},"share_on_mastodon":{"url":"","error":""},"_links":{"self":[{"href":"https:\/\/www.europesays.com\/es\/wp-json\/wp\/v2\/posts\/131242","targetHints":{"allow":["GET"]}}],"collection":[{"href":"https:\/\/www.europesays.com\/es\/wp-json\/wp\/v2\/posts"}],"about":[{"href":"https:\/\/www.europesays.com\/es\/wp-json\/wp\/v2\/types\/post"}],"author":[{"embeddable":true,"href":"https:\/\/www.europesays.com\/es\/wp-json\/wp\/v2\/users\/2"}],"replies":[{"embeddable":true,"href":"https:\/\/www.europesays.com\/es\/wp-json\/wp\/v2\/comments?post=131242"}],"version-history":[{"count":0,"href":"https:\/\/www.europesays.com\/es\/wp-json\/wp\/v2\/posts\/131242\/revisions"}],"wp:featuredmedia":[{"embeddable":true,"href":"https:\/\/www.europesays.com\/es\/wp-json\/wp\/v2\/media\/131243"}],"wp:attachment":[{"href":"https:\/\/www.europesays.com\/es\/wp-json\/wp\/v2\/media?parent=131242"}],"wp:term":[{"taxonomy":"category","embeddable":true,"href":"https:\/\/www.europesays.com\/es\/wp-json\/wp\/v2\/categories?post=131242"},{"taxonomy":"post_tag","embeddable":true,"href":"https:\/\/www.europesays.com\/es\/wp-json\/wp\/v2\/tags?post=131242"}],"curies":[{"name":"wp","href":"https:\/\/api.w.org\/{rel}","templated":true}]}}