{"id":131246,"date":"2025-09-22T07:13:16","date_gmt":"2025-09-22T07:13:16","guid":{"rendered":"https:\/\/www.europesays.com\/es\/131246\/"},"modified":"2025-09-22T07:13:16","modified_gmt":"2025-09-22T07:13:16","slug":"goleada-ante-el-deportivo-con-doblete-de-dabritz","status":"publish","type":"post","link":"https:\/\/www.europesays.com\/es\/131246\/","title":{"rendered":"Goleada ante el Deportivo con doblete de D\u00e4britz"},"content":{"rendered":"<p>El <b>Real Madrid<\/b> sum\u00f3 su segunda victoria en la <b>Liga F<\/b> tras derrotar al Deportivo de La Coru\u00f1a en el <b>Alfredo Di St\u00e9fano<\/b>. Nuestro equipo encarril\u00f3 el partido con dos goles en los primeros 10 minutos, obra de <b>Weir<\/b> y <b>D\u00e4britz<\/b>. Luego se sobrepuso a la expulsi\u00f3n de <b>Shei<\/b> antes del descanso y rubric\u00f3 su superioridad en la segunda parte con el segundo tanto de la alemana y el de <b>Athenea<\/b> en el descuento. Con este triunfo, el Madrid completa una semana perfecta tras la clasificaci\u00f3n para la Women\u2019s Champions League el pasado jueves.<\/p>\n<p>El <b><a href=\"https:\/\/www.realmadrid.com\/es-ES\/noticias\/futbol\/primer-equipo-femenino\/actualidad\/homenaje-a-las-campeonas-del-europeo-sub-19-21-09-2025\" rel=\"nofollow noopener\" target=\"_blank\">homenaje del Di St\u00e9fano a las campeonas del Europeo sub-19<\/a><\/b> dio paso a un encuentro que las nuestras pusieron de cara muy pronto. No se cumpl\u00eda el minuto 2 cuando el <b>Madrid<\/b> se adelant\u00f3 en el marcador. <b>Redondo<\/b> remat\u00f3 un centro desde la derecha de <b>Eva Navarro<\/b> que dio en el poste. El bal\u00f3n le lleg\u00f3 a <b>Weir<\/b> que, con un fuerte disparo dentro del \u00e1rea, estableci\u00f3 el 1-0. Las de Pau Quesada no se conformaron y siguieron apretando. Ocho minutos despu\u00e9s llegar\u00eda el segundo tanto local, de nuevo con el protagonismo de Eva Navarro. Un pase magistral entre l\u00edneas de la delantera dej\u00f3 sola a <b>D\u00e4britz<\/b>. La alemana defini\u00f3 con calidad ante In\u00e9s Pereira para ampliar la ventaja.<\/p>\n<p><b>El Madrid, con 10<br \/><\/b>El asedio madridista no ces\u00f3 en los siguientes minutos y <b>Weir<\/b> tuvo la oportunidad de anotar el tercero, pero esta vez su disparo lo desvi\u00f3 a c\u00f3rner la guardameta del conjunto gallego. Con el Madrid ejerciendo un control total del encuentro, una jugada aislada y desafortunada le dej\u00f3 en inferioridad num\u00e9rica con la expulsi\u00f3n de <b>Shei<\/b> en el 33\u2019. En un bal\u00f3n dividido, la defensa levant\u00f3 el pie e impact\u00f3 en Olaya. Elena Pel\u00e1ez le mostr\u00f3 la tarjeta roja. Pau Quesada pidi\u00f3 la revisi\u00f3n, pero la colegiada, tras acudir al FVS (Football Video Support), ratific\u00f3 su decisi\u00f3n.<\/p>\n<p><b>Sentencia<\/b> <b>D\u00e4britz<br \/><\/b>A pesar de estar con una jugadora menos, el <b>Madrid<\/b> mantuvo el dominio del encuentro en la segunda parte. Bien replegadas en defensa, el Deportivo apenas inquiet\u00f3 la porter\u00eda de <b>Frohms<\/b>. Un robo de <b>Lakrar<\/b>, que se marchar\u00eda lesionada despu\u00e9s, fue el inicio del tercer gol en el minuto 54. Recuper\u00f3 en el centro del campo y cedi\u00f3 a <b>Redondo,<\/b> que con un toque de primeras habilito a <b>D\u00e4britz. <\/b>La alemana volvi\u00f3 a quedarse sola ante In\u00e9s Pereira y no perdon\u00f3 su tercer gol con nuestra camiseta. Las gallegas intentaron reducir diferencias en el tramo final pero los cambios permitieron a las nuestras mantener el ritmo y frescura. <b>Athenea<\/b> cerr\u00f3 la goleada con el cuarto tanto en el tiempo a\u00f1adido despu\u00e9s de rematar un pase al punto de penalti de <b>Linda C.<\/b> Feller incluso tuvo el quinto con un disparo que dio en el poste. Gran victoria con la porter\u00eda a cero.<\/p>\n<p><b>FICHA T\u00c9CNICA:<br \/>4-Real Madrid:<\/b>\u00a0Frohms, Shei,\u00a0Lakrar (Silvia Crist\u00f3bal, 60\u2019),\u00a0M. M\u00e9ndez,\u00a0Holmgaard,\u00a0Angeldahl (Bennisson, 80\u2019) Weir (Linda C., 72\u2019), D\u00e4britz, Athenea,\u00a0Eva Navarro (Feller, 60\u2019) y\u00a0Redondo (Antonia Silva, 60\u2019).<br \/><b>0-Deportivo de La Coru\u00f1a:<\/b>\u00a0In\u00e9s Pereira, Artero (Vera, 46\u2019), Paula G. (Luc\u00eda, 68\u2019), Olaya, Ainhoa, Marisa, B\u00e1rbara (Monteagudo, 68\u2019), Elena (Eva, 80\u2019), Barth, P. Novo y Redru (Henar, 46\u2019).<\/p>\n<p><b>Goles:<br \/>1-0\u00a0<\/b>(min. 2):<b>\u00a0Weir.<br \/>2-0\u00a0<\/b>(min. 10):<b>\u00a0D\u00e4britz.<br \/>3-0\u00a0<\/b>(min. 54):<b>\u00a0D\u00e4britz<br \/>4-0\u00a0<\/b>(min. 93):<b>\u00a0Athenea.<\/b><\/p>\n","protected":false},"excerpt":{"rendered":"El Real Madrid sum\u00f3 su segunda victoria en la Liga F tras derrotar al Deportivo de La Coru\u00f1a&hellip;\n","protected":false},"author":2,"featured_media":107148,"comment_status":"","ping_status":"","sticky":false,"template":"","format":"standard","meta":{"footnotes":""},"categories":[93],"tags":[168,25,24,23,167],"class_list":{"0":"post-131246","1":"post","2":"type-post","3":"status-publish","4":"format-standard","5":"has-post-thumbnail","7":"category-deportes","8":"tag-deportes","9":"tag-es","10":"tag-espana","11":"tag-spain","12":"tag-sports"},"share_on_mastodon":{"url":"","error":""},"_links":{"self":[{"href":"https:\/\/www.europesays.com\/es\/wp-json\/wp\/v2\/posts\/131246","targetHints":{"allow":["GET"]}}],"collection":[{"href":"https:\/\/www.europesays.com\/es\/wp-json\/wp\/v2\/posts"}],"about":[{"href":"https:\/\/www.europesays.com\/es\/wp-json\/wp\/v2\/types\/post"}],"author":[{"embeddable":true,"href":"https:\/\/www.europesays.com\/es\/wp-json\/wp\/v2\/users\/2"}],"replies":[{"embeddable":true,"href":"https:\/\/www.europesays.com\/es\/wp-json\/wp\/v2\/comments?post=131246"}],"version-history":[{"count":0,"href":"https:\/\/www.europesays.com\/es\/wp-json\/wp\/v2\/posts\/131246\/revisions"}],"wp:featuredmedia":[{"embeddable":true,"href":"https:\/\/www.europesays.com\/es\/wp-json\/wp\/v2\/media\/107148"}],"wp:attachment":[{"href":"https:\/\/www.europesays.com\/es\/wp-json\/wp\/v2\/media?parent=131246"}],"wp:term":[{"taxonomy":"category","embeddable":true,"href":"https:\/\/www.europesays.com\/es\/wp-json\/wp\/v2\/categories?post=131246"},{"taxonomy":"post_tag","embeddable":true,"href":"https:\/\/www.europesays.com\/es\/wp-json\/wp\/v2\/tags?post=131246"}],"curies":[{"name":"wp","href":"https:\/\/api.w.org\/{rel}","templated":true}]}}