{"id":131249,"date":"2025-09-22T07:15:14","date_gmt":"2025-09-22T07:15:14","guid":{"rendered":"https:\/\/www.europesays.com\/es\/131249\/"},"modified":"2025-09-22T07:15:14","modified_gmt":"2025-09-22T07:15:14","slug":"angelina-jolie-deslumbra-en-san-sebastian","status":"publish","type":"post","link":"https:\/\/www.europesays.com\/es\/131249\/","title":{"rendered":"Angelina Jolie deslumbra en San Sebasti\u00e1n"},"content":{"rendered":"<p><a href=\"https:\/\/as.com\/tikitakas\/\" title=\"Fotorrelato\" class=\"sh_t_l\" rel=\"nofollow noopener\" target=\"_blank\"><img loading=\"lazy\" decoding=\"async\" encoding=\"async\" fetchpriority=\"low\" src=\"https:\/\/static.as.com\/dist\/resources\/images\/v2\/logos\/section-header\/as-tikitakas.svg\" alt=\"Tikitakas\" class=\"logo-tk sh_t_logo\" height=\"28\" width=\"97\"\/><\/a><\/p>\n<p>Festival de San Sebasti\u00e1nLa actriz de 50 a\u00f1os nacida en Los \u00c1ngeles se ha llevado todas las miradas en alfombra roja del Festival de San Sebasti\u00e1n, donde ha acudido para presentar su nuevo pel\u00edcula, \u2018Couture\u2019.<\/p>\n<p><img decoding=\"async\" src=\"https:\/\/www.europesays.com\/es\/wp-content\/uploads\/2025\/09\/WBKAHODPJNA2FAUQ747X5EFFLI.jpg\" alt=\"La actriz y directora Angelina Jolie durante la presentaci\u00f3n de la pel\u00edcula \u2018Couture\u2019, en la 73\u00aa edici\u00f3n del Festival de Cine de San Sebasti\u00e1n, en el Palacio de Congresos y Auditorio Kursaal.\" height=\"9\" width=\"16\"   loading=\"eager\"\/>Juan Naharro Gimenez Actualizado a 22 de septiembre de 2025 08:51 CEST<img decoding=\"async\" src=\"https:\/\/www.europesays.com\/es\/wp-content\/uploads\/2025\/09\/MIXMNKERXJD5PNB5UDZK6UXXXU.JPG\" alt=\"La actriz y directora Angelina Jolie durante la presentaci\u00f3n de la pel\u00edcula \u2018Couture\u2019, en la 73\u00aa edici\u00f3n del Festival de Cine de San Sebasti\u00e1n, en el Palacio de Congresos y Auditorio Kursaal.\" class=\"event__photostory\" height=\"2206\" width=\"1655\"   loading=\"lazy\"\/>FOTO: Pankra Nieto \/ REUTERSLa actriz y directora Angelina Jolie durante la presentaci\u00f3n de la pel\u00edcula \u2018Couture\u2019, en la 73\u00aa edici\u00f3n del Festival de Cine de San Sebasti\u00e1n, en el Palacio de Congresos y Auditorio Kursaal.<img decoding=\"async\" src=\"https:\/\/www.europesays.com\/es\/wp-content\/uploads\/2025\/09\/EWSODUR36FF5NOEYH6HYZ3URB4.JPG\" alt=\"La actriz y directora Angelina Jolie durante la presentaci\u00f3n de la pel\u00edcula \u2018Couture\u2019, en la 73\u00aa edici\u00f3n del Festival de Cine de San Sebasti\u00e1n, en el Palacio de Congresos y Auditorio Kursaal.\" class=\"event__photostory\" height=\"3876\" width=\"2477\"   loading=\"lazy\"\/>FOTO: Pankra Nieto \/ REUTERSLa actriz y directora Angelina Jolie durante la presentaci\u00f3n de la pel\u00edcula \u2018Couture\u2019, en la 73\u00aa edici\u00f3n del Festival de Cine de San Sebasti\u00e1n, en el Palacio de Congresos y Auditorio Kursaal.<img decoding=\"async\" src=\"https:\/\/www.europesays.com\/es\/wp-content\/uploads\/2025\/09\/LY426JI3UVAGLLDLXHSVBYCH6I.jpg\" alt=\"La actriz y directora Angelina Jolie durante la presentaci\u00f3n de la pel\u00edcula \u2018Couture\u2019, en la 73\u00aa edici\u00f3n del Festival de Cine de San Sebasti\u00e1n, en el Palacio de Congresos y Auditorio Kursaal.\" class=\"event__photostory\" height=\"3839\" width=\"2909\"   loading=\"lazy\"\/>FOTO: JB Lacroix \/ WireImageLa actriz y directora Angelina Jolie durante la presentaci\u00f3n de la pel\u00edcula \u2018Couture\u2019, en la 73\u00aa edici\u00f3n del Festival de Cine de San Sebasti\u00e1n, en el Palacio de Congresos y Auditorio Kursaal.<img decoding=\"async\" src=\"https:\/\/www.europesays.com\/es\/wp-content\/uploads\/2025\/09\/37O66H4DXNENJPFJLSS5BB7J4A.jpg\" alt=\"La actriz y directora Angelina Jolie durante la presentaci\u00f3n de la pel\u00edcula \u2018Couture\u2019, en la 73\u00aa edici\u00f3n del Festival de Cine de San Sebasti\u00e1n, en el Palacio de Congresos y Auditorio Kursaal.\" class=\"event__photostory\" height=\"2696\" width=\"4045\"   loading=\"lazy\"\/>FOTO: Unanue \/ Europa PressLa actriz y directora Angelina Jolie durante la presentaci\u00f3n de la pel\u00edcula \u2018Couture\u2019, en la 73\u00aa edici\u00f3n del Festival de Cine de San Sebasti\u00e1n, en el Palacio de Congresos y Auditorio Kursaal.<img decoding=\"async\" src=\"https:\/\/www.europesays.com\/es\/wp-content\/uploads\/2025\/09\/VC7GD4HGDRELHFGTIZZ7S3MW2M.jpg\" alt=\"La actriz y directora Angelina Jolie durante la presentaci\u00f3n de la pel\u00edcula \u2018Couture\u2019, en la 73\u00aa edici\u00f3n del Festival de Cine de San Sebasti\u00e1n, en el Palacio de Congresos y Auditorio Kursaal.\" class=\"event__photostory\" height=\"2872\" width=\"4308\"   loading=\"lazy\"\/>FOTO: Unanue \/ Europa PressLa actriz y directora Angelina Jolie durante la presentaci\u00f3n de la pel\u00edcula \u2018Couture\u2019, en la 73\u00aa edici\u00f3n del Festival de Cine de San Sebasti\u00e1n, en el Palacio de Congresos y Auditorio Kursaal.Noticias relacionadas<img decoding=\"async\" src=\"https:\/\/www.europesays.com\/es\/wp-content\/uploads\/2025\/09\/GWNSHW3IBJBYXF44H5MVR2I4ZM.jpg\" alt=\"La actriz y directora Angelina Jolie durante la presentaci\u00f3n de la pel\u00edcula \u2018Couture\u2019, en la 73\u00aa edici\u00f3n del Festival de Cine de San Sebasti\u00e1n, en el Palacio de Congresos y Auditorio Kursaal.\" class=\"event__photostory\" height=\"4926\" width=\"3283\"   loading=\"lazy\"\/>FOTO: Unanue \/ Europa PressLa actriz y directora Angelina Jolie durante la presentaci\u00f3n de la pel\u00edcula \u2018Couture\u2019, en la 73\u00aa edici\u00f3n del Festival de Cine de San Sebasti\u00e1n, en el Palacio de Congresos y Auditorio Kursaal.<img decoding=\"async\" src=\"https:\/\/www.europesays.com\/es\/wp-content\/uploads\/2025\/09\/M7Y3FAXPGFFN3J2XCYVQJ36MUA.jpg\" alt=\"La actriz y directora Angelina Jolie durante la presentaci\u00f3n de la pel\u00edcula \u2018Couture\u2019, en la 73\u00aa edici\u00f3n del Festival de Cine de San Sebasti\u00e1n, en el Palacio de Congresos y Auditorio Kursaal.\" class=\"event__photostory\" height=\"3333\" width=\"5000\"   loading=\"lazy\"\/>FOTO: Juan Naharro Gimenez \/ WireImageLa actriz y directora Angelina Jolie durante la presentaci\u00f3n de la pel\u00edcula \u2018Couture\u2019, en la 73\u00aa edici\u00f3n del Festival de Cine de San Sebasti\u00e1n, en el Palacio de Congresos y Auditorio Kursaal.<img decoding=\"async\" src=\"https:\/\/www.europesays.com\/es\/wp-content\/uploads\/2025\/09\/PUN2NBT5BFA2DFWS3L7KJZWRUQ.jpg\" alt=\"La actriz y directora Angelina Jolie durante la presentaci\u00f3n de la pel\u00edcula \u2018Couture\u2019, en la 73\u00aa edici\u00f3n del Festival de Cine de San Sebasti\u00e1n, en el Palacio de Congresos y Auditorio Kursaal.\" class=\"event__photostory\" height=\"5000\" width=\"3333\"   loading=\"lazy\"\/>FOTO: Juan Naharro Gimenez \/ WireImageLa actriz y directora Angelina Jolie durante la presentaci\u00f3n de la pel\u00edcula \u2018Couture\u2019, en la 73\u00aa edici\u00f3n del Festival de Cine de San Sebasti\u00e1n, en el Palacio de Congresos y Auditorio Kursaal.<img decoding=\"async\" src=\"https:\/\/www.europesays.com\/es\/wp-content\/uploads\/2025\/09\/1758525314_513_WBKAHODPJNA2FAUQ747X5EFFLI.jpg\" alt=\"La actriz y directora Angelina Jolie durante la presentaci\u00f3n de la pel\u00edcula \u2018Couture\u2019, en la 73\u00aa edici\u00f3n del Festival de Cine de San Sebasti\u00e1n, en el Palacio de Congresos y Auditorio Kursaal.\" class=\"event__photostory\" height=\"3333\" width=\"5000\"   loading=\"lazy\"\/>FOTO: Juan Naharro Gimenez \/ WireImageLa actriz y directora Angelina Jolie durante la presentaci\u00f3n de la pel\u00edcula \u2018Couture\u2019, en la 73\u00aa edici\u00f3n del Festival de Cine de San Sebasti\u00e1n, en el Palacio de Congresos y Auditorio Kursaal.<img decoding=\"async\" src=\"https:\/\/www.europesays.com\/es\/wp-content\/uploads\/2025\/09\/73BNDYUGANEGHDYR5FHAQDGJLA.jpg\" alt=\"La actriz y directora Angelina Jolie durante la presentaci\u00f3n de la pel\u00edcula \u2018Couture\u2019, en la 73\u00aa edici\u00f3n del Festival de Cine de San Sebasti\u00e1n, en el Palacio de Congresos y Auditorio Kursaal.\" class=\"event__photostory\" height=\"5000\" width=\"3333\"   loading=\"lazy\"\/>FOTO: Juan Naharro Gimenez \/ WireImageLa actriz y directora Angelina Jolie durante la presentaci\u00f3n de la pel\u00edcula \u2018Couture\u2019, en la 73\u00aa edici\u00f3n del Festival de Cine de San Sebasti\u00e1n, en el Palacio de Congresos y Auditorio Kursaal.Etiquetado en:Diario AS S.L. realiza una reserva expresa de las reproducciones y usos de las obras y otras prestaciones accesibles desde este sitio web a medios de lectura mec\u00e1nica u otros medios que resulten adecuados a tal fin de conformidad con el art\u00edculo 67.3 del Real Decreto-ley 24\/2021, de 2 de noviembre.<\/p>\n<p>\u00a9 DIARIO AS, S.L.- Valent\u00edn Beato 44 -28037 Madrid [Espa\u00f1a] &#8211; Tel. 91 375 25 00<\/p>\n","protected":false},"excerpt":{"rendered":"Festival de San Sebasti\u00e1nLa actriz de 50 a\u00f1os nacida en Los \u00c1ngeles se ha llevado todas las miradas&hellip;\n","protected":false},"author":2,"featured_media":131250,"comment_status":"","ping_status":"","sticky":false,"template":"","format":"standard","meta":{"footnotes":""},"categories":[91],"tags":[146,147,25,24,23],"class_list":{"0":"post-131249","1":"post","2":"type-post","3":"status-publish","4":"format-standard","5":"has-post-thumbnail","7":"category-entretenimiento","8":"tag-entertainment","9":"tag-entretenimiento","10":"tag-es","11":"tag-espana","12":"tag-spain"},"share_on_mastodon":{"url":"","error":""},"_links":{"self":[{"href":"https:\/\/www.europesays.com\/es\/wp-json\/wp\/v2\/posts\/131249","targetHints":{"allow":["GET"]}}],"collection":[{"href":"https:\/\/www.europesays.com\/es\/wp-json\/wp\/v2\/posts"}],"about":[{"href":"https:\/\/www.europesays.com\/es\/wp-json\/wp\/v2\/types\/post"}],"author":[{"embeddable":true,"href":"https:\/\/www.europesays.com\/es\/wp-json\/wp\/v2\/users\/2"}],"replies":[{"embeddable":true,"href":"https:\/\/www.europesays.com\/es\/wp-json\/wp\/v2\/comments?post=131249"}],"version-history":[{"count":0,"href":"https:\/\/www.europesays.com\/es\/wp-json\/wp\/v2\/posts\/131249\/revisions"}],"wp:featuredmedia":[{"embeddable":true,"href":"https:\/\/www.europesays.com\/es\/wp-json\/wp\/v2\/media\/131250"}],"wp:attachment":[{"href":"https:\/\/www.europesays.com\/es\/wp-json\/wp\/v2\/media?parent=131249"}],"wp:term":[{"taxonomy":"category","embeddable":true,"href":"https:\/\/www.europesays.com\/es\/wp-json\/wp\/v2\/categories?post=131249"},{"taxonomy":"post_tag","embeddable":true,"href":"https:\/\/www.europesays.com\/es\/wp-json\/wp\/v2\/tags?post=131249"}],"curies":[{"name":"wp","href":"https:\/\/api.w.org\/{rel}","templated":true}]}}