{"id":131253,"date":"2025-09-22T07:17:07","date_gmt":"2025-09-22T07:17:07","guid":{"rendered":"https:\/\/www.europesays.com\/es\/131253\/"},"modified":"2025-09-22T07:17:07","modified_gmt":"2025-09-22T07:17:07","slug":"la-lenta-salida-del-boj-de-los-etf-despeja-el-camino-para-el-auge-bursatil-japones","status":"publish","type":"post","link":"https:\/\/www.europesays.com\/es\/131253\/","title":{"rendered":"La lenta salida del BOJ de los ETF despeja el camino para el auge burs\u00e1til japon\u00e9s"},"content":{"rendered":"<p class=\"default__StyledText-sc-108h6at-0 iMTDFl body-paragraph\">Bloomberg \u2014 <b>Un gran lastre que amenazaba al mercado de renta variable japon\u00e9s se est\u00e1 disipando con la presentaci\u00f3n por parte del banco central<\/b> de un plan centenario para descargar sus enormes tenencias de fondos cotizados en bolsa.<\/p>\n<p class=\"default__StyledText-sc-108h6at-0 iMTDFl body-paragraph\">Aunque los indicadores burs\u00e1tiles de referencia cayeron el viernes en una reacci\u00f3n instintiva cuando el Banco de Jap\u00f3n dijo que vender\u00eda sus existencias de 75 billones de yenes (US$507.000 millones), los operadores recortaron r\u00e1pidamente gran parte de la ca\u00edda al centrarse la atenci\u00f3n en la naturaleza muy gradual del programa. <b>El BOJ pretende reducir sus tenencias en unos 620.000 millones de yenes por valor de mercado al a\u00f1o. <\/b><\/p>\n<p class=\"default__StyledText-sc-108h6at-0 iMTDFl body-paragraph\">Ver m\u00e1s: <a href=\"https:\/\/www.bloomberglinea.com\/economia\/el-boj-inicia-salida-historica-de-etf-tras-mantener-su-tasa-de-interes-en-05\/\" target=\"_self\" rel=\"nofollow noopener\" title=\"https:\/\/www.bloomberglinea.com\/economia\/el-boj-inicia-salida-historica-de-etf-tras-mantener-su-tasa-de-interes-en-05\/\">El BOJ inicia salida hist\u00f3rica de ETF tras mantener su tasa de inter\u00e9s en 0,5%<\/a><\/p>\n<p class=\"default__StyledText-sc-108h6at-0 iMTDFl body-paragraph\">El anuncio tambi\u00e9n se produjo al final de una semana en la que el \u00edndice Nikkei-225 y el m\u00e1s amplio Topix marcaron nuevos m\u00e1ximos hist\u00f3ricos. La resistencia del mercado a las sacudidas de los dos \u00faltimos a\u00f1os subraya la confianza, con las acciones recuper\u00e1ndose primero de que el Banco de Jap\u00f3n pusiera fin a las tasas de inter\u00e9s negativos en 2024 y, m\u00e1s recientemente, repuntando ante los aranceles de EE.UU. <\/p>\n<p class=\"default__StyledText-sc-108h6at-0 iMTDFl body-paragraph\"><b>Las acciones japonesas lideraron las ganancias entre los principales mercados de Asia el lunes<\/b>, con el Nikkei subiendo un 1,5% durante la sesi\u00f3n matutina y el Topix un 0,9%.<\/p>\n<p class=\"default__StyledText-sc-108h6at-0 iMTDFl body-paragraph\">\u201cLos inversores estaban nerviosos por saber cu\u00e1ndo empezar\u00eda el Banco de Jap\u00f3n a vender ETF; muchos de ellos me han estado preguntando al respecto\u201d, dijo Seiichi Suzuki, analista jefe de renta variable de Tokai Tokyo Intelligence Laboratory Co. El calendario de la venta de ETFs es positivo y sugiere un impacto limitado en el mercado, dijo.<\/p>\n<p><img decoding=\"async\" alt=\"  \" title=\"  \" src=\"https:\/\/www.europesays.com\/es\/wp-content\/uploads\/2025\/09\/PHMNBLWICZFUVK4TIMKWIZV7X4.jpeg\" style=\"aspect-ratio:1200\/675;object-fit:cover\" width=\"1200\" height=\"379\" loading=\"lazy\" class=\"w-full undefined\"\/><\/p>\n<p class=\"image-metadata\">  El Banco de Jap\u00f3n presenta un plan para los ETF mientras las acciones alcanzan m\u00e1ximos hist\u00f3ricos.  <\/p>\n<p class=\"default__StyledText-sc-108h6at-0 iMTDFl body-paragraph\">Los inversores globales han contribuido al avance de las acciones japonesas en su intento de diversificar sus carteras, ya que las acciones de Tokio cotizan con valoraciones precio-beneficio y precio-libro inferiores a las de EE.UU.. <\/p>\n<p class=\"default__StyledText-sc-108h6at-0 iMTDFl body-paragraph\"><b>Las reformas de la gobernanza empresarial tambi\u00e9n han ayudado al fomentar las recompras de acciones, la actividad de fusiones y adquisiciones y la aparici\u00f3n de inversores activistas<\/b> como una fuerza poderosa para defender la atenci\u00f3n a la rentabilidad de los accionistas. <\/p>\n<p class=\"default__StyledText-sc-108h6at-0 iMTDFl body-paragraph\">Las ventas de ETF del Banco de Jap\u00f3n podr\u00edan comenzar a principios del pr\u00f3ximo a\u00f1o, seg\u00fan ha declarado una persona familiarizada con el asunto. <\/p>\n<p class=\"default__StyledText-sc-108h6at-0 iMTDFl body-paragraph\">Antes de entonces, el mercado a\u00fan se enfrenta a posibles turbulencias derivadas de la incertidumbre sobre la elecci\u00f3n de un nuevo l\u00edder por parte del gobernante Partido Liberal Democr\u00e1tico y el riesgo continuado de repercusiones econ\u00f3micas derivadas de los aranceles. <\/p>\n<p class=\"default__StyledText-sc-108h6at-0 iMTDFl body-paragraph\">Dado que el BOJ posee indirectamente alrededor del 7% de las acciones japonesas a trav\u00e9s de los ETF, cualquier error de c\u00e1lculo en sus ventas que superara la demanda del mercado podr\u00eda seguir siendo perjudicial. <\/p>\n<p class=\"default__StyledText-sc-108h6at-0 iMTDFl body-paragraph\">Sin embargo, la cantidad actual indicada por el banco central deber\u00eda ser f\u00e1cilmente absorbida, dijo Kohei Onishi, estratega de inversi\u00f3n senior de Mitsubishi UFJ Morgan Stanley Securities Co.<b> Se\u00f1al\u00f3 que las empresas japonesas, bajo la presi\u00f3n de los reguladores y los accionistas para poner fin a la acumulaci\u00f3n de efectivo<\/b>, est\u00e1n recomprando anualmente una gran cantidad de sus propias acciones. <\/p>\n<p class=\"default__StyledText-sc-108h6at-0 iMTDFl body-paragraph\">Los inversores vigilar\u00e1n de cerca el impacto de las ventas de ETF en valores con gran peso en la media del Nikkei, como el operador de cadenas de ropa informal Fast Retailing Co. y SoftBank Group Corp. del multimillonario Masayoshi Son. Las acciones de Fast Retailing cayeron un 4,5% el viernes, mientras que las de SoftBank subieron un 0,7%. Ambas acciones subieron el lunes por la ma\u00f1ana.<\/p>\n<p class=\"default__StyledText-sc-108h6at-0 iMTDFl body-paragraph\">Inicialmente, <b>el banco central hab\u00eda centrado sus compras en ETF que segu\u00edan al Nikkei, y fue criticado por deformar los mercados con estas compras<\/b>. Cambi\u00f3 a la compra de fondos que siguen el Topix en 2021. <\/p>\n<p class=\"default__StyledText-sc-108h6at-0 iMTDFl body-paragraph\">El control del BOJ sobre los ETF se desglosa en unos 17 billones de yenes para el Nikkei y unos 51,2 billones de yenes para el Topix en valor de mercado, seg\u00fan datos recopilados por Bank of America.<\/p>\n<p class=\"default__StyledText-sc-108h6at-0 iMTDFl body-paragraph\">Ver m\u00e1s: <a href=\"https:\/\/www.bloomberglinea.com\/mercados\/las-bolsas-asiaticas-avanzan-mientras-el-indice-global-marca-un-nuevo-record\/\" target=\"_self\" rel=\"nofollow noopener\" title=\"https:\/\/www.bloomberglinea.com\/mercados\/las-bolsas-asiaticas-avanzan-mientras-el-indice-global-marca-un-nuevo-record\/\">Las acciones se enfr\u00edan tras decisi\u00f3n del Banco de Jap\u00f3n sobre sus reservas de ETF<\/a><\/p>\n<p class=\"default__StyledText-sc-108h6at-0 iMTDFl body-paragraph\">La renta variable japonesa puede sufrir cierta tensi\u00f3n a corto plazo, pero el plan del Banco de Jap\u00f3n no echar\u00e1 por tierra la tendencia alcista del mercado, seg\u00fan Anna Wu, estratega de activos cruzados de VanEck Associates Corp. en S\u00eddney. <\/p>\n<p class=\"default__StyledText-sc-108h6at-0 iMTDFl body-paragraph\">\u201cSi nos preguntamos, \u00bfser\u00e1 el nuevo primer ministro favorable al crecimiento? \u00bfContinuar\u00e1 la expansi\u00f3n fiscal? \u00bfY los inversores extranjeros van a seguir invirtiendo en renta variable japonesa como parte del comercio de diversificaci\u00f3n estadounidense?<b> Es probable que las respuestas sean afirmativas para las tres cosas\u201d, afirm\u00f3.<\/b><\/p>\n<p class=\"default__StyledText-sc-108h6at-0 iMTDFl body-paragraph\">Con la colaboraci\u00f3n de Aya Wagatsuma.<\/p>\n<p class=\"default__StyledText-sc-108h6at-0 iMTDFl body-paragraph\">Lea m\u00e1s en Bloomberg.com<\/p>\n","protected":false},"excerpt":{"rendered":"Bloomberg \u2014 Un gran lastre que amenazaba al mercado de renta variable japon\u00e9s se est\u00e1 disipando con la&hellip;\n","protected":false},"author":2,"featured_media":131254,"comment_status":"","ping_status":"","sticky":false,"template":"","format":"standard","meta":{"footnotes":""},"categories":[80],"tags":[1237,82,4429,19577,95,94,25,24,42058,14359,36496,23,41524],"class_list":{"0":"post-131253","1":"post","2":"type-post","3":"status-publish","4":"format-standard","5":"has-post-thumbnail","7":"category-economia","8":"tag-asia","9":"tag-business","10":"tag-business-news","11":"tag-east-asian","12":"tag-economia","13":"tag-economy","14":"tag-es","15":"tag-espana","16":"tag-japanese","17":"tag-markets","18":"tag-securities","19":"tag-spain","20":"tag-stocks"},"share_on_mastodon":{"url":"","error":""},"_links":{"self":[{"href":"https:\/\/www.europesays.com\/es\/wp-json\/wp\/v2\/posts\/131253","targetHints":{"allow":["GET"]}}],"collection":[{"href":"https:\/\/www.europesays.com\/es\/wp-json\/wp\/v2\/posts"}],"about":[{"href":"https:\/\/www.europesays.com\/es\/wp-json\/wp\/v2\/types\/post"}],"author":[{"embeddable":true,"href":"https:\/\/www.europesays.com\/es\/wp-json\/wp\/v2\/users\/2"}],"replies":[{"embeddable":true,"href":"https:\/\/www.europesays.com\/es\/wp-json\/wp\/v2\/comments?post=131253"}],"version-history":[{"count":0,"href":"https:\/\/www.europesays.com\/es\/wp-json\/wp\/v2\/posts\/131253\/revisions"}],"wp:featuredmedia":[{"embeddable":true,"href":"https:\/\/www.europesays.com\/es\/wp-json\/wp\/v2\/media\/131254"}],"wp:attachment":[{"href":"https:\/\/www.europesays.com\/es\/wp-json\/wp\/v2\/media?parent=131253"}],"wp:term":[{"taxonomy":"category","embeddable":true,"href":"https:\/\/www.europesays.com\/es\/wp-json\/wp\/v2\/categories?post=131253"},{"taxonomy":"post_tag","embeddable":true,"href":"https:\/\/www.europesays.com\/es\/wp-json\/wp\/v2\/tags?post=131253"}],"curies":[{"name":"wp","href":"https:\/\/api.w.org\/{rel}","templated":true}]}}