{"id":131255,"date":"2025-09-22T07:18:08","date_gmt":"2025-09-22T07:18:08","guid":{"rendered":"https:\/\/www.europesays.com\/es\/131255\/"},"modified":"2025-09-22T07:18:08","modified_gmt":"2025-09-22T07:18:08","slug":"ultima-hora-del-conflicto-en-oriente-proximo-en-directo-el-reino-unido-advierte-a-israel-contra-tomar-represalias-por-el-reconocimiento-de-palestina-internacional","status":"publish","type":"post","link":"https:\/\/www.europesays.com\/es\/131255\/","title":{"rendered":"\u00daltima hora del conflicto en Oriente Pr\u00f3ximo, en directo | El Reino Unido advierte a Israel contra tomar represalias por el reconocimiento de Palestina | Internacional"},"content":{"rendered":"<p>Para entender la intensa, prolongada y productiva relaci\u00f3n que el primer ministro israel\u00ed, Benjam\u00edn Netanyahu, mantiene desde hace d\u00e9cadas con\u00a0el uso de la mentira como instrumento\u00a0en el ejercicio del poder, basta echar un vistazo al trabajo de algunos de sus bi\u00f3grafos. Por ejemplo a\u00a0The Netanyahu Years\u00a0(Thomas Dunne Books, 2017), del periodista israel\u00ed\u00a0Ben Caspit.\u00a0En 1996, logr\u00f3, contra todo pron\u00f3stico, ganar sus primeras elecciones al socialdem\u00f3crata Sim\u00f3n Peres, a quien acus\u00f3 machaconamente de querer dividir Jerusal\u00e9n. El bulo, eje de la campa\u00f1a, fue inventado por su asesor pol\u00edtico,\u00a0el estadounidense Arthur Finkelstein,\u00a0considerado padre de las campa\u00f1as en negativo. A\u00f1os m\u00e1s tarde, en las elecciones de 2015, distribuy\u00f3 v\u00eddeos falsos y\u00a0asegur\u00f3 que \u201chordas de \u00e1rabes\u201d\u00a0estaban acudiendo a votar en autobuses financiados por ONG de izquierda. \u201cNetanyahu tiende a creerse sus historias. La diferencia entre la realidad y la ficci\u00f3n se difumina en su mente y a menudo se construye una realidad alternativa que gradualmente se convence de que es cierta\u201d, asegura Ben Caspit en su libro. El periodista recuerda, adem\u00e1s, c\u00f3mo Netanyahu niega haber votado cuatro veces en el pasado a favor de la \u201cdesconexi\u00f3n\u201d o retirada unilateral de los asentamientos israel\u00edes de la franja de Gaza y de una parte del norte de Cisjordania, el plan propuesto en 2004\u00a0por el entonces primer ministro Ariel Sharon.<\/p>\n<p><a href=\"https:\/\/elpais.com\/opinion\/2025-09-22\/un-bulo-de-50-millones-de-dolares.html\" target=\"_blank\" rel=\"nofollow noopener\">Puedes leer aqu\u00ed la columna completa<\/a><\/p>\n","protected":false},"excerpt":{"rendered":"Para entender la intensa, prolongada y productiva relaci\u00f3n que el primer ministro israel\u00ed, Benjam\u00edn Netanyahu, mantiene desde hace&hellip;\n","protected":false},"author":2,"featured_media":131256,"comment_status":"","ping_status":"","sticky":false,"template":"","format":"standard","meta":{"footnotes":""},"categories":[42],"tags":[17,18,68,70,71,72,13,14,73,69,75,11,61,62,63,64,74,19,20,9,10,15,16,77,76,12,21,22,65,66,67],"class_list":{"0":"post-131255","1":"post","2":"type-post","3":"status-publish","4":"format-standard","5":"has-post-thumbnail","7":"category-internacional","8":"tag-breaking-news","9":"tag-breakingnews","10":"tag-conflicto-arabe-israeli","11":"tag-conflictos","12":"tag-conflictos-armados","13":"tag-conflictos-internacionales","14":"tag-featured-news","15":"tag-featurednews","16":"tag-franja-gaza","17":"tag-guerra","18":"tag-hamas","19":"tag-headlines","20":"tag-internacional","21":"tag-international","22":"tag-international-news","23":"tag-internationalnews","24":"tag-israel","25":"tag-latest-news","26":"tag-latestnews","27":"tag-news","28":"tag-noticias","29":"tag-noticias-destacadas","30":"tag-noticiasdestacadas","31":"tag-oriente-proximo","32":"tag-palestina","33":"tag-titulares","34":"tag-ultimas-noticias","35":"tag-ultimasnoticias","36":"tag-world","37":"tag-world-news","38":"tag-worldnews"},"share_on_mastodon":{"url":"","error":""},"_links":{"self":[{"href":"https:\/\/www.europesays.com\/es\/wp-json\/wp\/v2\/posts\/131255","targetHints":{"allow":["GET"]}}],"collection":[{"href":"https:\/\/www.europesays.com\/es\/wp-json\/wp\/v2\/posts"}],"about":[{"href":"https:\/\/www.europesays.com\/es\/wp-json\/wp\/v2\/types\/post"}],"author":[{"embeddable":true,"href":"https:\/\/www.europesays.com\/es\/wp-json\/wp\/v2\/users\/2"}],"replies":[{"embeddable":true,"href":"https:\/\/www.europesays.com\/es\/wp-json\/wp\/v2\/comments?post=131255"}],"version-history":[{"count":0,"href":"https:\/\/www.europesays.com\/es\/wp-json\/wp\/v2\/posts\/131255\/revisions"}],"wp:featuredmedia":[{"embeddable":true,"href":"https:\/\/www.europesays.com\/es\/wp-json\/wp\/v2\/media\/131256"}],"wp:attachment":[{"href":"https:\/\/www.europesays.com\/es\/wp-json\/wp\/v2\/media?parent=131255"}],"wp:term":[{"taxonomy":"category","embeddable":true,"href":"https:\/\/www.europesays.com\/es\/wp-json\/wp\/v2\/categories?post=131255"},{"taxonomy":"post_tag","embeddable":true,"href":"https:\/\/www.europesays.com\/es\/wp-json\/wp\/v2\/tags?post=131255"}],"curies":[{"name":"wp","href":"https:\/\/api.w.org\/{rel}","templated":true}]}}