{"id":131257,"date":"2025-09-22T07:19:23","date_gmt":"2025-09-22T07:19:23","guid":{"rendered":"https:\/\/www.europesays.com\/es\/131257\/"},"modified":"2025-09-22T07:19:23","modified_gmt":"2025-09-22T07:19:23","slug":"la-aemet-preve-un-bajon-termico-ante-la-llegada-de-una-vaguada-en-estas-zonas-de-espana","status":"publish","type":"post","link":"https:\/\/www.europesays.com\/es\/131257\/","title":{"rendered":"la AEMET prev\u00e9 un baj\u00f3n t\u00e9rmico ante la llegada de una vaguada en estas zonas de Espa\u00f1a"},"content":{"rendered":"<p data-gtm-element-container=\"modulo-texto-link\" class=\"paragraph\">Atr\u00e1s quedan los d\u00edas de verano. Este lunes, el ambiente estar\u00e1 marcado por las lluvias y un acusado descenso de las temperaturas en buena parte del pa\u00eds, bajo\u00a0la influencia de una vaguada atl\u00e1ntica y la salida de un frente por el Mediterr\u00e1neo.<\/p>\n<p data-gtm-element-container=\"modulo-texto-link\" class=\"paragraph\">La Agencia Estatal de Meteorolog\u00eda (AEMET) prev\u00e9 precipitaciones persistentes en el extremo norte peninsular, con chubascos que podr\u00e1n ser muy fuertes en el nordeste y en Baleares, acompa\u00f1ados de tormenta.<\/p>\n<p data-gtm-element-container=\"modulo-texto-link\" class=\"paragraph\">En cuanto a las temperaturas, se recomienda comenzar el temido cambio de armario: la AEMET confirma que numerosas zonas de nuestro pa\u00eds ser\u00e1n testigos de un descenso generalizado de las temperaturas.<\/p>\n<p data-gtm-element-container=\"modulo-texto-link\" class=\"paragraph\">En el caso de las m\u00e1ximas, la AEMET destaca el baj\u00f3n t\u00e9rmico de las zonas de la Ib\u00e9rica sur y localmente en La Mancha, mientras que en\u00a0litorales del noroeste y alto Ebro no se esperan grandes cambios.\u00a0<\/p>\n<p>        Lee tambi\u00e9n<\/p>\n<p>    Europa Press<\/p>\n<p>             <img loading=\"lazy\" decoding=\"async\" data-full-src=\"https:\/\/www.lavanguardia.com\/uploads\/2025\/09\/21\/68d00d619c14a.jpeg\" alt=\"Dos mujeres se protegen de la lluvia con un paraguas, a 8 de junio de 2024, en Madrid (Espa\u00f1a). La llegada de una Depresi\u00f3n Aislada en Niveles Altos (DANA) a Espa\u00f1a va a provocar durante el fin de semana y hasta el jueves de la semana que viene un episodio de chubascos casi generalizados en la Pen\u00ednsula y una bajada de las temperaturas de m\u00e1s de 10\u00baC, seg\u00fan la Agencia Estatal de Meteorolog\u00eda (AEMET).\" width=\"104\" height=\"108\" src=\"https:\/\/www.europesays.com\/es\/wp-content\/uploads\/2025\/09\/68d00d619c14a.r_d.1847-1182.jpeg\" class=\"lazy\"\/><\/p>\n<p data-gtm-element-container=\"modulo-texto-link\" class=\"paragraph\">Finalmente, la jornada ir\u00e1 acompa\u00f1ada de cielos nubosos o cubiertos,\u00a0sobre todo en el extremo norte, el tercio oriental y las islas. Asimismo, habr\u00e1 nubosidad baja matinal en el Cant\u00e1brico y en Baleares, con bancos de niebla persistentes en la franja cant\u00e1brica.\u00a0<\/p>\n<p data-gtm-element-container=\"modulo-texto-link\" class=\"paragraph\">El viento soplar\u00e1 moderado de componentes oeste y norte, con intervalos fuertes y rachas muy intensas de cierzo en el bajo Ebro, tramontana en el Ampurd\u00e1n y en tramos del litoral cant\u00e1brico. En cuanto a Canarias, predominar\u00e1 el alisio moderado.<\/p>\n","protected":false},"excerpt":{"rendered":"Atr\u00e1s quedan los d\u00edas de verano. Este lunes, el ambiente estar\u00e1 marcado por las lluvias y un acusado&hellip;\n","protected":false},"author":2,"featured_media":131258,"comment_status":"","ping_status":"","sticky":false,"template":"","format":"standard","meta":{"footnotes":""},"categories":[8],"tags":[17,18,25,24,13,14,11,19,20,9,10,15,16,23,12,21,22],"class_list":{"0":"post-131257","1":"post","2":"type-post","3":"status-publish","4":"format-standard","5":"has-post-thumbnail","7":"category-espana","8":"tag-breaking-news","9":"tag-breakingnews","10":"tag-es","11":"tag-espana","12":"tag-featured-news","13":"tag-featurednews","14":"tag-headlines","15":"tag-latest-news","16":"tag-latestnews","17":"tag-news","18":"tag-noticias","19":"tag-noticias-destacadas","20":"tag-noticiasdestacadas","21":"tag-spain","22":"tag-titulares","23":"tag-ultimas-noticias","24":"tag-ultimasnoticias"},"share_on_mastodon":{"url":"","error":""},"_links":{"self":[{"href":"https:\/\/www.europesays.com\/es\/wp-json\/wp\/v2\/posts\/131257","targetHints":{"allow":["GET"]}}],"collection":[{"href":"https:\/\/www.europesays.com\/es\/wp-json\/wp\/v2\/posts"}],"about":[{"href":"https:\/\/www.europesays.com\/es\/wp-json\/wp\/v2\/types\/post"}],"author":[{"embeddable":true,"href":"https:\/\/www.europesays.com\/es\/wp-json\/wp\/v2\/users\/2"}],"replies":[{"embeddable":true,"href":"https:\/\/www.europesays.com\/es\/wp-json\/wp\/v2\/comments?post=131257"}],"version-history":[{"count":0,"href":"https:\/\/www.europesays.com\/es\/wp-json\/wp\/v2\/posts\/131257\/revisions"}],"wp:featuredmedia":[{"embeddable":true,"href":"https:\/\/www.europesays.com\/es\/wp-json\/wp\/v2\/media\/131258"}],"wp:attachment":[{"href":"https:\/\/www.europesays.com\/es\/wp-json\/wp\/v2\/media?parent=131257"}],"wp:term":[{"taxonomy":"category","embeddable":true,"href":"https:\/\/www.europesays.com\/es\/wp-json\/wp\/v2\/categories?post=131257"},{"taxonomy":"post_tag","embeddable":true,"href":"https:\/\/www.europesays.com\/es\/wp-json\/wp\/v2\/tags?post=131257"}],"curies":[{"name":"wp","href":"https:\/\/api.w.org\/{rel}","templated":true}]}}