{"id":131259,"date":"2025-09-22T07:20:18","date_gmt":"2025-09-22T07:20:18","guid":{"rendered":"https:\/\/www.europesays.com\/es\/131259\/"},"modified":"2025-09-22T07:20:18","modified_gmt":"2025-09-22T07:20:18","slug":"fritz-extendio-su-paternidad-contra-zverev-y-le-dio-el-titulo-de-laver-cup-a-resto-del-mundo","status":"publish","type":"post","link":"https:\/\/www.europesays.com\/es\/131259\/","title":{"rendered":"Fritz extendi\u00f3 su paternidad contra Zverev y le dio el t\u00edtulo de Laver Cup a Resto del Mundo"},"content":{"rendered":"<p>21  de  sep, 2025, 22:46 ET<\/p>\n<p><strong>Resto del Mundo<\/strong> volvi\u00f3 a gritar campe\u00f3n en la <strong>Laver Cup<\/strong>. En la edici\u00f3n 2025, <a href=\"https:\/\/espndeportes.espn.com\/tenis\/nota\/_\/id\/15691751\/como-es-el-novedoso-formato-que-tendra-la-laver-cup-2025-san-francisco-europa-mundo-noah-agassi\" rel=\"nofollow noopener\" target=\"_blank\">que enfrenta en modalidad de equipos a los mejores jugadores del mundo<\/a>, <strong>Taylor Fritz<\/strong> venci\u00f3 al representante de Europa,<strong> Alexander Zverev<\/strong>, por 6-3 y 7-6 (4). De esta manera, el equipo capitaneado por Andre Agassi recuper\u00f3 la corona tras dos a\u00f1os.<\/p>\n<p><img class=\" lazyload lazyload\" data-image-container=\".inline-photo\" height=\"320\" width=\"570\"\/>Taylor Fritz, la pieza clave de Resto del Mundo en la Laver Cup 2025.\u00a0AP Photo<\/p>\n<p>Con un <strong>marcador final de 15 a 9<\/strong>, Resto del Mundo se impuso a su par de Europa. Si bien Fritz fue quien cerr\u00f3 la serie, <strong>Joao Fonseca, Francisco Cer\u00fandolo, Alex de Mi\u00f1aur y Alex Michelsen en dobles<\/strong> con el australiano tambi\u00e9n aportaron para que su equipo se consagre en la ciudad de San Francisco.<\/p>\n<p>Selecciones Editoriales<\/p>\n<p>2 Relacionado<\/p>\n<p>Esta es la tercera ocasi\u00f3n en la que los vestidos de rojo ganan el t\u00edtulo. <strong>Previamente lo hab\u00edan hecho en 2022 y 2023 con John McEnroe como capit\u00e1n<\/strong> y Jack Sock, Frances Tiafoe, Ben Shelton y F\u00e9lix Auger-Aliassime como los jugadores m\u00e1s destacados de aquellas ediciones.<\/p>\n<p><strong>Este encuentro tambi\u00e9n le sirvi\u00f3 a Fritz para extender su paternidad sobre Zverev.<\/strong> En los \u00faltimos seis partidos, el estadounidense no perdi\u00f3 ninguno frente al alem\u00e1n, que est\u00e1 abajo en el historial por 9 a 5.<\/p>\n<p>As\u00ed fue la definici\u00f3n de la Laver Cup 2025D\u00eda 1D\u00eda 2D\u00eda 3<\/p>\n","protected":false},"excerpt":{"rendered":"21 de sep, 2025, 22:46 ET Resto del Mundo volvi\u00f3 a gritar campe\u00f3n en la Laver Cup. En&hellip;\n","protected":false},"author":2,"featured_media":131260,"comment_status":"","ping_status":"","sticky":false,"template":"","format":"standard","meta":{"footnotes":""},"categories":[5],"tags":[17,18,25,24,13,14,11,19,20,9,10,15,16,23,12,21,22],"class_list":{"0":"post-131259","1":"post","2":"type-post","3":"status-publish","4":"format-standard","5":"has-post-thumbnail","7":"category-titulares","8":"tag-breaking-news","9":"tag-breakingnews","10":"tag-es","11":"tag-espana","12":"tag-featured-news","13":"tag-featurednews","14":"tag-headlines","15":"tag-latest-news","16":"tag-latestnews","17":"tag-news","18":"tag-noticias","19":"tag-noticias-destacadas","20":"tag-noticiasdestacadas","21":"tag-spain","22":"tag-titulares","23":"tag-ultimas-noticias","24":"tag-ultimasnoticias"},"share_on_mastodon":{"url":"","error":""},"_links":{"self":[{"href":"https:\/\/www.europesays.com\/es\/wp-json\/wp\/v2\/posts\/131259","targetHints":{"allow":["GET"]}}],"collection":[{"href":"https:\/\/www.europesays.com\/es\/wp-json\/wp\/v2\/posts"}],"about":[{"href":"https:\/\/www.europesays.com\/es\/wp-json\/wp\/v2\/types\/post"}],"author":[{"embeddable":true,"href":"https:\/\/www.europesays.com\/es\/wp-json\/wp\/v2\/users\/2"}],"replies":[{"embeddable":true,"href":"https:\/\/www.europesays.com\/es\/wp-json\/wp\/v2\/comments?post=131259"}],"version-history":[{"count":0,"href":"https:\/\/www.europesays.com\/es\/wp-json\/wp\/v2\/posts\/131259\/revisions"}],"wp:featuredmedia":[{"embeddable":true,"href":"https:\/\/www.europesays.com\/es\/wp-json\/wp\/v2\/media\/131260"}],"wp:attachment":[{"href":"https:\/\/www.europesays.com\/es\/wp-json\/wp\/v2\/media?parent=131259"}],"wp:term":[{"taxonomy":"category","embeddable":true,"href":"https:\/\/www.europesays.com\/es\/wp-json\/wp\/v2\/categories?post=131259"},{"taxonomy":"post_tag","embeddable":true,"href":"https:\/\/www.europesays.com\/es\/wp-json\/wp\/v2\/tags?post=131259"}],"curies":[{"name":"wp","href":"https:\/\/api.w.org\/{rel}","templated":true}]}}