{"id":131261,"date":"2025-09-22T07:22:11","date_gmt":"2025-09-22T07:22:11","guid":{"rendered":"https:\/\/www.europesays.com\/es\/131261\/"},"modified":"2025-09-22T07:22:11","modified_gmt":"2025-09-22T07:22:11","slug":"paco-urena-corta-4-orejas-y-juan-ortega-2-y-salen-a-hombros-en-una-triunfal-tarde-de-feria-en-lorca-sociedad","status":"publish","type":"post","link":"https:\/\/www.europesays.com\/es\/131261\/","title":{"rendered":"Paco Ure\u00f1a corta 4 orejas y Juan Ortega 2 y salen a hombros en una triunfal tarde de feria en Lorca | Sociedad"},"content":{"rendered":"<p class=\"loc\">Lorca<\/p>\n<p>La plaza de toros de Lorca present\u00f3 una buena asistencia de p\u00fablico en el festejo taurino de su feria y fiestas, celebrado este domingo 21 de septiembre en el coso de Sutullena.<\/p>\n<p>Se lidiaron astados de la reputada ganader\u00eda de \u00c1lvaro N\u00fa\u00f1ez, de presentaci\u00f3n ajustada a la categor\u00eda de la plaza y de juego desigual. Sin dudas, el mejor lote le correspondi\u00f3 en el sorteo al diestro lorquino Paco Ure\u00f1a, ya que todos sus oponentes dieron buen juego y permitieron el lucimiento e incluso faenas vibrantes, mientras Juan Ortega tuvo que lidiar tres toros desclasados, deslucidos, mansurrones y faltos de trasmisi\u00f3n que sirvieron, no obstante, para dejar patente su disposici\u00f3n y entrega y para apuntar detalles del toreo caro que atesoran sus mu\u00f1ecas.<\/p>\n<p><img decoding=\"async\" src=\"https:\/\/www.europesays.com\/es\/wp-content\/uploads\/2025\/09\/KWW6Y5FCKJDNLJ2NRO4ZCSPMCY.jpg\" alt=\"El ganadero \u00c1lvaro N\u00fa\u00f1ez, en el callej\u00f3n de la plaza lorquina.\" width=\"4\" height=\"3\"  loading=\"lazy\"\/><\/p>\n<p>El ganadero \u00c1lvaro N\u00fa\u00f1ez, en el callej\u00f3n de la plaza lorquina. \/ Ayuntamiento de Lorca<\/p>\n<p>Ampliar<img decoding=\"async\" src=\"https:\/\/www.europesays.com\/es\/wp-content\/uploads\/2025\/09\/1758525728_471_KWW6Y5FCKJDNLJ2NRO4ZCSPMCY.jpg\" alt=\"El ganadero \u00c1lvaro N\u00fa\u00f1ez, en el callej\u00f3n de la plaza lorquina.\" width=\"4\" height=\"3\" loading=\"lazy\"\/><\/p>\n<p>El ganadero \u00c1lvaro N\u00fa\u00f1ez, en el callej\u00f3n de la plaza lorquina. \/ Ayuntamiento de Lorca<\/p>\n<p>Cerrar<\/p>\n<p>A la vista del resultado y de la asistencia, que no se vio mermada por la ca\u00edda del cartel (comunicada a primeros de la semana) del alicantino Jos\u00e9 Mar\u00eda Manzanares, la controversia de los \u00faltimos d\u00edas en las redes sociales sobre la conveniencia o no de incorporar a un tercer espada, ha quedado en agua de borrajas.<\/p>\n<p>Ure\u00f1a culmina una semana triunfal<\/p>\n<p>El primero de la tarde, lidiado por Paco Ure\u00f1a, de nombre Gavil\u00e1n, con el n\u00ba 69, salt\u00f3 al ruedo a los sones de la jota lorquina, una novedad introducida por la banda de m\u00fasica dirigida por Antonio Meca que ameniz\u00f3 el festejo. Se lo llev\u00f3 el torero a los medios con siete vibrantes ver\u00f3nicas y una media. Con un solo y muy medido puyazo, quit\u00f3 el diestro de La Escucha por chicuelinas para verificar la noble condici\u00f3n del astado.<\/p>\n<p>El tercio de banderillas dej\u00f3 excelentes pares asom\u00e1ndose al balc\u00f3n. Tras brindar al p\u00fablico, Ure\u00f1a inici\u00f3 el trasteo con estatuarios ayudados por alto, rematados con tres soberbios pases de pecho. A los sones de \u201cEl gato mont\u00e9s\u201d sigui\u00f3 la faena con la mano diestra, con muletazos en redondo, bien plantado en la arena, barriendo el albero.<\/p>\n<p><img decoding=\"async\" src=\"https:\/\/www.europesays.com\/es\/wp-content\/uploads\/2025\/09\/Y3JOA55BXVDUBFPY4N6GEC5HS4.jpg\" alt=\"Paco Ure\u00f1a, brindando al maestro Pepe Luis Vargas.\" width=\"650\" height=\"719\"  loading=\"lazy\"\/><\/p>\n<p>Paco Ure\u00f1a, brindando al maestro Pepe Luis Vargas. \/ Ayuntamiento de Lorca<\/p>\n<p>Ampliar<img decoding=\"async\" src=\"https:\/\/www.europesays.com\/es\/wp-content\/uploads\/2025\/09\/1758525730_601_Y3JOA55BXVDUBFPY4N6GEC5HS4.jpg\" alt=\"Paco Ure\u00f1a, brindando al maestro Pepe Luis Vargas.\" width=\"650\" height=\"719\" loading=\"lazy\"\/><\/p>\n<p>Paco Ure\u00f1a, brindando al maestro Pepe Luis Vargas. \/ Ayuntamiento de Lorca<\/p>\n<p>Cerrar<\/p>\n<p>Por el pit\u00f3n izquierdo el animal protestaba, pero el temple de Ure\u00f1a consigue fijarlo en la muleta cuanto ya el toro hab\u00eda amagado con irse a tablas. La demostraci\u00f3n del poder\u00edo del matador fue la serie, arrancada contra la voluntad del animal, otra vez con la mano diestra, engarzando el pase de las flores, con circulares invertidos y bernadinas, para<\/p>\n<p>recetar acto seguido una estocada hasta la bola tras pinchazo hondo. Y as\u00ed llego la primera oreja de la tarde.<\/p>\n<p>Ortega, muy por encima de su lote<\/p>\n<p>El segundo, primero del lote de Ortega, por nombre Rojito, n\u00ba 46, sali\u00f3 muy abanto y a duras penas embisti\u00f3 en el saludo capotero de ver\u00f3nica y media. Con un solo puyazo trasero se cambi\u00f3 el tercio y se dio paso a un vibrante tercio de banderillas, tres pares con mucha exposici\u00f3n dada la incierta y desconcertante embestida de la res.<\/p>\n<p>Inici\u00f3 el diestro sevillano el trasteo por bajo, templando muy bien la sosa embestida en una voluntariosa faena que, por incomparecencia ganadera, qued\u00f3 en chispazos de arte, peque\u00f1as gotas de la cara esencia que derrama Juan Ortega cuando la ocasi\u00f3n es propicia. Y esta no lo fue. <\/p>\n<p>Tras estocada, pase\u00f3 un trofeo y dio la vuelta al ruedo mientras la banda hacia sonar el pasodoble Manolete. El tercero, segundo del lote de Paco Ure\u00f1a, un precioso toro de capa colorada, por nombre Aseado, con el n\u00ba 61, permiti\u00f3 mucho m\u00e1s que una faena aseada. Con el capote lo recibi\u00f3 el diestro con una serie de siete ver\u00f3nicas y la r\u00fabrica de una media ver\u00f3nica de cartel, mirando al tendido.<\/p>\n<p>La presidencia concedi\u00f3 el cambio de tercio con un solo puyazo, y dadas las condiciones del animal, Ure\u00f1a hizo un bell\u00edsimo quite por chicuelinas, rematas por una revolera seguida de una larga vibrante y ligada, certificando as\u00ed la encastada y noble embestida de la res. La faena de muleta la inicia de rodillas, con pases muy ligados, rematando con un espectacular pase de pecho, ya en pie. Pese a que por el pit\u00f3n izquierdo, el animal se defend\u00eda y protestaba, la poderosa muleta de Ure\u00f1a, cuyo toreo al natural es uno de sus sellos m\u00e1s valorados por los aficionados, consigui\u00f3 ligar una muy buena serie, con los pies atornillados a la arena. Y otra m\u00e1s, muy meritoria, por la izquierda.<\/p>\n<p>Pero hubo m\u00e1s. De vuelta a la diestra, otra serie de mano muy baja, barriendo el albero, rematada con un cambio de manos y un pase de pecho clamorosos. Vino despu\u00e9s un molinete rodillas en tierra, ayudados por bajo, encadenando tres, aut\u00e9nticas estampas de carteles de toros. Enrabietado, cerr\u00f3 la faena con una serie al natural con la derecha, tirando a la arena el estoque. En la suerte suprema, recet\u00f3 una estocada algo ca\u00edda y el premio fue de dos orejas, con una plaza enfervorecida.<\/p>\n<p>La segunda parte tras el receso<\/p>\n<p>Tras el receso para la tradicional merienda lorquina, el cuarto de la tarde, tampoco ayud\u00f3 al triunfo de Juan Ortega. Sosegado, con el n\u00ba 10, fue el m\u00e1s desclasado y con las fuerzas m\u00e1s justas de todo el encierro. Pese a todo, el matador estuvo muy por encima de las condiciones del animal, intentando sacar agua de un pozo seco. Una estocada que hizo rodar al toro, fue el ep\u00edlogo a una faena frustrante para un torero tan dispuesto y entregado como lo estuvo Ortega toda la tarde. Salud\u00f3 desde el tercio.<\/p>\n<p>El quinto, \u00faltimo del grandioso lote de Ure\u00f1a, llevaba por nombre Campi\u00f1ero, y estaba herrado con el n\u00ba 34. El recibo capotero no presagiaba buenas cosas, ya que rehu\u00eda el enga\u00f1o, no mostraba fijeza alguna y, adem\u00e1s, en el primer encuentro con el del castore\u00f1o sali\u00f3 en estampida al sentir el hierro.<\/p>\n<p>Cuando ya el us\u00eda hab\u00eda cambiado el tercio, se fue al picador que guardaba la puerta, apuntando signos de mansedumbre, y ah\u00ed se encel\u00f3 en el peto.<\/p>\n<p>Tras un interesante tercio de banderillas, y a los sones del pasodoble Nerva, consigui\u00f3 Ure\u00f1a meter al toro en el canasto de su hipn\u00f3tica muleta, llev\u00e1ndolo muy toreado, con grand\u00edsimo temple, ense\u00f1ando a embestir a un animal que sal\u00eda de los embroques con la cabeza por las nubes hasta que, a base de pases con la cadencia perfecta, de uno en uno, consigui\u00f3 acoplarse a sus condiciones. Poca trasmisi\u00f3n y un comportamiento que a otros hubieran creado grandes dificultades, o directamente, les habr\u00eda resultado un reto muy dif\u00edcil de asumir, hicieron a Ure\u00f1a tirar de amor propio (y, tambi\u00e9n hay que decirlo, de su gran preparaci\u00f3n y el estado de gracia en que se encuentra) para poner la sal que le faltaba al animal. Toreo al natural con la mano derecha, mirando al tendido, otra serie de rodillas, dejaron a la res en suerte para recetarle un pinchazo, seguido de media estocada perpendicular y algo ca\u00edda, suficiente para que rodara y para cortar otro ap\u00e9ndice.<\/p>\n<p>Dio Ure\u00f1a muestras de humanidad y empat\u00eda con su subalterno cuando el puntillero no acertaba a finiquitar al animal y los tendidos rug\u00edan. Ya se dirig\u00eda a los medios para recibir la ovaci\u00f3n por su faena cuando desanduvo sus pasos y le dio un reconfortante abrazo que dice mucho de su calidad humana.<\/p>\n<p>El \u00faltimo de la tarde, correspondiente a Juan Ortega, Guerrito, con el n\u00ba 27, sali\u00f3 corret\u00f3n e impidi\u00f3 el m\u00ednimo lucimiento con el capote. Tras recibir un puyazo largo y un tercio de banderillas sin complicaciones, inicio Ortega su faena de muleta al hilo de las tablas, llev\u00e1ndolo a los medios con los toques precisos, muy inspirados y llenos de sabor. Protestaba el animal en cada muletazo, reponiendo y encerrando en su comportamiento un peligro sordo que los buenos aficionados supieron ver. Fue una faena con las plantas muy bien asentadas, sin descomponerse en ning\u00fan momento pese a la imposibilidad del lucimiento que Ortega ansiaba, y menos a\u00fan, de mostrar el toreo caro que atesora este diestro. Exponi\u00e9ndose a una cornada en cada arre\u00f3n del toro, no se arredr\u00f3 y dio muestras de verg\u00fcenza torera y de un gran momento. Finiquit\u00f3 la tarde de estocada, recibiendo una oreja, lo que le permiti\u00f3 la salida a hombros acompa\u00f1ando a Ure\u00f1a, quien se llev\u00f3 el lote m\u00e1s propicio para el triunfo.<\/p>\n<p><img decoding=\"async\" src=\"https:\/\/www.europesays.com\/es\/wp-content\/uploads\/2025\/09\/LSL27GX6O5HORDR7TR6TIE6WRM.jpg\" alt=\"Juan Ortega corta la oreja del sexto de la tarde\" width=\"4\" height=\"3\"  loading=\"lazy\"\/><\/p>\n<p>Juan Ortega corta la oreja del sexto de la tarde \/ Ayuntamiento de Lorca<\/p>\n<p>Ampliar<img decoding=\"async\" src=\"https:\/\/www.europesays.com\/es\/wp-content\/uploads\/2025\/09\/1758525731_760_LSL27GX6O5HORDR7TR6TIE6WRM.jpg\" alt=\"Juan Ortega corta la oreja del sexto de la tarde\" width=\"4\" height=\"3\" loading=\"lazy\"\/><\/p>\n<p>Juan Ortega corta la oreja del sexto de la tarde \/ Ayuntamiento de Lorca<\/p>\n<p>Cerrar<\/p>\n<p>Presidi\u00f3 el festejo, con criterio y acierto, Juan Coronel, asesorado por el matador de toros lorquino Pep\u00edn Jim\u00e9nez.<\/p>\n","protected":false},"excerpt":{"rendered":"Lorca La plaza de toros de Lorca present\u00f3 una buena asistencia de p\u00fablico en el festejo taurino de&hellip;\n","protected":false},"author":2,"featured_media":131262,"comment_status":"","ping_status":"","sticky":false,"template":"","format":"standard","meta":{"footnotes":""},"categories":[277],"tags":[373,168,25,24,23,167,374],"class_list":{"0":"post-131261","1":"post","2":"type-post","3":"status-publish","4":"format-standard","5":"has-post-thumbnail","7":"category-toreo","8":"tag-bullfighting","9":"tag-deportes","10":"tag-es","11":"tag-espana","12":"tag-spain","13":"tag-sports","14":"tag-toreo"},"share_on_mastodon":{"url":"","error":""},"_links":{"self":[{"href":"https:\/\/www.europesays.com\/es\/wp-json\/wp\/v2\/posts\/131261","targetHints":{"allow":["GET"]}}],"collection":[{"href":"https:\/\/www.europesays.com\/es\/wp-json\/wp\/v2\/posts"}],"about":[{"href":"https:\/\/www.europesays.com\/es\/wp-json\/wp\/v2\/types\/post"}],"author":[{"embeddable":true,"href":"https:\/\/www.europesays.com\/es\/wp-json\/wp\/v2\/users\/2"}],"replies":[{"embeddable":true,"href":"https:\/\/www.europesays.com\/es\/wp-json\/wp\/v2\/comments?post=131261"}],"version-history":[{"count":0,"href":"https:\/\/www.europesays.com\/es\/wp-json\/wp\/v2\/posts\/131261\/revisions"}],"wp:featuredmedia":[{"embeddable":true,"href":"https:\/\/www.europesays.com\/es\/wp-json\/wp\/v2\/media\/131262"}],"wp:attachment":[{"href":"https:\/\/www.europesays.com\/es\/wp-json\/wp\/v2\/media?parent=131261"}],"wp:term":[{"taxonomy":"category","embeddable":true,"href":"https:\/\/www.europesays.com\/es\/wp-json\/wp\/v2\/categories?post=131261"},{"taxonomy":"post_tag","embeddable":true,"href":"https:\/\/www.europesays.com\/es\/wp-json\/wp\/v2\/tags?post=131261"}],"curies":[{"name":"wp","href":"https:\/\/api.w.org\/{rel}","templated":true}]}}