{"id":131267,"date":"2025-09-22T07:29:08","date_gmt":"2025-09-22T07:29:08","guid":{"rendered":"https:\/\/www.europesays.com\/es\/131267\/"},"modified":"2025-09-22T07:29:08","modified_gmt":"2025-09-22T07:29:08","slug":"surrealista-un-espontaneo-corria-por-el-campo-mientras-rashford-y-olmo-conectaban-para-el-tercero","status":"publish","type":"post","link":"https:\/\/www.europesays.com\/es\/131267\/","title":{"rendered":"\u00a1Surrealista! Un espont\u00e1neo corr\u00eda por el campo mientras Rashford y Olmo conectaban para el tercero"},"content":{"rendered":"<p>                        El ingl\u00e9s cabalg\u00f3 para bajar un gran pase de Casad\u00f3 y asistir a la llegada de Olmo que finaliz\u00f3 a la perfecci\u00f3n<br \/>\nNo influy\u00f3 para nada en la jugada pero en el otro lado del campo, cerca de Joan Garcia, un hombre se col\u00f3 en el campo con una bandera de Palestina<\/p>\n<p><img src=\"https:\/\/www.mundodeportivo.com\/files\/image_449_220\/files\/fp\/uploads\/2025\/09\/21\/68d060a72cd3d.r_d.374-320.jpeg\" data-full-src=\"https:\/\/www.europesays.com\/es\/wp-content\/uploads\/2025\/09\/68d060a72cd3d.jpeg\" alt=\"Un espont\u00e1neo salt\u00f3 en la otra punta del campo mientras en el \u00e1rea del Getafe marcaba Dani Olmo\" width=\"449\" height=\"220\" class=\"nolazy\" decoding=\"async\" fetchpriority=\"high\"\/><\/p>\n<p class=\"caption-title \">Un espont\u00e1neo salt\u00f3 en la otra punta del campo mientras en el \u00e1rea del Getafe marcaba Dani Olmo<\/p>\n<p>Captura DAZN<\/p>\n<p>                <img loading=\"lazy\" decoding=\"async\" width=\"60\" height=\"60\" alt=\"\u00a1Surrealista! Un espont\u00e1neo corr\u00eda por el campo mientras Rashford y Olmo conectaban para el tercero\" title=\"\" src=\"\/files\/image_60_60\/uploads\/2025\/03\/05\/67c88d5b270cc.png\" class=\"lazy\"\/><\/p>\n<p>\n                        Actualizado a  21\/09\/2025 23:01 CEST\n                    <\/p>\n<p data-gtm-element-container=\"modulo-texto-link\" class=\"paragraph\">El momento surrealista del partido entre el <strong>FC Barcelona<\/strong> y el <strong>Getafe <\/strong>lleg\u00f3 en el minuto 62 de partido cuando <strong>Dani Olmo <\/strong>marc\u00f3 el tercer gol del Bar\u00e7a. Al margen de que fue una jugada muy buena de los azulgrana, con desplazamiento largo de <strong>Casad\u00f3<\/strong>, carrera de <strong>Rashford <\/strong>hasta l\u00ednea de fondo y definici\u00f3n inmaculada de <strong>Dani<\/strong> <strong>Olmo<\/strong>, lo que ocurri\u00f3 es que por la otra punta del campo corr\u00eda un espont\u00e1neo con una bandera de Palestina al mismo tiempo que <strong>Olmo <\/strong>fusilaba la meta de <strong>David Soria<\/strong>.\u00a0<\/p>\n<p data-gtm-element-container=\"modulo-texto-link\" class=\"paragraph\">No influy\u00f3 para nada en la jugada y el colegiado, con muy buen criterio y en aplicaci\u00f3n del reglamento, no cort\u00f3 la jugada y esta acab\u00f3 en el tercer gol azulgrana.\u00a0<\/p>\n<p>    Lee tambi\u00e9n<\/p>\n<p data-gtm-element-container=\"modulo-texto-link\" class=\"paragraph\">Al banquillo visitante no le gust\u00f3 la decisi\u00f3n del \u00e1rbitro y las protestas ostensibles acabaron con roja para el segundo de <strong>Bordal\u00e1s<\/strong>, <strong>Patricio<\/strong> <strong>Moreno<\/strong>.<\/p>\n<p>\n        Mostrar comentarios\n    <\/p>\n<p>{\u00aballowComment\u00bb:\u00bballowed\u00bb,\u00bbarticleId\u00bb:\u00bbarticle-1002536484&#8243;,\u00bburl\u00bb:\u00bbhttps:\\\/\\\/www.mundodeportivo.com\\\/futbol\\\/fc-barcelona\\\/20250921\\\/1002536484\\\/surrealista-espontaneo-corria-campo-rashford-olmo-conectaban-tercero.html\u00bb,\u00bblivefyre-url\u00bb:\u00bbarticle-1002536484&#8243;}<\/p>\n<p>Cargando siguiente contenido&#8230;\n                <\/p>\n","protected":false},"excerpt":{"rendered":"El ingl\u00e9s cabalg\u00f3 para bajar un gran pase de Casad\u00f3 y asistir a la llegada de Olmo que&hellip;\n","protected":false},"author":2,"featured_media":131268,"comment_status":"","ping_status":"","sticky":false,"template":"","format":"standard","meta":{"footnotes":""},"categories":[268],"tags":[168,25,24,280,282,281,23,167],"class_list":{"0":"post-131267","1":"post","2":"type-post","3":"status-publish","4":"format-standard","5":"has-post-thumbnail","7":"category-futbol","8":"tag-deportes","9":"tag-es","10":"tag-espana","11":"tag-football","12":"tag-futbol","13":"tag-soccer","14":"tag-spain","15":"tag-sports"},"share_on_mastodon":{"url":"","error":""},"_links":{"self":[{"href":"https:\/\/www.europesays.com\/es\/wp-json\/wp\/v2\/posts\/131267","targetHints":{"allow":["GET"]}}],"collection":[{"href":"https:\/\/www.europesays.com\/es\/wp-json\/wp\/v2\/posts"}],"about":[{"href":"https:\/\/www.europesays.com\/es\/wp-json\/wp\/v2\/types\/post"}],"author":[{"embeddable":true,"href":"https:\/\/www.europesays.com\/es\/wp-json\/wp\/v2\/users\/2"}],"replies":[{"embeddable":true,"href":"https:\/\/www.europesays.com\/es\/wp-json\/wp\/v2\/comments?post=131267"}],"version-history":[{"count":0,"href":"https:\/\/www.europesays.com\/es\/wp-json\/wp\/v2\/posts\/131267\/revisions"}],"wp:featuredmedia":[{"embeddable":true,"href":"https:\/\/www.europesays.com\/es\/wp-json\/wp\/v2\/media\/131268"}],"wp:attachment":[{"href":"https:\/\/www.europesays.com\/es\/wp-json\/wp\/v2\/media?parent=131267"}],"wp:term":[{"taxonomy":"category","embeddable":true,"href":"https:\/\/www.europesays.com\/es\/wp-json\/wp\/v2\/categories?post=131267"},{"taxonomy":"post_tag","embeddable":true,"href":"https:\/\/www.europesays.com\/es\/wp-json\/wp\/v2\/tags?post=131267"}],"curies":[{"name":"wp","href":"https:\/\/api.w.org\/{rel}","templated":true}]}}