{"id":131271,"date":"2025-09-22T07:36:39","date_gmt":"2025-09-22T07:36:39","guid":{"rendered":"https:\/\/www.europesays.com\/es\/131271\/"},"modified":"2025-09-22T07:36:39","modified_gmt":"2025-09-22T07:36:39","slug":"aplazan-el-clasico-frances-marsella-psg-por-las-fuertes-lluvias-previstas","status":"publish","type":"post","link":"https:\/\/www.europesays.com\/es\/131271\/","title":{"rendered":"Aplazan el &#8216;cl\u00e1sico&#8217; franc\u00e9s Marsella-PSG por las fuertes lluvias previstas"},"content":{"rendered":"<p data-mrf-recirculation=\"Links P\u00e1rrafos\" class=\"ue-c-article__paragraph paragraph ue-c-article--first-letter-highlighted\">El &#8216;cl\u00e1sico&#8217; del f\u00fatbol franc\u00e9s, que deb\u00eda enfrentar este domingo al <strong>Olympique de Marsella y al Par\u00eds Saint-Germain<\/strong>, fue aplazado por la amenaza de lluvias que pesa sobre la ciudad mediterr\u00e1nea francesa, indic\u00f3 la <strong>Prefectura<\/strong>.<\/p>\n<p data-mrf-recirculation=\"Links P\u00e1rrafos\" class=\"ue-c-article__paragraph paragraph\">El departamento en el que se encuentra Marsella est\u00e1 bajo vigilancia naranja por <strong>lluvias e inundaciones que pueden ser de \u00abfuerte intensidad\u00bb durante el partido<\/strong>, en el que se esperaban <strong>70.000 aficionados<\/strong>, agreg\u00f3 la Prefectura en un comunicado.<\/p>\n<p data-mrf-recirculation=\"Links P\u00e1rrafos\" class=\"ue-c-article__paragraph paragraph\">\u00abEn esas condiciones, el prefecto pide a todos los ciudadanos que eviten los desplazamientos <strong>y a no aventurarse en las carreteras<\/strong>, mientras que llama a la mayor prudencia en la ciudad por riesgos de corrimientos urbanos\u00bb, se\u00f1al\u00f3.<\/p>\n<p data-mrf-recirculation=\"Links P\u00e1rrafos\" class=\"ue-c-article__paragraph paragraph\">En ese contexto, el &#8216;cl\u00e1sico&#8217; que deb\u00eda enfrentar al Marsella de <strong>Roberto de Zerbi<\/strong> con el PSG de <strong>Luis Enrique<\/strong> queda aplazado.<\/p>\n<p data-mrf-recirculation=\"Links P\u00e1rrafos\" class=\"ue-c-article__paragraph paragraph\">Las previsiones meteorol\u00f3gicas prev\u00e9n fuertes precipitaciones tormentosas en pocos minutos en Marsella, que pueden compararse a una dana, <strong>con entre 70 y 90 litros por metro cuadrado, con m\u00e1ximos de hasta 120 litros \u00aben pocos minutos\u00bb.<\/strong><\/p>\n<p data-mrf-recirculation=\"Links P\u00e1rrafos\" class=\"ue-c-article__paragraph paragraph\">Esas tormentas est\u00e1n previstas entre las 19 y las 22 horas, mientras que el partido estaba previsto a las 20.45 horas, lo que inclu\u00eda la pr\u00e1ctica totalidad del duelo.<\/p>\n<p data-mrf-recirculation=\"Links P\u00e1rrafos\" class=\"ue-c-article__paragraph paragraph\">\u00abLa intensidad de la lluvia puede ser muy importante por la estacionalidad eventual de focos tormentosos\u00bb, agreg\u00f3 la Prefectura, que alert\u00f3 de posibles corrimientos de tierra en Marsella.<\/p>\n<p data-mrf-recirculation=\"Links P\u00e1rrafos\" class=\"ue-c-article__paragraph paragraph\">Los dos clubes fueron avisados de la suspensi\u00f3n del encuentro, al igual que la <strong>Liga de F\u00fatbol Profesional<\/strong> (LFP), que tendr\u00e1 ahora que encontrar una nueva fecha para disputar el duelo liguero entre el <strong>PSG, l\u00edder con pleno de victorias y el Marsella, octavo con dos triunfos y dos derrotas.<\/strong><\/p>\n<p data-mrf-recirculation=\"Links P\u00e1rrafos\" class=\"ue-c-article__paragraph paragraph\">El partido entre los dos grandes rivales despierta una gran atenci\u00f3n en Francia.<\/p>\n","protected":false},"excerpt":{"rendered":"El &#8216;cl\u00e1sico&#8217; del f\u00fatbol franc\u00e9s, que deb\u00eda enfrentar este domingo al Olympique de Marsella y al Par\u00eds Saint-Germain,&hellip;\n","protected":false},"author":2,"featured_media":131272,"comment_status":"","ping_status":"","sticky":false,"template":"","format":"standard","meta":{"footnotes":""},"categories":[93],"tags":[168,25,24,23,167],"class_list":{"0":"post-131271","1":"post","2":"type-post","3":"status-publish","4":"format-standard","5":"has-post-thumbnail","7":"category-deportes","8":"tag-deportes","9":"tag-es","10":"tag-espana","11":"tag-spain","12":"tag-sports"},"share_on_mastodon":{"url":"","error":""},"_links":{"self":[{"href":"https:\/\/www.europesays.com\/es\/wp-json\/wp\/v2\/posts\/131271","targetHints":{"allow":["GET"]}}],"collection":[{"href":"https:\/\/www.europesays.com\/es\/wp-json\/wp\/v2\/posts"}],"about":[{"href":"https:\/\/www.europesays.com\/es\/wp-json\/wp\/v2\/types\/post"}],"author":[{"embeddable":true,"href":"https:\/\/www.europesays.com\/es\/wp-json\/wp\/v2\/users\/2"}],"replies":[{"embeddable":true,"href":"https:\/\/www.europesays.com\/es\/wp-json\/wp\/v2\/comments?post=131271"}],"version-history":[{"count":0,"href":"https:\/\/www.europesays.com\/es\/wp-json\/wp\/v2\/posts\/131271\/revisions"}],"wp:featuredmedia":[{"embeddable":true,"href":"https:\/\/www.europesays.com\/es\/wp-json\/wp\/v2\/media\/131272"}],"wp:attachment":[{"href":"https:\/\/www.europesays.com\/es\/wp-json\/wp\/v2\/media?parent=131271"}],"wp:term":[{"taxonomy":"category","embeddable":true,"href":"https:\/\/www.europesays.com\/es\/wp-json\/wp\/v2\/categories?post=131271"},{"taxonomy":"post_tag","embeddable":true,"href":"https:\/\/www.europesays.com\/es\/wp-json\/wp\/v2\/tags?post=131271"}],"curies":[{"name":"wp","href":"https:\/\/api.w.org\/{rel}","templated":true}]}}