{"id":131274,"date":"2025-09-22T07:38:07","date_gmt":"2025-09-22T07:38:07","guid":{"rendered":"https:\/\/www.europesays.com\/es\/131274\/"},"modified":"2025-09-22T07:38:07","modified_gmt":"2025-09-22T07:38:07","slug":"avance-de-la-promesa-capitulo-de-hoy-lunes-22-de-septiembre-pia-rota-de-dolor-se-prepara-para-irse-a-aranjuez-el-mundo","status":"publish","type":"post","link":"https:\/\/www.europesays.com\/es\/131274\/","title":{"rendered":"Avance de &#039;La Promesa&#039;, cap\u00edtulo de hoy, lunes 22 de septiembre: P\u00eda, rota de dolor, se prepara para irse a Aranjuez &#8211; El Mundo"},"content":{"rendered":"<ol>\n<li><a href=\"https:\/\/news.google.com\/rss\/articles\/CBMiiAFBVV95cUxNWi1TSzZMVzl2S1k4b2drcHpiVDVseGZBdnZDQXhSMy11c3NSdi02cC1JaV8ybUVUWkd6dVFsMHVTcmhkd2cyNmx3YXdTT3BBODBZdXBDNzJsb3FGdTE0NUIwQjI3R3hLY3J0LWN5aWpxdGhycmhKWGhKbmluYnVPOE15ci1lXzh10gGIAUFVX3lxTE1yanJjelJObW54dDFPbDkxOGZSWVdJREJSLWUwUllqZjFXdDdaVUdGZWM1SGVDeGNGZHlsRWlqWUduOUoyUEJKR2ZBOHg2NVE3NDNTN3NMMTVJbzZWbjJtQ0I3SV9BdWlTVVdydmhWdzllcl8wdFpHRUdiWGYtUWtpR3JWNVhVNmk?oc=5\" target=\"_blank\" rel=\"nofollow noopener\">Avance de &#8216;La Promesa&#8217;, cap\u00edtulo de hoy, lunes 22 de septiembre: P\u00eda, rota de dolor, se prepara para irse a Aranjuez<\/a>&nbsp;&nbsp;El Mundo<\/li>\n<li><a href=\"https:\/\/news.google.com\/rss\/articles\/CBMimgFBVV95cUxQcUxUVEwzRmJKUkdYQkZTRk5FcHhNZFFLa1FFcGNBdVNqZlM0VWw0VXl5ZjBMMkg4Rk5LYjFoMEhFY05WNVczME5EWkU4T05fRU9HQUF5T2hWOFA0a3NDOVNXVjVrWjRCb2hsZ3UyYVhMU3hvdHBWemllcVd6ZTNTLW9RTUxjMS13YkhTVWpuQ3dKTFpNWmNWaE1B0gGaAUFVX3lxTFBRT3FyWkFTU3dEbUxsOFVYTWYzM3VsQWowaFZSMm1jVEIwY1IzYW0xU3Y3MnU2V2RpYk5Kd0hpTzQ0X2NFRzM5RkRBODRCeEN1TUpKYzlYcGhzNmJ3ZW1pcWFmdHNLeWNFN0JYR0QxWkFjck9mR0V4SG4zOUc5blVhd1J3VHRsYXU4M0pyUWJyQk5iU29oZ3R5WVE?oc=5\" target=\"_blank\" rel=\"nofollow noopener\">Avance semanal de &#8216;La Promesa&#8217; del 22 al 26 de septiembre: Catalina, obligada a abandonar el palacio<\/a>&nbsp;&nbsp;RTVE.es<\/li>\n<li><a href=\"https:\/\/news.google.com\/rss\/articles\/CBMiiAFBVV95cUxQblVsaFVEdEdBZUxndnRPRG1Sd1dyVnJZeTgxem9GYlk2VEhLc3o0bFNZWndpN1ZSSzZVa1lOZC1RRTE1dWxvMHVjM2RsSmxHVUZMRnZUS0psR3VBMmppWUJzQVdnMzdqdXZ3YlFDcFk3bDBwSTBDSTZjRWtlY1VvaUdyZEdlbUZI0gGIAUFVX3lxTE1ERTM1cFl4S1hObXd0ejNZWGhPdllsTVJfUHdFeTFJcVBRempNZk15Tl9mbEIxTTRDZFFrSVc1VFFJUGwzNERuZ3cteGdJOHR2WGFMR3pJWWdsMEJKRDNjSUJCS3ExWW5GelI0V0tObDZsWFFuWXFsM1dsYWdPWURmNmd3MmFXX0M?oc=5\" target=\"_blank\" rel=\"nofollow noopener\">Avance semanal de &#8216;La Promesa&#8217; del 22 al 26 de septiembre: La salud de Petra empeora y Catalina desaparece de palacio<\/a>&nbsp;&nbsp;El Mundo<\/li>\n<li><a href=\"https:\/\/news.google.com\/rss\/articles\/CBMizAFBVV95cUxNeldEbHdvcUk4X21WMDlkRnJnQ2Rmbmk5UzM5QzJKb09UMGpSRUs3WER0WjJyTzEyZWpvMXhfYXNtc2ZoUGVoakpBOEJjYTdnZVp2V1RRb01zck5aazl5M09LMHlTNGZwUVNxVHk0RnR3Y2h2YVo4VndHcGlFc29UY3ByN0hJSnE1dkI5MmxtUERCbTQ5UzAzVDlzaElKbzBtd195Z0hrc2FWVGZCYnJFUDVUaDRwXzdRa1FUc09ETUdVR0lrR01kcGdrVjE?oc=5\" target=\"_blank\" rel=\"nofollow noopener\">Avance del cap\u00edtulo 680 de &#8216;La Promesa&#8217;: crece la desesperaci\u00f3n, la incertidumbre y la tensi\u00f3n<\/a>&nbsp;&nbsp;La Vanguardia<\/li>\n<li><a href=\"https:\/\/news.google.com\/rss\/articles\/CBMiwgFBVV95cUxNWjZIY29sM19IdnZiOXU5UXBaQTZhNjJqQV9NZ1NzNllVaDNlMVJtbmtKaGxuLUItbzNVYWYxeUI1UGdOdkJkSUlDNkN5alNSSUx1VUFRNVZiZlBGSmhxQWY3cnZHcHlKVzRTNnBBWVVrYVNmTV81aENoUVFfUUxqWVpWdXVpQ1NUajRtdmNCNGFvb0F6ZzhSbWlVUkJud05aa3NET0lPdGJKeEdWczA2Vk0xYmVDbVYwaWRqUndMWE9iQQ?oc=5\" target=\"_blank\" rel=\"nofollow noopener\">Avance del cap\u00edtulo de &#8216;La Promesa&#8217; del viernes, 19 de septiembre: Catalina recibe una carta que lo cambiar\u00e1 todo<\/a>&nbsp;&nbsp;El Confidencial<\/li>\n<\/ol>\n","protected":false},"excerpt":{"rendered":"Avance de &#8216;La Promesa&#8217;, cap\u00edtulo de hoy, lunes 22 de septiembre: P\u00eda, rota de dolor, se prepara para&hellip;\n","protected":false},"author":2,"featured_media":131275,"comment_status":"","ping_status":"","sticky":false,"template":"","format":"standard","meta":{"footnotes":""},"categories":[91],"tags":[11030,146,147,25,24,11031,805,23,807,11029,6761],"class_list":{"0":"post-131274","1":"post","2":"type-post","3":"status-publish","4":"format-standard","5":"has-post-thumbnail","7":"category-entretenimiento","8":"tag-cineseries","9":"tag-entertainment","10":"tag-entretenimiento","11":"tag-es","12":"tag-espana","13":"tag-la-promesa","14":"tag-series","15":"tag-spain","16":"tag-television","17":"tag-television-series","18":"tag-tresb"},"share_on_mastodon":{"url":"","error":""},"_links":{"self":[{"href":"https:\/\/www.europesays.com\/es\/wp-json\/wp\/v2\/posts\/131274","targetHints":{"allow":["GET"]}}],"collection":[{"href":"https:\/\/www.europesays.com\/es\/wp-json\/wp\/v2\/posts"}],"about":[{"href":"https:\/\/www.europesays.com\/es\/wp-json\/wp\/v2\/types\/post"}],"author":[{"embeddable":true,"href":"https:\/\/www.europesays.com\/es\/wp-json\/wp\/v2\/users\/2"}],"replies":[{"embeddable":true,"href":"https:\/\/www.europesays.com\/es\/wp-json\/wp\/v2\/comments?post=131274"}],"version-history":[{"count":0,"href":"https:\/\/www.europesays.com\/es\/wp-json\/wp\/v2\/posts\/131274\/revisions"}],"wp:featuredmedia":[{"embeddable":true,"href":"https:\/\/www.europesays.com\/es\/wp-json\/wp\/v2\/media\/131275"}],"wp:attachment":[{"href":"https:\/\/www.europesays.com\/es\/wp-json\/wp\/v2\/media?parent=131274"}],"wp:term":[{"taxonomy":"category","embeddable":true,"href":"https:\/\/www.europesays.com\/es\/wp-json\/wp\/v2\/categories?post=131274"},{"taxonomy":"post_tag","embeddable":true,"href":"https:\/\/www.europesays.com\/es\/wp-json\/wp\/v2\/tags?post=131274"}],"curies":[{"name":"wp","href":"https:\/\/api.w.org\/{rel}","templated":true}]}}