{"id":131281,"date":"2025-09-22T07:42:09","date_gmt":"2025-09-22T07:42:09","guid":{"rendered":"https:\/\/www.europesays.com\/es\/131281\/"},"modified":"2025-09-22T07:42:09","modified_gmt":"2025-09-22T07:42:09","slug":"el-mito-del-35-por-ivan-redondo","status":"publish","type":"post","link":"https:\/\/www.europesays.com\/es\/131281\/","title":{"rendered":"El mito del 35%, por Iv\u00e1n Redondo"},"content":{"rendered":"<p data-gtm-element-container=\"modulo-texto-link\" class=\"paragraph\">Los ingenieros del orden, que no del caos, deben descansar sobre certidumbres sus estrategias pol\u00edticas. Una de esas certidumbres es que Catalunya siempre anticipa ciclos en Espa\u00f1a: pierden los cl\u00e1sicos y ganan los antisistema de derechas. \u00c9ste es el principal titular de la encuesta que publicamos ayer sobre intenci\u00f3n de voto en catalanas. Ya anticipamos que los autoritarios Vox\/Alian\u00e7a Catalana ten\u00edan transferencias de todos. Lo del mito del 35% de voto socialista o popular, que encabeza este art\u00edculo, por tanto, es vivir t\u00e9cnicamente en Plut\u00f3n. La cota 35% no es ni logos ni mito, porque no estamos en 2008. De hecho, las personas que nacieron en 2008 votar\u00e1n por primera vez ahora para el que est\u00e9 despistado.<\/p>\n<p data-gtm-element-container=\"modulo-texto-link\" class=\"paragraph\">Miren, en estas 500 Millas de Indian\u00e1polis pol\u00edticas trabajar con certidumbres es dise\u00f1ar un coche ganador sabiendo que el bloque de la derecha \u2013pase lo que pase\u2013 no llegar\u00e1 al 50% del voto v\u00e1lido en las generales, o que en el otro bloque los nacionalistas y otros no bajar\u00e1n nunca del 11% de votos v\u00e1lidos, y que por ello la izquierda (PSOE y todos los dem\u00e1s), a lo sumo, podr\u00e1n aspirar al 39%-42%, seg\u00fan como se comporte tambi\u00e9n la derecha. Esto son certidumbres, o grandes surcos, que hacen posible hacer que la carrera te elija a ti.<\/p>\n<p>Lo del mito del 35% de voto socialista o popular es vivir t\u00e9cnicamente en Plut\u00f3n<\/p>\n<p data-gtm-element-container=\"modulo-texto-link\" class=\"paragraph\">Otra certidumbre es que las siguientes generales no tendr\u00e1n nada que ver con las de 2011, con tres millones de desmovilizados en la izquierda. La participaci\u00f3n, esta vez, se asemejar\u00e1 a la del 2015, acerc\u00e1ndose al 70%. La del 23-J fue comparable a la del 2011, casi 700.000 personas menos que en 2015 con un censo de un mill\u00f3n de personas m\u00e1s. Este baj\u00f3n certifica la ausencia de creatividad y la poca tracci\u00f3n de los cl\u00e1sicos frente a la restauraci\u00f3n del autoritarismo.<\/p>\n<p data-gtm-element-container=\"modulo-texto-link\" class=\"paragraph\">Lo del mito del 35% se cae por su propio peso con este nuevo contexto. De hecho, para que el PP llegue al 35%, lo tendr\u00eda que hacer por dos v\u00edas fundamentalmente que chocan entre s\u00ed: o por la v\u00eda Aznar-Ayuso, a mamporro limpio con el PSOE para tratar de recuperar el mill\u00f3n largo de votos que ya le han transferido a Vox; o por la v\u00eda Moreno-Azc\u00f3n, a base de seducir al elector central que puede confiar en la derecha democr\u00e1tica, una v\u00eda que le dio la victoria en las andaluzas del 2022, pero que se la quit\u00f3 el 23-J por falta de claridad, una \u00faltima semana ca\u00f3tica y los 20.000 votos de \u00cdcaro-Feij\u00f3o en cuatro provincias. Las dos v\u00edas son incompatibles, con el peligro que ni una ni otra terminen por funcionar si no tienes un buen motor, chasis y aerodin\u00e1mica. Pero es que con los actuales n\u00fameros les tendr\u00edan que funcionar ambas para volver a aspirar al 35%, porque a Vox como MAGA espa\u00f1ol no lo bajar\u00e1 nadie del 15%. Y ante la indefinici\u00f3n ya le dice hola en el Consejo de Ministros.<\/p>\n<p>                <img loading=\"lazy\" decoding=\"async\" data-full-src=\"https:\/\/www.lavanguardia.com\/uploads\/2025\/09\/21\/68d031d7801af.jpeg\" alt=\"El presidente del Gobierno, Pedro S\u00e1nchez, recibe este jueves al l\u00edder del PP, Alberto N\u00fa\u00f1ez Feij\u00f3o, en el Palacio de la Moncloa para abordar la seguridad en Europa y el gasto en defensa en la que es su primera reuni\u00f3n a solas desde 2023.\" width=\"449\" height=\"299\" src=\"https:\/\/www.europesays.com\/es\/wp-content\/uploads\/2025\/09\/68d031d7801af.r_d.2787-2252.jpeg\" class=\"lazy\"\/><\/p>\n<p class=\"caption-title \">S\u00e1nchez i Feij\u00f3o se reunieron en la Moncloa, en marzo de este a\u00f1o<\/p>\n<p>                    DANI DUCH<\/p>\n<p data-gtm-element-container=\"modulo-texto-link\" class=\"paragraph\">En el otro lado, para que el PSOE llegue al 35% s\u00f3lo hay dos v\u00edas: o por la v\u00eda Zapatero, con el intento de absorci\u00f3n del votante de izquierdas, que ante la falla de la oferta electoral de Sumar, y la mal llamada polarizaci\u00f3n, piensan que har\u00edan, craso error, como en el 2008: apoyar en masa al candidato socialista; o por la v\u00eda Carlos Cuerpo, con ese japon\u00e9s que tanto nos gusta (antes v\u00eda Nadia Calvi\u00f1o), que consiste en la construcci\u00f3n de una causa central desde la izquierda, hoy podr\u00eda ser la del Partido Dem\u00f3crata frente al autoritarismo, en la que el PSOE, junto a sus aliados unidos en una candidatura \u00fanica de 3 millones de votos, conseguir\u00eda no s\u00f3lo movilizar a los que faltan, sino tambi\u00e9n desmovilizar al elector de la derecha democr\u00e1tica. Ante la indefinici\u00f3n, suman una supermayor\u00eda PP-Vox.<\/p>\n<p data-gtm-element-container=\"modulo-texto-link\" class=\"paragraph\">Preguntas: \u00bfAlguien cree que el PSOE hoy podr\u00eda repetir el momento m\u00e1s \u00e1lgido del bipartidismo, las elecciones de marzo del 2008, con un 44% de los votos, dejando a IU y nacionalistas en los huesos? \u00bfAlguien piensa que reducir\u00e1 el 4,5% de Podemos, que es rocoso, al 1,5%? \u00bfY al espacio de Sumar del 7% al 1,5%, teniendo en cuenta que all\u00ed se agregan los Comunes, Comprom\u00eds y m\u00e1s etc\u00e9teras, que no est\u00e1n en el bloque de los nacionalistas? El espacio que no vota PSOE a su izquierda siempre ha existido. No lo vemos. Gaspar Llamazares, en 2008, obtuvo el 3,77% de los votos.<\/p>\n<p data-gtm-element-container=\"modulo-texto-link\" class=\"paragraph\">Gana el que gobierna. Feij\u00f3o lo supo despu\u00e9s, aunque es as\u00ed desde el 6 de diciembre de 1978. As\u00ed que aunque el mito del 35% puede ser un objetivo loable, es vieja consultor\u00eda. Los ingenieros del orden saben que en pol\u00edtica leer una frase feliz es tan s\u00f3lo cubrirse la cara, escribir claro al igual que liderar un camino es mostrarla. \u00c9sa es la nueva consultor\u00eda.<\/p>\n<p>Next Week<br \/>\nLa guerra de Irak<\/p>\n<p class=\"module-text\">Los espacios electorales son rocosos en Espa\u00f1a y la estabilidad electoral tambi\u00e9n. Aqu\u00ed no hay grandes vuelcos, ni sorpresas. En el 2003 la mayor\u00eda absoluta del PP en el Congreso vot\u00f3 lo de la guerra de Irak cuando el 90% de los espa\u00f1oles estaba en contra. Craso error. En 2004, aquello explic\u00f3 muchas cosas. No fue un vuelco, sino un resultado electoral que reflejaba d\u00f3nde hab\u00eda estado siempre Espa\u00f1a. Con Palestina sucede exactamente lo mismo: el 82% de los espa\u00f1oles considera que es un \u201cgenocidio\u201d. Fuente: Real Instituto Elcano.<\/p>\n<p>El ojo de halc\u00f3n<br \/>\nMit\u00f3logos<\/p>\n<p class=\"module-text\">El nuevo libro Mit\u00f3logos de Toni Aira es una delicia para los amantes de la comunicaci\u00f3n pol\u00edtica. El mito es el \u00e9xito y Aira lo explica como nadie. Las im\u00e1genes ic\u00f3nicas nunca son fruto del azar. Han sido esculpidas a lo largo de los siglos con inteligencia, c\u00e1lculo y vocaci\u00f3n de eternidad. Como las palabras, las im\u00e1genes comunican, pero, sobre todo, despiertan los sentidos, activan la memoria y seducen. El mito es una herramienta imprescindible para los ingenieros del orden. La obra se presenta el 1 octubre en Madrid y el 16 en Barcelona.<\/p>\n","protected":false},"excerpt":{"rendered":"Los ingenieros del orden, que no del caos, deben descansar sobre certidumbres sus estrategias pol\u00edticas. Una de esas&hellip;\n","protected":false},"author":2,"featured_media":131282,"comment_status":"","ping_status":"","sticky":false,"template":"","format":"standard","meta":{"footnotes":""},"categories":[8],"tags":[17,18,25,24,13,14,11,19,20,9,10,15,16,23,12,21,22],"class_list":{"0":"post-131281","1":"post","2":"type-post","3":"status-publish","4":"format-standard","5":"has-post-thumbnail","7":"category-espana","8":"tag-breaking-news","9":"tag-breakingnews","10":"tag-es","11":"tag-espana","12":"tag-featured-news","13":"tag-featurednews","14":"tag-headlines","15":"tag-latest-news","16":"tag-latestnews","17":"tag-news","18":"tag-noticias","19":"tag-noticias-destacadas","20":"tag-noticiasdestacadas","21":"tag-spain","22":"tag-titulares","23":"tag-ultimas-noticias","24":"tag-ultimasnoticias"},"share_on_mastodon":{"url":"","error":""},"_links":{"self":[{"href":"https:\/\/www.europesays.com\/es\/wp-json\/wp\/v2\/posts\/131281","targetHints":{"allow":["GET"]}}],"collection":[{"href":"https:\/\/www.europesays.com\/es\/wp-json\/wp\/v2\/posts"}],"about":[{"href":"https:\/\/www.europesays.com\/es\/wp-json\/wp\/v2\/types\/post"}],"author":[{"embeddable":true,"href":"https:\/\/www.europesays.com\/es\/wp-json\/wp\/v2\/users\/2"}],"replies":[{"embeddable":true,"href":"https:\/\/www.europesays.com\/es\/wp-json\/wp\/v2\/comments?post=131281"}],"version-history":[{"count":0,"href":"https:\/\/www.europesays.com\/es\/wp-json\/wp\/v2\/posts\/131281\/revisions"}],"wp:featuredmedia":[{"embeddable":true,"href":"https:\/\/www.europesays.com\/es\/wp-json\/wp\/v2\/media\/131282"}],"wp:attachment":[{"href":"https:\/\/www.europesays.com\/es\/wp-json\/wp\/v2\/media?parent=131281"}],"wp:term":[{"taxonomy":"category","embeddable":true,"href":"https:\/\/www.europesays.com\/es\/wp-json\/wp\/v2\/categories?post=131281"},{"taxonomy":"post_tag","embeddable":true,"href":"https:\/\/www.europesays.com\/es\/wp-json\/wp\/v2\/tags?post=131281"}],"curies":[{"name":"wp","href":"https:\/\/api.w.org\/{rel}","templated":true}]}}