{"id":131293,"date":"2025-09-22T07:53:11","date_gmt":"2025-09-22T07:53:11","guid":{"rendered":"https:\/\/www.europesays.com\/es\/131293\/"},"modified":"2025-09-22T07:53:11","modified_gmt":"2025-09-22T07:53:11","slug":"jamaica-la-hija-de-l-gante-y-tamara-baez-tuvo-un-doble-festejo-de-cumpleanos-con-arcoiris-flores-y-sorpresas","status":"publish","type":"post","link":"https:\/\/www.europesays.com\/es\/131293\/","title":{"rendered":"Jamaica, la hija de L-Gante y Tamara B\u00e1ez, tuvo un doble festejo de cumplea\u00f1os con arco\u00edris, flores y sorpresas"},"content":{"rendered":"<p><img alt=\"La hija de L-Gante y\" class=\"global-image\" decoding=\"async\" fetchpriority=\"high\" height=\"1080\" loading=\"eager\" src=\"https:\/\/www.europesays.com\/es\/wp-content\/uploads\/2025\/09\/ZZU62BNB5RG7HMMQ6LVMVLWJ5E.jpg\" width=\"1920\"\/>La hija de L-Gante y Tamara B\u00e1ez celebr\u00f3 su segunda fiesta de cumplea\u00f1os (Instagram)<\/p>\n<p class=\"paragraph\">Hace unos d\u00edas, <a rel=\"noopener noreferrer nofollow\" href=\"https:\/\/www.infobae.com\/tag\/jamaica\/\" target=\"_blank\" title=\"https:\/\/www.infobae.com\/tag\/jamaica\/\"><b>Jamaica<\/b><\/a>, la hija de<a rel=\"noopener noreferrer nofollow\" href=\"https:\/\/www.infobae.com\/tag\/l-gante\/\" target=\"_blank\" title=\"https:\/\/www.infobae.com\/tag\/l-gante\/\"> <b>L-Gante<\/b><\/a> y <a rel=\"noopener noreferrer nofollow\" href=\"https:\/\/www.infobae.com\/tag\/tamara-baez\/\" target=\"_blank\" title=\"https:\/\/www.infobae.com\/tag\/tamara-baez\/\"><b>Tamara B\u00e1ez<\/b>,<\/a> <b>fue la protagonista de una serie de festejos <\/b>que una vez m\u00e1s pusieron el foco en la tierna y especial relaci\u00f3n que la une a sus padres. A sus cuatro a\u00f1os, la peque\u00f1a se vio envuelta en una ola de afecto y celebraciones que no solo contaron con la presencia de su entorno familiar y de amigos, sino que tambi\u00e9n se desplegaron visualmente en las redes sociales, donde las im\u00e1genes y detalles de su gran d\u00eda hicieron suspirar a miles de seguidores. Para homenajearla por todo lo alto,<b> Tamara organiz\u00f3 una segunda fiesta inolvidable en la que los globos, las flores y, por sobre todo, los tonos pasteles y los arco\u00edris fueron protagonistas de principio a fin<\/b>. <\/p>\n<p class=\"paragraph\">En su cuenta de Instagram, la influencer no se guard\u00f3 nada y comparti\u00f3 cada momento de la previa y el desarrollo de la celebraci\u00f3n. \u201c<b>Hoy es un d\u00eda muy especial para mi ni\u00f1a so\u00f1ada, mi princesa de mam\u00e1. Sos lo mejor que me pudo pasar despu\u00e9s de tanto esperar. Hoy se festeja como tanto quer\u00edas tus cuatro a\u00f1os<\/b>\u201d, escribi\u00f3 Tamara junto a una serie de postales que hablan por s\u00ed mismas.<\/p>\n<p class=\"paragraph\">En esas im\u00e1genes, Jamaica <b>se luci\u00f3 con un look de vestido con tul y flores en colores pasteles, divertida y encantada<\/b> frente a un fondo repleto de globos y un gran arco\u00edris como tel\u00f3n de fondo. La alegr\u00eda y el colorido de la puesta invadieron las publicaciones y dejaron en claro el nivel de detalle y amor que Tamara volc\u00f3 en cada elecci\u00f3n para la fiesta. No faltaron las fotos con la cumplea\u00f1era rodeada de familiares y sonriente ante cada cumplido y saludo.<\/p>\n<p><img alt=\"El tierno look de Jamaica\" class=\"global-image\" decoding=\"async\" fetchpriority=\"low\" height=\"1350\" loading=\"lazy\" src=\"https:\/\/www.europesays.com\/es\/wp-content\/uploads\/2025\/09\/YLZXLDYFPFFUBHMIZSOIV2BORM.jpg\" width=\"1080\"\/>El tierno look de Jamaica para celebrar su segunda fiesta de cumplea\u00f1os<img alt=\"Con una amplia sonrisa, la\" class=\"global-image\" decoding=\"async\" fetchpriority=\"low\" height=\"1350\" loading=\"lazy\" src=\"https:\/\/www.europesays.com\/es\/wp-content\/uploads\/2025\/09\/HAIDJDGW7BBNZPHXBJNJ5E5GFM.jpg\" width=\"1080\"\/>Con una amplia sonrisa, la nena pos\u00f3 con su outfit a juego con la tem\u00e1tica de la fiesta<\/p>\n<p class=\"paragraph\">La decoraci\u00f3n del sal\u00f3n fue otro de los puntos altos del evento. En las historias de la modelo se pudo ver a Jamaica posando junto a <b>una torta de tres pisos totalmente rosa, decorada con margaritas y toques multicolores<\/b>. Los souvenirs tampoco estuvieron ausentes: cada invitado recibi\u00f3 un vaso blanco con sorbete y una caja especialmente decorada con el nombre de Jamaica, que se sumaron a las mesas vestidas de lila y globos pasteles como centros de mesa. El toque que<b> complet\u00f3 el ambiente fue un arco\u00edris gigante sobre los ventanales, marcando la est\u00e9tica m\u00e1gica de la noche, adem\u00e1s de una pi\u00f1ata al tono<\/b> y una gigantograf\u00eda con la imagen de la homenajeada, que presidi\u00f3 el sal\u00f3n como epicentro visual.<\/p>\n<p class=\"paragraph\"><b>La fiesta de arco\u00edris fue apenas la segunda parte de los festejos<\/b>. D\u00edas antes,<a rel=\"noopener noreferrer nofollow\" href=\"https:\/\/www.infobae.com\/teleshow\/2025\/09\/14\/fiesta-spa-y-noviazgo-confirmado-tamara-baez-celebro-los-4-anos-de-jamaica-y-sello-su-vuelta-con-thiago-martinez\/\" target=\"_blank\" title=\"https:\/\/www.infobae.com\/teleshow\/2025\/09\/14\/fiesta-spa-y-noviazgo-confirmado-tamara-baez-celebro-los-4-anos-de-jamaica-y-sello-su-vuelta-con-thiago-martinez\/\"><b> la peque\u00f1a Jamaica ya hab\u00eda tenido una gran celebraci\u00f3n en casa<\/b><\/a>, donde B\u00e1ez apost\u00f3 a una ambientaci\u00f3n distinta pero igual de especial: esta vez, los personajes de <a rel=\"noopener noreferrer nofollow\" href=\"https:\/\/www.infobae.com\/tag\/hello-kitty\/\" target=\"_blank\" title=\"https:\/\/www.infobae.com\/tag\/hello-kitty\/\"><b>Hello Kitty<\/b><\/a> lo cubri\u00f3 todo, con globos que formaban corazones, la inicial de la homenajeada y una paleta de colores envolvente y alegre. A ese clima de juego y ternura, se sum\u00f3 un \u201cspa de princesas\u201d, pensado para que Jamaica y sus amigas pudieran intercambiar complicidad y juegos mientras recib\u00edan tratamientos de belleza infantiles, dise\u00f1ados para la ocasi\u00f3n.<\/p>\n<p><img alt=\"La agasajada junto a su\" class=\"global-image\" decoding=\"async\" fetchpriority=\"low\" height=\"1138\" loading=\"lazy\" src=\"https:\/\/www.europesays.com\/es\/wp-content\/uploads\/2025\/09\/Q7FH3NKS3RH2DCN3UPJXECWLXI.jpg\" width=\"640\"\/>La agasajada junto a su torta de tres pisos repleta de arco\u00edris y margaritas<img alt=\"El arco\u00edris de globos se\" class=\"global-image\" decoding=\"async\" fetchpriority=\"low\" height=\"1138\" loading=\"lazy\" src=\"https:\/\/www.europesays.com\/es\/wp-content\/uploads\/2025\/09\/H4OMQG36ZNHDFJHERQCKGW3LVM.jpg\" width=\"640\"\/>El arco\u00edris de globos se rob\u00f3 el protagonismo del sal\u00f3n de fiestas<\/p>\n<p class=\"paragraph\">Las postales de esa primera reuni\u00f3n dejaron para el recuerdo a Jamaica con distintos cambios de look: primero, short y musculosa blancos; luego, una remera negra y una corona de princesa en la cabeza, siempre mostrando entusiasmo, curiosidad y esa alegr\u00eda contagiosa de los primeros a\u00f1os. Entre los momentos favoritos de los invitados estuvieron los mu\u00f1ecos gigantes que acompa\u00f1aron todo el evento, con un especial protagonismo de Hello Kitty. La ni\u00f1a pos\u00f3 sonriente y abrazada a su personaje favorito en diferentes im\u00e1genes, mientras las c\u00e1maras capturaban la complicidad con amigos y seres queridos.<\/p>\n<p class=\"paragraph\">El episodio m\u00e1s entra\u00f1able lleg\u00f3 a la hora de la torta. Jamaica <b>se par\u00f3 frente a una torta violeta adornada con un mu\u00f1eco de Kuromi, otro personaje querido por la homenajeada<\/b>, y al soplar las velitas dej\u00f3 ver una felicidad sincera que termin\u00f3 por conquistar a todos. La alegr\u00eda de Jamaica se reflej\u00f3 no solo en los registros del evento, sino tambi\u00e9n en la satisfacci\u00f3n de Tamara, que vivi\u00f3 y mostr\u00f3 en redes cada instante, confirmando que no hay nada m\u00e1s importante que celebrar la infancia, los sue\u00f1os y la familia.<\/p>\n<p><img alt=\"Los souvenirs para los invitados\" class=\"global-image\" decoding=\"async\" fetchpriority=\"low\" height=\"1138\" loading=\"lazy\" src=\"https:\/\/www.europesays.com\/es\/wp-content\/uploads\/2025\/09\/CTP3ZUTEDBGABHOPDCCBSP2SI4.jpg\" width=\"640\"\/>Los souvenirs para los invitados fueron ubicados en las mesas del sal\u00f3n<img alt=\"El toque final de la\" class=\"global-image\" decoding=\"async\" fetchpriority=\"low\" height=\"1138\" loading=\"lazy\" src=\"https:\/\/www.europesays.com\/es\/wp-content\/uploads\/2025\/09\/5Z6JQOUCXFFIJL3YDWREYZGNOY.jpg\" width=\"640\"\/>El toque final de la fiesta: una pi\u00f1ata de arco\u00edris y una gigantograf\u00eda de Jamaica (Instagram)<\/p>\n<p class=\"paragraph\">As\u00ed, entre arco\u00edris, flores y sorpresas, Jamaica tuvo sus dos grandes fiestas de cumplea\u00f1os: uno \u00edntimo y con tem\u00e1tica de princesas y Hello Kitty, otro a puro color y magia en un sal\u00f3n donde el amor de Tamara fue protagonista. Un homenaje doble para celebrar cuatro a\u00f1os de sonrisas, aprendizaje y un mundo de cari\u00f1o que crece junto a ella, d\u00eda tras d\u00eda.<\/p>\n","protected":false},"excerpt":{"rendered":"La hija de L-Gante y Tamara B\u00e1ez celebr\u00f3 su segunda fiesta de cumplea\u00f1os (Instagram) Hace unos d\u00edas, Jamaica,&hellip;\n","protected":false},"author":2,"featured_media":131294,"comment_status":"","ping_status":"","sticky":false,"template":"","format":"standard","meta":{"footnotes":""},"categories":[174],"tags":[255,146,147,25,24,256,23],"class_list":{"0":"post-131293","1":"post","2":"type-post","3":"status-publish","4":"format-standard","5":"has-post-thumbnail","7":"category-famosos","8":"tag-celebrities","9":"tag-entertainment","10":"tag-entretenimiento","11":"tag-es","12":"tag-espana","13":"tag-famosos","14":"tag-spain"},"share_on_mastodon":{"url":"","error":""},"_links":{"self":[{"href":"https:\/\/www.europesays.com\/es\/wp-json\/wp\/v2\/posts\/131293","targetHints":{"allow":["GET"]}}],"collection":[{"href":"https:\/\/www.europesays.com\/es\/wp-json\/wp\/v2\/posts"}],"about":[{"href":"https:\/\/www.europesays.com\/es\/wp-json\/wp\/v2\/types\/post"}],"author":[{"embeddable":true,"href":"https:\/\/www.europesays.com\/es\/wp-json\/wp\/v2\/users\/2"}],"replies":[{"embeddable":true,"href":"https:\/\/www.europesays.com\/es\/wp-json\/wp\/v2\/comments?post=131293"}],"version-history":[{"count":0,"href":"https:\/\/www.europesays.com\/es\/wp-json\/wp\/v2\/posts\/131293\/revisions"}],"wp:featuredmedia":[{"embeddable":true,"href":"https:\/\/www.europesays.com\/es\/wp-json\/wp\/v2\/media\/131294"}],"wp:attachment":[{"href":"https:\/\/www.europesays.com\/es\/wp-json\/wp\/v2\/media?parent=131293"}],"wp:term":[{"taxonomy":"category","embeddable":true,"href":"https:\/\/www.europesays.com\/es\/wp-json\/wp\/v2\/categories?post=131293"},{"taxonomy":"post_tag","embeddable":true,"href":"https:\/\/www.europesays.com\/es\/wp-json\/wp\/v2\/tags?post=131293"}],"curies":[{"name":"wp","href":"https:\/\/api.w.org\/{rel}","templated":true}]}}