{"id":131299,"date":"2025-09-22T07:58:08","date_gmt":"2025-09-22T07:58:08","guid":{"rendered":"https:\/\/www.europesays.com\/es\/131299\/"},"modified":"2025-09-22T07:58:08","modified_gmt":"2025-09-22T07:58:08","slug":"tom-holland-hospitalizado-tras-sufrir-un-accidente-durante-el-rodaje-de-la-proxima-entrega-de-spider-man-cine-estrenos-y-criticas","status":"publish","type":"post","link":"https:\/\/www.europesays.com\/es\/131299\/","title":{"rendered":"Tom Holland, hospitalizado tras sufrir un accidente durante el rodaje de la pr\u00f3xima entrega de Spider-Man | Cine: estrenos y cr\u00edticas"},"content":{"rendered":"<p class=\"\">El rodaje de Spider-Man: Brand New Day (Spider-Man: Un nuevo d\u00eda), nueva entrega de la saga que se estrenar\u00e1 en 2026, se detuvo el pasado viernes 19 de septiembre despu\u00e9s de que <a href=\"https:\/\/elpais.com\/gente\/2023-05-10\/tom-holland-revela-que-lleva-un-ano-y-cuatro-meses-sobrio-por-salud-mental.html\" target=\"_blank\" rel=\"noreferrer nofollow noopener\" title=\"https:\/\/elpais.com\/gente\/2023-05-10\/tom-holland-revela-que-lleva-un-ano-y-cuatro-meses-sobrio-por-salud-mental.html\">Tom Holland, protagonista de la franquicia<\/a>, sufriera un accidente, seg\u00fan <a href=\"https:\/\/deadline.com\/2025\/09\/tom-holland-hospitalized-spider-man-brand-new-day-1236552019\/\" target=\"_blank\" rel=\"noreferrer nofollow noopener\" title=\"https:\/\/deadline.com\/2025\/09\/tom-holland-hospitalized-spider-man-brand-new-day-1236552019\/\">ha avanzado el medio Deadline<\/a>. El actor tuvo que ser hospitalizado en Glasgow, donde se est\u00e1 rodando la pel\u00edcula. <\/p>\n<p>M\u00e1s informaci\u00f3n<\/p>\n<p class=\"\">El int\u00e9rprete, informa el medio especializado, ha sido tratado por una conmoci\u00f3n cerebral leve, y una fuente cercana a la producci\u00f3n, que cita la publicaci\u00f3n, avanz\u00f3 que el protagonista de cuatro de las entregas de la franquicia, se tomar\u00e1 \u201cun descanso por precauci\u00f3n\u201d. Se espera, asegura Deadline, que regrese al rodaje en unos d\u00edas.<\/p>\n<p class=\"\">La lesi\u00f3n de Holland ocurri\u00f3 durante una acrobacia, seg\u00fan el peri\u00f3dico sensacionalista brit\u00e1nico The Sun. El mismo medio tambi\u00e9n inform\u00f3 de que despu\u00e9s del accidente, el int\u00e9rprete asisti\u00f3 a un evento ben\u00e9fico junto a su coprotagonista y prometida, Zendaya, este fin de semana.<\/p>\n<p class=\"\">El elenco de Spider-Man: Brand New Day fue anunciado el pasado agosto. En esta ocasi\u00f3n, estar\u00e1 dirigida por Destin Daniel Cretton, y como anunci\u00f3 el propio Hollando en la cuenta de Instagram de la pel\u00edcula: \u201cLa pel\u00edcula es un nuevo comienzo. Es exactamente eso. Es todo lo que puedo decir. Es todo lo que me han permitido decir. No os preocup\u00e9is: no voy a hacerlo hoy\u201d.<\/p>\n","protected":false},"excerpt":{"rendered":"El rodaje de Spider-Man: Brand New Day (Spider-Man: Un nuevo d\u00eda), nueva entrega de la saga que se&hellip;\n","protected":false},"author":2,"featured_media":131300,"comment_status":"","ping_status":"","sticky":false,"template":"","format":"standard","meta":{"footnotes":""},"categories":[169],"tags":[15691,1014,177,209,146,147,25,24,176,175,753,23,27541,29418],"class_list":{"0":"post-131299","1":"post","2":"type-post","3":"status-publish","4":"format-standard","5":"has-post-thumbnail","7":"category-cine","8":"tag-accidentes-laborales","9":"tag-actores","10":"tag-cine","11":"tag-cultura","12":"tag-entertainment","13":"tag-entretenimiento","14":"tag-es","15":"tag-espana","16":"tag-film","17":"tag-movies","18":"tag-peliculas","19":"tag-spain","20":"tag-spiderman","21":"tag-tom-holland"},"share_on_mastodon":{"url":"","error":""},"_links":{"self":[{"href":"https:\/\/www.europesays.com\/es\/wp-json\/wp\/v2\/posts\/131299","targetHints":{"allow":["GET"]}}],"collection":[{"href":"https:\/\/www.europesays.com\/es\/wp-json\/wp\/v2\/posts"}],"about":[{"href":"https:\/\/www.europesays.com\/es\/wp-json\/wp\/v2\/types\/post"}],"author":[{"embeddable":true,"href":"https:\/\/www.europesays.com\/es\/wp-json\/wp\/v2\/users\/2"}],"replies":[{"embeddable":true,"href":"https:\/\/www.europesays.com\/es\/wp-json\/wp\/v2\/comments?post=131299"}],"version-history":[{"count":0,"href":"https:\/\/www.europesays.com\/es\/wp-json\/wp\/v2\/posts\/131299\/revisions"}],"wp:featuredmedia":[{"embeddable":true,"href":"https:\/\/www.europesays.com\/es\/wp-json\/wp\/v2\/media\/131300"}],"wp:attachment":[{"href":"https:\/\/www.europesays.com\/es\/wp-json\/wp\/v2\/media?parent=131299"}],"wp:term":[{"taxonomy":"category","embeddable":true,"href":"https:\/\/www.europesays.com\/es\/wp-json\/wp\/v2\/categories?post=131299"},{"taxonomy":"post_tag","embeddable":true,"href":"https:\/\/www.europesays.com\/es\/wp-json\/wp\/v2\/tags?post=131299"}],"curies":[{"name":"wp","href":"https:\/\/api.w.org\/{rel}","templated":true}]}}