{"id":131311,"date":"2025-09-22T08:04:09","date_gmt":"2025-09-22T08:04:09","guid":{"rendered":"https:\/\/www.europesays.com\/es\/131311\/"},"modified":"2025-09-22T08:04:09","modified_gmt":"2025-09-22T08:04:09","slug":"reino-unido-advierte-a-israel-sobre-sus-represalias-por-el-reconocimiento-de-palestina-internacional","status":"publish","type":"post","link":"https:\/\/www.europesays.com\/es\/131311\/","title":{"rendered":"Reino Unido advierte a Israel sobre sus represalias por el reconocimiento de Palestina | Internacional"},"content":{"rendered":"<p class=\"loc\">Londres<\/p>\n<p>La ministra brit\u00e1nica de Exteriores, Yvette Cooper, ha advertido este lunes al Gobierno de Israel contra cualquier represalia por el <a href=\"https:\/\/cadenaser.com\/nacional\/2025\/09\/21\/reino-unido-reconocera-este-domingo-al-estado-palestino-segun-la-bbc-cadena-ser\/\" target=\"_blank\" rel=\"nofollow noopener\" title=\"https:\/\/cadenaser.com\/nacional\/2025\/09\/21\/reino-unido-reconocera-este-domingo-al-estado-palestino-segun-la-bbc-cadena-ser\/\">reconocimiento por parte del Reino Unido del Estado de Palestina<\/a>, por ejemplo con la anexi\u00f3n de m\u00e1s territorio en Cisjordania.<\/p>\n<p>M\u00e1s informaci\u00f3n<\/p>\n<p>\u00abLe he dejado claro al ministro de Exteriores israel\u00ed que no deben hacer eso, y le he dejado claro tambi\u00e9n que la decisi\u00f3n que hemos tomado es la mejor manera de respetar la seguridad tanto de Israel como de los palestinos\u00bb, ha declarado a la cadena p\u00fablica BBC.<\/p>\n<p>Cooper se encuentra en Nueva York (Estados Unidos), donde participar\u00e1 en la conferencia internacional sobre la soluci\u00f3n de dos Estados auspiciada por Francia y Arabia Saud\u00ed, donde detallar\u00e1 el proceso para el reconocimiento de un Estado palestino anunciado el domingo en Londres por el primer ministro brit\u00e1nico, Keir Starmer.<\/p>\n<p><img loading=\"lazy\" decoding=\"async\" src=\"https:\/\/www.europesays.com\/es\/wp-content\/uploads\/2025\/09\/https:\/\/sdmedia.playser.cadenaser.com\/playser\/image\/20259\/22\/1758525486_still.jpg\" width=\"16\" height=\"9\"\/>Paso hist\u00f3rico <\/p>\n<p>El Reino Unido, Australia y Canad\u00e1, tres pa\u00edses tradicionalmente aliados de Israel, han dado este domingo el paso hist\u00f3rico de reconocer el Estado palestino, un movimiento al que horas despu\u00e9s se sum\u00f3 Portugal, mientras que Francia y otros cinco pa\u00edses lo har\u00e1n previsiblemente este lunes.<\/p>\n<p>El reconocimiento parece haber sido coordinado por estos cuatro pa\u00edses, en v\u00edsperas de una \u00abConferencia internacional para la soluci\u00f3n de los dos estados\u00bb que se celebra en la Asamblea General de la ONU en Nueva York. <\/p>\n<p>Aunque Estados Unidos trat\u00f3 de torpedear este foro negando el visado de entrada a la delegaci\u00f3n venida de Palestina, esta podr\u00e1 hacerlo por videoconferencia tras un voto &#8216;ad hoc&#8217; el pasado viernes de la misma Asamblea. <\/p>\n<p>El paso del Reino Unido tiene gran carga simb\u00f3lica por tratarse de la antigua potencia colonial y firmante en 1917 de la Declaraci\u00f3n Balfour, el documento con el que daba su visto bueno a crear un \u00abhogar nacional\u00bb para el pueblo jud\u00edo en la hasta entonces Palestina. Esa declaraci\u00f3n se considera el germen hist\u00f3rico del Estado de Israel.<\/p>\n<p>Y aunque el Estado palestino ya lo reconoc\u00edan antes de este domingo 147 pa\u00edses, no hab\u00eda entre ellos ninguno de las econom\u00edas m\u00e1s avanzadas del mundo reunidas en el llamado G7, por lo que la decisi\u00f3n de Reino Unido, Canad\u00e1 y Francia adquiere as\u00ed mayor relevancia.<\/p>\n","protected":false},"excerpt":{"rendered":"Londres La ministra brit\u00e1nica de Exteriores, Yvette Cooper, ha advertido este lunes al Gobierno de Israel contra cualquier&hellip;\n","protected":false},"author":2,"featured_media":131312,"comment_status":"","ping_status":"","sticky":false,"template":"","format":"standard","meta":{"footnotes":""},"categories":[42],"tags":[17,18,83,13,14,11,61,62,63,64,19,20,9,10,15,16,16179,12,21,22,6319,65,66,67],"class_list":{"0":"post-131311","1":"post","2":"type-post","3":"status-publish","4":"format-standard","5":"has-post-thumbnail","7":"category-internacional","8":"tag-breaking-news","9":"tag-breakingnews","10":"tag-diplomacy","11":"tag-featured-news","12":"tag-featurednews","13":"tag-headlines","14":"tag-internacional","15":"tag-international","16":"tag-international-news","17":"tag-internationalnews","18":"tag-latest-news","19":"tag-latestnews","20":"tag-news","21":"tag-noticias","22":"tag-noticias-destacadas","23":"tag-noticiasdestacadas","24":"tag-officials","25":"tag-titulares","26":"tag-ultimas-noticias","27":"tag-ultimasnoticias","28":"tag-visit","29":"tag-world","30":"tag-world-news","31":"tag-worldnews"},"share_on_mastodon":{"url":"","error":""},"_links":{"self":[{"href":"https:\/\/www.europesays.com\/es\/wp-json\/wp\/v2\/posts\/131311","targetHints":{"allow":["GET"]}}],"collection":[{"href":"https:\/\/www.europesays.com\/es\/wp-json\/wp\/v2\/posts"}],"about":[{"href":"https:\/\/www.europesays.com\/es\/wp-json\/wp\/v2\/types\/post"}],"author":[{"embeddable":true,"href":"https:\/\/www.europesays.com\/es\/wp-json\/wp\/v2\/users\/2"}],"replies":[{"embeddable":true,"href":"https:\/\/www.europesays.com\/es\/wp-json\/wp\/v2\/comments?post=131311"}],"version-history":[{"count":0,"href":"https:\/\/www.europesays.com\/es\/wp-json\/wp\/v2\/posts\/131311\/revisions"}],"wp:featuredmedia":[{"embeddable":true,"href":"https:\/\/www.europesays.com\/es\/wp-json\/wp\/v2\/media\/131312"}],"wp:attachment":[{"href":"https:\/\/www.europesays.com\/es\/wp-json\/wp\/v2\/media?parent=131311"}],"wp:term":[{"taxonomy":"category","embeddable":true,"href":"https:\/\/www.europesays.com\/es\/wp-json\/wp\/v2\/categories?post=131311"},{"taxonomy":"post_tag","embeddable":true,"href":"https:\/\/www.europesays.com\/es\/wp-json\/wp\/v2\/tags?post=131311"}],"curies":[{"name":"wp","href":"https:\/\/api.w.org\/{rel}","templated":true}]}}