{"id":131321,"date":"2025-09-22T08:14:10","date_gmt":"2025-09-22T08:14:10","guid":{"rendered":"https:\/\/www.europesays.com\/es\/131321\/"},"modified":"2025-09-22T08:14:10","modified_gmt":"2025-09-22T08:14:10","slug":"sa-tintina-es-castell-arrasa-en-inca-y-acaricia-el-liderato","status":"publish","type":"post","link":"https:\/\/www.europesays.com\/es\/131321\/","title":{"rendered":"Sa Tintina Es Castell arrasa en Inca y acaricia el liderato"},"content":{"rendered":"<p>                                CB ES CASTELL 83<br \/>CIUTAT D\u2019INCA 57<\/p>\n<p><strong>Contundente triunfo de <a href=\"https:\/\/www.menorca.info\/etiqueta\/Sa+Tintina+Es+Castell.html?utm_source=Inline-tag&amp;utm_medium=internal\" rel=\"nofollow noopener\" target=\"_blank\">Sa Tintina Es Castell<\/a><\/strong>, que este domingo al mediod\u00eda se impuso con autoridad al Ciutat d\u2019Inca en un encuentro marcado por los contratiempos previos al inicio, ya que el partido comenz\u00f3 m\u00e1s tarde de lo previsto debido a varios percances sufridos por la expedici\u00f3n menorquina durante su viaje.<\/p>\n<p>El<strong> conjunto dirigido por Ra\u00fal Jodra arranc\u00f3 con dudas<\/strong>, mostrando buen juego pero sin encontrar acierto en los primeros compases, lo que permiti\u00f3 a los locales adelantarse en el marcador en el primer cuarto (20-14). Sin embargo, poco a poco el equipo fue creciendo en intensidad y, liderado por un brillante Guillem Garcia y el acierto de Sergi Llufriu, logr\u00f3 darle la vuelta al partido antes del descanso (33-35), march\u00e1ndose al vestuario por delante en el marcador.<\/p>\n<p>La<strong> segunda mitad fue un aut\u00e9ntico mon\u00f3logo visitante.<\/strong> <strong>Sa Tintina sali\u00f3 enchufada<\/strong> tras el intermedio y no dio opci\u00f3n alguna a un Ciutat d\u2019Inca que se vio completamente superado por el ritmo, la defensa y la eficacia ofensiva de los menorquines. (45-65) En el \u00faltimo cuarto, los de Es Castell supieron gestionar la amplia ventaja y, pese a alg\u00fan acierto exterior de los mallorquines, sellaron una victoria holgada y convincente.<\/p>\n<p>Este triunfo confirma la progresi\u00f3n de Sa Tintina Es Castell durante la pretemporada pese a las bajas que arrastra. Adem\u00e1s, le permite situarse como l\u00edder provisional del Trofeu Itegra Illes Balears a falta de una sola jornada para su conclusi\u00f3n.<\/p>\n<p>                        Aver\u00eda en el avi\u00f3n y noche en Palma<\/p>\n","protected":false},"excerpt":{"rendered":"CB ES CASTELL 83CIUTAT D\u2019INCA 57 Contundente triunfo de Sa Tintina Es Castell, que este domingo al mediod\u00eda&hellip;\n","protected":false},"author":2,"featured_media":131322,"comment_status":"","ping_status":"","sticky":false,"template":"","format":"standard","meta":{"footnotes":""},"categories":[269],"tags":[299,298,12268,168,25,24,12269,23,167],"class_list":{"0":"post-131321","1":"post","2":"type-post","3":"status-publish","4":"format-standard","5":"has-post-thumbnail","7":"category-baloncesto","8":"tag-baloncesto","9":"tag-basketball","10":"tag-cb-es-castell","11":"tag-deportes","12":"tag-es","13":"tag-espana","14":"tag-sa-tintina-es-castell","15":"tag-spain","16":"tag-sports"},"share_on_mastodon":{"url":"","error":""},"_links":{"self":[{"href":"https:\/\/www.europesays.com\/es\/wp-json\/wp\/v2\/posts\/131321","targetHints":{"allow":["GET"]}}],"collection":[{"href":"https:\/\/www.europesays.com\/es\/wp-json\/wp\/v2\/posts"}],"about":[{"href":"https:\/\/www.europesays.com\/es\/wp-json\/wp\/v2\/types\/post"}],"author":[{"embeddable":true,"href":"https:\/\/www.europesays.com\/es\/wp-json\/wp\/v2\/users\/2"}],"replies":[{"embeddable":true,"href":"https:\/\/www.europesays.com\/es\/wp-json\/wp\/v2\/comments?post=131321"}],"version-history":[{"count":0,"href":"https:\/\/www.europesays.com\/es\/wp-json\/wp\/v2\/posts\/131321\/revisions"}],"wp:featuredmedia":[{"embeddable":true,"href":"https:\/\/www.europesays.com\/es\/wp-json\/wp\/v2\/media\/131322"}],"wp:attachment":[{"href":"https:\/\/www.europesays.com\/es\/wp-json\/wp\/v2\/media?parent=131321"}],"wp:term":[{"taxonomy":"category","embeddable":true,"href":"https:\/\/www.europesays.com\/es\/wp-json\/wp\/v2\/categories?post=131321"},{"taxonomy":"post_tag","embeddable":true,"href":"https:\/\/www.europesays.com\/es\/wp-json\/wp\/v2\/tags?post=131321"}],"curies":[{"name":"wp","href":"https:\/\/api.w.org\/{rel}","templated":true}]}}