{"id":131337,"date":"2025-09-22T08:24:10","date_gmt":"2025-09-22T08:24:10","guid":{"rendered":"https:\/\/www.europesays.com\/es\/131337\/"},"modified":"2025-09-22T08:24:10","modified_gmt":"2025-09-22T08:24:10","slug":"el-burgales-guillermo-decimo-gana-la-26a-edicion-del-premio-mercedes-benz-fashion-talent","status":"publish","type":"post","link":"https:\/\/www.europesays.com\/es\/131337\/","title":{"rendered":"El burgal\u00e9s Guillermo D\u00e9cimo gana la 26\u00aa edici\u00f3n del premio Mercedes-Benz Fashion Talent"},"content":{"rendered":"<p class=\"voc-p\" style=\"\">El dise\u00f1ador burgal\u00e9s <a href=\"https:\/\/www.abc.es\/espana\/castilla-leon\/castilla-leon-pisa-fuerte-pasarela-mercedesbenz-fashion-20250920123732-nt.html\" target=\"_self\" data-voc-vtm-id=\"in-text-traffic\" title=\"Guillermo D\u00e9cimo\" rel=\"nofollow noopener\">Guillermo D\u00e9cimo<\/a> se ha alzado con el premio <strong>Mercedes-Benz Fashion Talent<\/strong> gracias a su colecci\u00f3n &#8216;In Tempo&#8217;, una propuesta que reivindica la costura \u00abcomo una partitura interpretada a su justa medida\u00bb. A trav\u00e9s de 18 looks, explora la atemporalidad de la alta costura, el valor del tiempo y<strong> la tradici\u00f3n artesanal<\/strong>, ofreciendo piezas concebidas como aut\u00e9nticas obras de arte que narran historias tanto en su interior como en su exterior.<\/p>\n<p class=\"voc-p\" style=\"\">Tras imponerse entre el resto de finalistas, en el que fue su cuarto desfile en la jornada reservada para <strong>los nuevos creadores,<\/strong> Guillermo se ha mostrado muy emocionado: \u00abEste premio es un reconocimiento a todo el trabajo, no solo de este a\u00f1o, sino tambi\u00e9n de las ediciones pasadas. Es la culminaci\u00f3n y <strong>estoy muy agradecido de recibirlo\u00bb.<\/strong><\/p>\n<p class=\"voc-p\" style=\"\">El dise\u00f1ador tambi\u00e9n ha querido poner en valor su sello personal: \u00abmis colecciones tienen siempre un <strong>punto de espect\u00e1culo<\/strong> que impacta a primera vista por el colorido, los tejidos y las texturas\u00bb.<\/p>\n<p class=\"voc-p\" style=\"\">Su pr\u00f3ximo destino ser\u00e1 la pasarela internacional Mercedes-Benz Prague Fashion Week, la misma de la que procede el creador checo Ale\u0161 Hn\u00e1tek, encargado de poner el broche final al 40\u00ba aniversario de la pasarela m\u00e1s importante del pa\u00eds.<\/p>\n<p class=\"voc-p\" style=\"\">Su potencial art\u00edstico ha hecho que su nombre resalte ante el jurado, un panel de expertos formado por personalidades de gran prestigio en la industria de la moda y la comunicaci\u00f3n<strong> como Valeria Mazza,<\/strong> supermodelo internacional, empresaria, presentadora, y embajadora de Mercedes-Benz. Junto a ella, Baro Lucas, director creativo de la firma de moda Baro Lucas; Ana Garc\u00eda-Si\u00f1eriz, Global Director de Vogue College of Fashion; Arturo Arg\u00fcelles, estilista de moda; y Patricia Sancho Ortega, Board Director Strategic Advisor y CEO &amp; Fundadora de Atenea Consultancy. El jurado se completaba con Rub\u00e9n G\u00f3mez, responsable de scouting y asesor de marcas noveles, y Asier Labarga, director de Mercedes-Benz Fashion Week Madrid.<\/p>\n<p class=\"voc-p\" style=\"\">El jurado ha destacado <strong>su creatividad y su trabajo artesanal<\/strong>, as\u00ed como la calidad de los tejidos y una confecci\u00f3n impecable, elementos que finalmente decantaron la balanza a favor del dise\u00f1ador burgal\u00e9s. Adem\u00e1s, ha subrayado que la firma de Guillermo D\u00e9cimo se mantiene fiel a su \u00abestilo propio y a su marcado ADN\u00bb, informa Ical.<\/p>\n<p class=\"voc-p\" style=\"\">Con este premio, Guillermo se suma a la lista de nombres que han sido reconocidos con el premio Mercedes-Benz Fashion Talent, referentes de la moda nacional a los que el reconocimiento impuls\u00f3 al inicio de sus carreras, como Ernesto Naranjo, Dominnico o Pepa Salazar.<\/p>\n<p>Reportar un error<\/p>\n","protected":false},"excerpt":{"rendered":"El dise\u00f1ador burgal\u00e9s Guillermo D\u00e9cimo se ha alzado con el premio Mercedes-Benz Fashion Talent gracias a su colecci\u00f3n&hellip;\n","protected":false},"author":2,"featured_media":131338,"comment_status":"","ping_status":"","sticky":false,"template":"","format":"standard","meta":{"footnotes":""},"categories":[91],"tags":[42070,42069,31010,2197,146,147,25,24,9375,4355,6891,42071,843,23,12211],"class_list":{"0":"post-131337","1":"post","2":"type-post","3":"status-publish","4":"format-standard","5":"has-post-thumbnail","7":"category-entretenimiento","8":"tag-26a","9":"tag-burgales","10":"tag-decimo","11":"tag-edicion","12":"tag-entertainment","13":"tag-entretenimiento","14":"tag-es","15":"tag-espana","16":"tag-fashion","17":"tag-gana","18":"tag-guillermo","19":"tag-mercedesbenz","20":"tag-premio","21":"tag-spain","22":"tag-talent"},"share_on_mastodon":{"url":"","error":""},"_links":{"self":[{"href":"https:\/\/www.europesays.com\/es\/wp-json\/wp\/v2\/posts\/131337","targetHints":{"allow":["GET"]}}],"collection":[{"href":"https:\/\/www.europesays.com\/es\/wp-json\/wp\/v2\/posts"}],"about":[{"href":"https:\/\/www.europesays.com\/es\/wp-json\/wp\/v2\/types\/post"}],"author":[{"embeddable":true,"href":"https:\/\/www.europesays.com\/es\/wp-json\/wp\/v2\/users\/2"}],"replies":[{"embeddable":true,"href":"https:\/\/www.europesays.com\/es\/wp-json\/wp\/v2\/comments?post=131337"}],"version-history":[{"count":0,"href":"https:\/\/www.europesays.com\/es\/wp-json\/wp\/v2\/posts\/131337\/revisions"}],"wp:featuredmedia":[{"embeddable":true,"href":"https:\/\/www.europesays.com\/es\/wp-json\/wp\/v2\/media\/131338"}],"wp:attachment":[{"href":"https:\/\/www.europesays.com\/es\/wp-json\/wp\/v2\/media?parent=131337"}],"wp:term":[{"taxonomy":"category","embeddable":true,"href":"https:\/\/www.europesays.com\/es\/wp-json\/wp\/v2\/categories?post=131337"},{"taxonomy":"post_tag","embeddable":true,"href":"https:\/\/www.europesays.com\/es\/wp-json\/wp\/v2\/tags?post=131337"}],"curies":[{"name":"wp","href":"https:\/\/api.w.org\/{rel}","templated":true}]}}