{"id":131339,"date":"2025-09-22T08:25:19","date_gmt":"2025-09-22T08:25:19","guid":{"rendered":"https:\/\/www.europesays.com\/es\/131339\/"},"modified":"2025-09-22T08:25:19","modified_gmt":"2025-09-22T08:25:19","slug":"apple-tv-se-adelanta-y-anuncia-sus-estrenos-de-octubre-con-mas-series-y-peliculas-exclusivas","status":"publish","type":"post","link":"https:\/\/www.europesays.com\/es\/131339\/","title":{"rendered":"Apple TV+ se adelanta y anuncia sus estrenos de octubre con m\u00e1s series y pel\u00edculas exclusivas"},"content":{"rendered":"<p>Octubre ser\u00e1 un mes de grandes emociones para los <a href=\"https:\/\/www.apple.com\/es\/apple-tv-plus\/?itscg=30200&amp;itsct=grupoaz_tv&amp;mttnsubad=umc.cmc.c3xhu25rw4jxxxzq4oio6snu&amp;ct=adslzone&amp;at=1001l3cpe\" target=\"_blank\" rel=\"noopener sponsored noreferrer nofollow\" data-mrf-recirculation=\"affiliate-manual-link\">usuarios suscritos a Apple TV+<\/a>. El servicio de streaming de la empresa de la manzana ha preparado un repertorio de novedades muy suculento en el cual habr\u00e1 varias series destacadas, una serie animada e incluso el regreso de alg\u00fan t\u00edtulo que los usuarios conocen bien. Toma nota, una por una, de <strong>todas las novedades<\/strong>.<\/p>\n<p>Nuevas pel\u00edculas en Apple TV+<\/p>\n<p>En octubre habr\u00e1 dos nuevas pel\u00edculas exclusivas y, en especial, una de ellas llega con la intenci\u00f3n, posiblemente, de convertirse en uno de los grandes estrenos del mes. La plataforma sigue apostando por calidad en vez de cantidad y, hasta el momento, est\u00e1 siendo <strong>una estrategia que le funciona<\/strong>.<\/p>\n<p>Laberinto en llamas \u2013 3 de octubre<\/p>\n<p>El mes comienza con la m\u00e1xima intensidad que podamos imaginar, dado que el d\u00eda 3 de octubre de 2025 se estrena la pel\u00edcula original Laberinto en llamas. Est\u00e1 protagonizada por <strong>el oscarizado Matthew McConaughey<\/strong> y promete sumarse a la colecci\u00f3n de films de Apple TV+ de la mejor manera posible. Se trata, adem\u00e1s, de un estreno mundial que, con anterioridad, ha estado presente en el Festival Internacional de Cine de Toronto.<\/p>\n<p>Lo m\u00e1s interesante es que, adem\u00e1s de contar con Matthew McConaughey como protagonista, <strong>la pel\u00edcula est\u00e1 dirigida por Paul Greengrass<\/strong>, que se trata de uno de los directores m\u00e1s conocidos de Hollywood. Conocido por la franquicia de pel\u00edculas de Jason Bourne, ahora Greengrass vuelve a la carga con un t\u00edtulo que se inspira en lo sucedido en uno de los incendios m\u00e1s terribles que ha sufrido Estados Unidos. La historia trata sobre c\u00f3mo un conductor de autob\u00fas escolar y una profesora de primaria luchan desesperadamente para sacar a 22 ni\u00f1os del infierno del incendio.<\/p>\n<p>Stiller y Meara: Nada est\u00e1 perdido \u2013 24 de octubre<\/p>\n<p>Esta pel\u00edcula documental es el <strong>proyecto m\u00e1s especial en el que ha trabajado Ben Stiller<\/strong> a lo largo de los a\u00f1os y se podr\u00eda decir que ha sido una recompensa al gran \u00e9xito que ha tenido el director con la serie Separaci\u00f3n. En Stiller y Meara: Nada est\u00e1 perdido, el cineasta cuenta la historia de sus padres, quienes fueran dos importantes c\u00f3micos en la televisi\u00f3n en Estados Unidos: Jerry Stiller y Anne Meara.<\/p>\n<p>El documental presenta a la audiencia <strong>c\u00f3mo se viv\u00eda en la casa de los Stiller<\/strong> y c\u00f3mo la comedia y la creatividad rodeaban a la familia en cada uno de sus d\u00edas. Adem\u00e1s, se comparten lecciones generacionales y se puede comprobar la manera en la que el efecto de sus padres ha influido tambi\u00e9n en su vida y en la de su familia.<\/p>\n<p>Nuevas series de Apple TV+<\/p>\n<p>Como todos los meses, <strong>las series van a tener un papel fundamental<\/strong> entre las novedades de Apple TV+ tal y como vamos a ver a continuaci\u00f3n. Hay muchos nuevos estrenos y tambi\u00e9n el regreso de una producci\u00f3n veterana del servicio de Apple.<\/p>\n<p>Las hermanas Grimm \u2013 3 de octubre<\/p>\n<p>Los ni\u00f1os conocen esta historia por su exitoso paso original por la literatura gracias a la obra de Michael Buckley y ahora <strong>Las hermanas Grimm se adapta en forma de serie<\/strong> de la mano de Amy Higgins. Su historia trata sobre dos hermanas que exploran un lugar m\u00e1gico que se encuentra habitado por los personajes de los cuentos. Aunque son hu\u00e9rfanas, saben que tienen que investigar el motivo por el cual desaparecieron sus padres, as\u00ed que vivir\u00e1n todo tipo de aventuras mientras lo hacen.<\/p>\n<p>The Last Frontier: Conspiraci\u00f3n en Alaska \u2013 10 de octubre<\/p>\n<p>Si hablamos de series, The Last Frontier: Conspiraci\u00f3n en Alaska es <strong>una de las novedades m\u00e1s importantes del mes<\/strong>. Este thriller de 10 episodios se ambienta en Alaska, donde un jefe de polic\u00eda de Estados Unidos protege los p\u00e1ramos de la regi\u00f3n. Su normalmente apacible d\u00eda a d\u00eda se ve alterado de manera dr\u00e1stica cuando se produzca el aterrizaje forzoso de un avi\u00f3n. De su interior, en lugar de viajar pasajeros normales, lo que aparece son docenas de presos de gran violencia y malas intenciones que quedan libres de forma inesperada. Ahora el polic\u00eda tendr\u00e1 que poner remedio a la situaci\u00f3n, proteger al pueblo de la zona y, al mismo tiempo, descubrir qu\u00e9 es lo que se esconde detr\u00e1s de este sospechoso incidente.<\/p>\n<p>La serie <strong>la protagoniza el actor Jason Clarke<\/strong> y tiene el atractivo a\u00f1adido de estar cocreada por Jon Bokenkamp, a quien conocemos por The Blacklist. El d\u00eda 10 de octubre estar\u00e1n disponibles los dos primeros episodios y luego se ir\u00e1n emitiendo a raz\u00f3n de uno nuevo cada semana.<\/p>\n<p>Loot: Tercera Temporada \u2013 15 de octubre<\/p>\n<p><strong>La actriz Maya Rudolph est\u00e1 de vuelta<\/strong> con la tercera temporada de Loot, una serie en la que interpreta a Molly Wells. Tras los acontecimientos de la segunda temporada, Molly marcar\u00e1 un punto de inflexi\u00f3n en su vida y la historia continuar\u00e1 tras el misterio que se gener\u00f3 en el \u00faltimo de los episodios anteriores. Adem\u00e1s, seguir\u00e1n las historias de los personajes secundarios interpretados por actores como Nat Faxon o Michaela Ja\u00e9 Rodriguez<\/p>\n<p>Mr. Scorsese \u2013 17 de octubre<\/p>\n<p>Los seguidores del cine van a poder conocerlo todo sobre Martin Scorsese en esta <strong>serie documental de cinco episodios<\/strong> que est\u00e1 dirigida por Rebecca Miller. Lo m\u00e1s interesante del documental es que comienza en el momento en el que el director estaba en la universidad y vemos c\u00f3mo ya entonces rodaba pel\u00edculas de estudiante que generaban un gran impacto. La producci\u00f3n sigue su carrera, sus pel\u00edculas y la manera en la que se ha inspirado para crear obras que trascienden al paso del tiempo como algunos de los mayores cl\u00e1sicos de Hollywood.<\/p>\n<p>En la producci\u00f3n han colaborado muchos amigos de Scorsese y profesionales que han trabajado con \u00e9l a lo largo de los a\u00f1os, <strong>como Robert De Niro o Leonardo DiCaprio<\/strong>, entre muchos otros.<\/p>\n<p>El misterio de Cemetery Road \u2013 29 de octubre<\/p>\n<p>De esta serie protagonizada por Emma Thompson ya <a href=\"https:\/\/www.adslzone.net\/noticias\/streaming-tv\/apple-tv-plus-otra-serie-exclusiva-podria-arrasar\/\" target=\"_blank\" rel=\"noopener noreferrer nofollow\">te hablamos con anterioridad<\/a> debido a que se presenta como uno de los proyectos m\u00e1s interesantes que ha tenido Apple TV+ en los \u00faltimos meses. El misterio de Cemetery Road, tambi\u00e9n <strong>conocida en ingl\u00e9s como Down Cemetery Road<\/strong>, es un thriller muy intenso que llega adaptando la novela de Mick Herron (creador de Slow Horses).<\/p>\n<p><img loading=\"lazy\" decoding=\"async\" class=\"size-full wp-image-2570034\" src=\"https:\/\/www.europesays.com\/es\/wp-content\/uploads\/2025\/09\/Down-Cemetery-Road-Emma-Thompson-serie.jpg\" alt=\"Emma Thompson en la serie Down Cemetery Road\" width=\"1000\" height=\"596\"  \/>La serie Down Cemetery Road estar\u00e1 coprotagonizada por la actriz Emma Thompson. \/ Foto: Apple TV+<\/p>\n<p>Con esta serie se pone punto de inicio a <strong>la adaptaci\u00f3n de los libros de Z\u00f6e Boehm<\/strong>, un personaje que podr\u00eda calar hondo entre la audiencia. Boehm es una investigadora privada que tendr\u00e1 que descubrir el misterio sobre unas extra\u00f1as desapariciones que se est\u00e1n produciendo y que esconden algo en lo que nadie hab\u00eda reparado hasta el momento.<\/p>\n<p>        Preguntas frecuentes sobre los estrenos de Apple TV+ en octubre de 2025<\/p>\n<p>                                        \u00bfQu\u00e9 pel\u00edculas se estrenan?<\/p>\n<p>\n                        Laberinto en llamas, protagonizada por Matthew McConaughey, y la pel\u00edcula documental Stiller y Meara: Nada est\u00e1 perdido.\n                    <\/p>\n<p>                \u00bfCu\u00e1les son las mejores series del mes?<\/p>\n<p>\n                        The Last Frontier: Conspiraci\u00f3n en Alaska y El misterio de Cemetery Road son las que m\u00e1s inter\u00e9s est\u00e1n despertando.\n                    <\/p>\n<p>                \u00bfHay alg\u00fan estreno infantil este mes?<\/p>\n<p>\n                        S\u00ed, Apple TV+ siempre tiene novedades para los ni\u00f1os. En este caso se trata de la serie Las hermanas Grimm.\n                    <\/p>\n<p>En calidad de Afiliado de Amazon y otros programas similares, esta web obtiene ingresos por las compras adscritas que cumplen los requisitos aplicables<\/p>\n","protected":false},"excerpt":{"rendered":"Octubre ser\u00e1 un mes de grandes emociones para los usuarios suscritos a Apple TV+. El servicio de streaming&hellip;\n","protected":false},"author":2,"featured_media":131340,"comment_status":"","ping_status":"","sticky":false,"template":"","format":"standard","meta":{"footnotes":""},"categories":[81],"tags":[119,123,124,25,24,117,121,122,23,118,120],"class_list":{"0":"post-131339","1":"post","2":"type-post","3":"status-publish","4":"format-standard","5":"has-post-thumbnail","7":"category-ciencia-y-tecnologia","8":"tag-ciencia","9":"tag-ciencia-y-tecnologia","10":"tag-cienciaytecnologia","11":"tag-es","12":"tag-espana","13":"tag-science","14":"tag-science-and-technology","15":"tag-scienceandtechnology","16":"tag-spain","17":"tag-technology","18":"tag-tecnologia"},"share_on_mastodon":{"url":"","error":""},"_links":{"self":[{"href":"https:\/\/www.europesays.com\/es\/wp-json\/wp\/v2\/posts\/131339","targetHints":{"allow":["GET"]}}],"collection":[{"href":"https:\/\/www.europesays.com\/es\/wp-json\/wp\/v2\/posts"}],"about":[{"href":"https:\/\/www.europesays.com\/es\/wp-json\/wp\/v2\/types\/post"}],"author":[{"embeddable":true,"href":"https:\/\/www.europesays.com\/es\/wp-json\/wp\/v2\/users\/2"}],"replies":[{"embeddable":true,"href":"https:\/\/www.europesays.com\/es\/wp-json\/wp\/v2\/comments?post=131339"}],"version-history":[{"count":0,"href":"https:\/\/www.europesays.com\/es\/wp-json\/wp\/v2\/posts\/131339\/revisions"}],"wp:featuredmedia":[{"embeddable":true,"href":"https:\/\/www.europesays.com\/es\/wp-json\/wp\/v2\/media\/131340"}],"wp:attachment":[{"href":"https:\/\/www.europesays.com\/es\/wp-json\/wp\/v2\/media?parent=131339"}],"wp:term":[{"taxonomy":"category","embeddable":true,"href":"https:\/\/www.europesays.com\/es\/wp-json\/wp\/v2\/categories?post=131339"},{"taxonomy":"post_tag","embeddable":true,"href":"https:\/\/www.europesays.com\/es\/wp-json\/wp\/v2\/tags?post=131339"}],"curies":[{"name":"wp","href":"https:\/\/api.w.org\/{rel}","templated":true}]}}