{"id":131343,"date":"2025-09-22T08:27:06","date_gmt":"2025-09-22T08:27:06","guid":{"rendered":"https:\/\/www.europesays.com\/es\/131343\/"},"modified":"2025-09-22T08:27:06","modified_gmt":"2025-09-22T08:27:06","slug":"la-asamblea-de-la-onu-apuesta-por-reconocer-al-estado-de-palestina-y-retrata-a-un-netanyahu-que-solo-tiene-a-trump-como-aliado","status":"publish","type":"post","link":"https:\/\/www.europesays.com\/es\/131343\/","title":{"rendered":"La Asamblea de la ONU apuesta por reconocer al Estado de Palestina y retrata a un Netanyahu que solo tiene a Trump como aliado"},"content":{"rendered":"<p class=\"L6-news-detail__text\">La <b>Asamblea General de la ONU<\/b> celebra esta semana su 80\u00aa edici\u00f3n en su sede de Nueva York, una cumbre marcada por el genocidio de Israel en la Franja de Gaza y por el reconocimiento del Estado de Palestina por parte de pa\u00edses como Francia, Reino Unido, Australia o Canad\u00e1 en las \u00faltimas horas.<\/p>\n<p class=\"L6-news-detail__text\">Se espera que en las pr\u00f3ximas horas m\u00e1s pa\u00edses se sumen a este reconocimiento, que dejar\u00e1 m\u00e1s en evidencia -si cabe- al gobierno de <b>Benjamin Netanyahu<\/b> y a su m\u00e1ximo valedor, un Estados Unidos que la semana pasada volvi\u00f3 a vetar una resoluci\u00f3n del Consejo de Seguridad de las Naciones Unidas para pedir un alto el fuego en Gaza.<\/p>\n<p class=\"L6-news-detail__text\">El debate arrancar\u00e1 este lunes y concluir\u00e1 dentro de una semana, el 29 de septiembre, con la oportunidad para los jefes de Estado y de Gobierno de los 193 pa\u00edses representantes para tratar cualquier tema que estimen. Pero hay una cuesti\u00f3n sobre la mesa que no deja de ser relevante, como es la efectividad real de la soluci\u00f3n de los dos Estados a la hora de acabar con el genocidio que Israel est\u00e1 perpetrando en la Franja de Gaza.<\/p>\n<p class=\"L6-news-detail__text\"><b>Reino Unido, Canad\u00e1, Australia y Portugal<\/b> reconocieron el domingo al <b><a title=\"Estado de Palestina\" href=\"https:\/\/www.lasexta.com\/noticias\/internacional\/respuesta-mundial-israel-menos-10-nuevos-paises-reconoceran-estado-palestino_2025092068ce5891394a81387391b034.html\" target=\"_blank\" rel=\"nofollow noopener\">Estado de Palestina<\/a><\/b>, un apoyo al que se sumar\u00e1n previsiblemente m\u00e1s pa\u00edses y que, si nada cambia, se quedar\u00e1 en papel mojado. M\u00e1s all\u00e1 del enfado mostrado por Benjamin Netanyahu, no se vislumbra un final pr\u00f3ximo ni alcanzable a la masacre que est\u00e1 teniendo lugar en el enclave.<\/p>\n<p>Netanyahu deja claro que \u00abno va a pasar\u00bb<\/p>\n<p class=\"L6-news-detail__text\"><b>M\u00e1s de 140 pa\u00edses<\/b> respaldan la soluci\u00f3n de los dos Estados, entre ellos Espa\u00f1a, siendo la decisi\u00f3n de Reino Unido la m\u00e1s trascendente hasta la fecha debido a su papel en la creaci\u00f3n de Israel tras la Segunda Guerra Mundial. \u00abLa crisis humanitaria provocada por el hombre en Gaza alcanza nuevas profundidades. El bombardeo incesante y creciente del gobierno israel\u00ed sobre Gaza, la ofensiva de las \u00faltimas semanas, la hambruna y la devastaci\u00f3n son absolutamente intolerables\u00bb, comparti\u00f3 el primer ministro brit\u00e1nico, Keir Starmer.<\/p>\n<p class=\"L6-news-detail__text\">Este posicionamiento no ha gustado al mandatario israel\u00ed, que ha querido <b>lanzar \u00abun mensaje claro\u00bb<\/b> a todos aquellos pa\u00edses que apuestan por reconocer al Estado de Palestina: \u00abEst\u00e1n dando una enorme recompensa al terrorismo\u00bb. A esto se suma un \u00abno\u00bb rotundo a la craeci\u00f3n de un Estado palestino \u00abal oeste del r\u00edo Jord\u00e1n\u00bb.<\/p>\n<p class=\"L6-news-detail__text\">El presidente palestino, <b>Mahmud Ab\u00e1s<\/b>, asegura que este reconocimiento s\u00ed que ayuda a allanar el camino para que el \u00abEstado de Palestina coexista con el Estado de Israel en condiciones de seguridad, paz y buena vecindad\u00bb.<\/p>\n<p class=\"L6-news-detail__text\">Estados Unidos, el aliado m\u00e1s cercano de Israel, ha dejado claro que se opone a dicha medida, en palabras de su presidente. Mientras tanto, el ministro de Seguridad israel\u00ed, Itamar Ben-Gvir, afirm\u00f3 que propondr\u00eda que el gabinete aplicara la soberan\u00eda en otro territorio palestino ocupado por Israel: <b>Cisjordania<\/b>.<\/p>\n<p>S\u00e1nchez y Felipe VI, presentes en Nueva York<\/p>\n<p class=\"L6-news-detail__text\">El presidente del Gobierno, <b>Pedro S\u00e1nchez<\/b>, ya se encuentra en Nueva York para participar en la cumbre de la ONU y en los actos que tendr\u00e1n lugar a lo largo de la semana, entre los que se encuentra la Conferencia Internacional sobre la soluci\u00f3n de los dos Estados, Israel y Palestina, ante la situaci\u00f3n en Gaza.<\/p>\n<p class=\"L6-news-detail__text\">S\u00e1nchez, que ha asistido a todas las cumbres de alto nivel de la ONU desde que lleg\u00f3 a la Presidencia del Gobierno, no ser\u00e1 quien intervenga en este foro, sino que lo har\u00e1 el rey. <b>Felipe VI<\/b>, tambi\u00e9n presente en la cumbre, ya habl\u00f3 ante la Asamblea en el a\u00f1o 2014, cuando se proclam\u00f3 monarca, volviendo a hacerlo los dos a\u00f1os posteriores.<\/p>\n<p class=\"L6-news-detail__text\">El l\u00edder del Ejecutivo estar\u00e1 en la &#8216;Gran Manzana&#8217; hasta el jueves, d\u00eda en el que se trasladar\u00e1 a Londres para participar en una reuni\u00f3n de l\u00edderes progresistas. Junto a S\u00e1nchez estar\u00e1n la vicepresidenta tercera, <b>Sara Aagesen<\/b>, y el ministro de Asuntos Exteriores, <b>Jos\u00e9 Manuel Albares<\/b>.<\/p>\n<p class=\"L6-news-detail__text\">En estos d\u00edas se espera que mantenga una serie de reuniones bilaterales, entre ellas una con el presidente de Ucrania, <b>Volod\u00edmir Zelenski<\/b>, y estar\u00e1 presente en la ONU durante la intervenci\u00f3n del rey ante la Asamblea General.<\/p>\n<p class=\"L6-support-news-video__title\">Por las fuertes lluvias<\/p>\n<p>            <a href=\"https:\/\/www.lasexta.com\/noticias\/sociedad\/evacuan-27-personas-estacion-superior-funicular-sant-joan-montserrat-barcelona_2025092168d0274c394a813873951b86.html\" class=\"L6-news__link\" rel=\"nofollow noopener\" target=\"_blank\"><br \/>\n                Un desprendimiento de tierra en la v\u00eda del funicular de Montserrat obliga a evacuar a 27 personas<\/p>\n<p class=\"recirculation-video-desc\">Los detalles Hasta cinco dotaciones se han desplazado para ayudar a bajar a las personas de la estaci\u00f3n, han informado en un mensaje de X.<\/p>\n<p>            <\/a><\/p>\n","protected":false},"excerpt":{"rendered":"La Asamblea General de la ONU celebra esta semana su 80\u00aa edici\u00f3n en su sede de Nueva York,&hellip;\n","protected":false},"author":2,"featured_media":131344,"comment_status":"","ping_status":"","sticky":false,"template":"","format":"standard","meta":{"footnotes":""},"categories":[42],"tags":[17,18,13,14,11,61,62,63,64,19,20,9,10,15,16,12,21,22,65,66,67],"class_list":{"0":"post-131343","1":"post","2":"type-post","3":"status-publish","4":"format-standard","5":"has-post-thumbnail","7":"category-internacional","8":"tag-breaking-news","9":"tag-breakingnews","10":"tag-featured-news","11":"tag-featurednews","12":"tag-headlines","13":"tag-internacional","14":"tag-international","15":"tag-international-news","16":"tag-internationalnews","17":"tag-latest-news","18":"tag-latestnews","19":"tag-news","20":"tag-noticias","21":"tag-noticias-destacadas","22":"tag-noticiasdestacadas","23":"tag-titulares","24":"tag-ultimas-noticias","25":"tag-ultimasnoticias","26":"tag-world","27":"tag-world-news","28":"tag-worldnews"},"share_on_mastodon":{"url":"","error":""},"_links":{"self":[{"href":"https:\/\/www.europesays.com\/es\/wp-json\/wp\/v2\/posts\/131343","targetHints":{"allow":["GET"]}}],"collection":[{"href":"https:\/\/www.europesays.com\/es\/wp-json\/wp\/v2\/posts"}],"about":[{"href":"https:\/\/www.europesays.com\/es\/wp-json\/wp\/v2\/types\/post"}],"author":[{"embeddable":true,"href":"https:\/\/www.europesays.com\/es\/wp-json\/wp\/v2\/users\/2"}],"replies":[{"embeddable":true,"href":"https:\/\/www.europesays.com\/es\/wp-json\/wp\/v2\/comments?post=131343"}],"version-history":[{"count":0,"href":"https:\/\/www.europesays.com\/es\/wp-json\/wp\/v2\/posts\/131343\/revisions"}],"wp:featuredmedia":[{"embeddable":true,"href":"https:\/\/www.europesays.com\/es\/wp-json\/wp\/v2\/media\/131344"}],"wp:attachment":[{"href":"https:\/\/www.europesays.com\/es\/wp-json\/wp\/v2\/media?parent=131343"}],"wp:term":[{"taxonomy":"category","embeddable":true,"href":"https:\/\/www.europesays.com\/es\/wp-json\/wp\/v2\/categories?post=131343"},{"taxonomy":"post_tag","embeddable":true,"href":"https:\/\/www.europesays.com\/es\/wp-json\/wp\/v2\/tags?post=131343"}],"curies":[{"name":"wp","href":"https:\/\/api.w.org\/{rel}","templated":true}]}}