{"id":131348,"date":"2025-09-22T08:30:11","date_gmt":"2025-09-22T08:30:11","guid":{"rendered":"https:\/\/www.europesays.com\/es\/131348\/"},"modified":"2025-09-22T08:30:11","modified_gmt":"2025-09-22T08:30:11","slug":"nos-ha-costado-mucho-gestionar-el-partido","status":"publish","type":"post","link":"https:\/\/www.europesays.com\/es\/131348\/","title":{"rendered":"Nos ha costado mucho gestionar el partido"},"content":{"rendered":"<p class=\"ft-text\">El entrenador del <a class=\"ft-link ft-link--decoration\" href=\"https:\/\/www.laopiniondezamora.es\/deportes\/balonmano-zamora\/\" rel=\"nofollow noopener\" target=\"_blank\">BM Zamora<\/a>, F\u00e9lix Moj\u00f3n, lament\u00f3 la \u00abcantidad de errores\u00bb que cometi\u00f3 su equipo pese a la victoria contra el Astillero: \u00abHemos empezado mal defensivamente pese a lo que hab\u00edamos trabajado contra Rub\u00e9n Carvajal. Luego ajustamos algo pero fall\u00e1bamos en ataque y creo que han sido siete postes en la primera parte. Esto nos ha generado un mont\u00f3n de ansiedad y tambi\u00e9n nos ha costado mucho la gesti\u00f3n del partido. Vamos ganando de cuatro o cinco y hemos regalado muchos balones. Creo que hay muchas cosas que generar, ofensivas, defensivas y, sobre todo, en la gesti\u00f3n del partido\u00bb. El entrenador gallego record\u00f3 que su equipo acus\u00f3 las dos o tres exclusiones seguidas, \u00abpero no creo que ese haya sido el problema, sino que en la primera parte no estuvimos bien en defensa, fallamos muchos en ataque y la gesti\u00f3n en los \u00faltimos quince minutos del bal\u00f3n fue muy mala, hemos arriesgado demasiado en balones que no tiene ning\u00fan sentido perderlos y tenemos que corregirlo urgentemente\u00bb.<\/p>\n<p class=\"ft-text\">F\u00e9lix Moj\u00f3n record\u00f3 que durante la semana, el equipo hab\u00eda tenido problemas con los efectivos en defensa: \u00abPau estaba tocado y no pod\u00eda pasar por la defensa. Hemos empezado con Gigi en el \u00abtres\u00bb pero Gigi no puede manejar pivote, le cuesta un poco y no nos sali\u00f3 bien. A Ra\u00fal lo pon\u00edamos para la salida del contraataque pero estaba muy atr\u00e1s, muy pasivo y nos hac\u00eda falta profundidad para proteger la zona central\u00bb.<\/p>\n<p class=\"ft-text\">El entrenador del BM Zamora destac\u00f3 entre sus nuevos jugadores a N\u00e9stor, que est\u00e1 lesionado, y \u00ablo echamos en falta. Jorge va muy bien pero es m\u00e1s lento, es un perfil distinto; Lalo ha ido rapid\u00edsimo y muy bien, y en la porter\u00eda, la adaptaci\u00f3n tiene que ser individual pero la adaptaci\u00f3n avanaza bien\u00bb.<\/p>\n","protected":false},"excerpt":{"rendered":"El entrenador del BM Zamora, F\u00e9lix Moj\u00f3n, lament\u00f3 la \u00abcantidad de errores\u00bb que cometi\u00f3 su equipo pese a&hellip;\n","protected":false},"author":2,"featured_media":131349,"comment_status":"","ping_status":"","sticky":false,"template":"","format":"standard","meta":{"footnotes":""},"categories":[278],"tags":[4228,376,383,8223,1616,168,2226,25,24,27390,375,27391,23,167,2946],"class_list":{"0":"post-131348","1":"post","2":"type-post","3":"status-publish","4":"format-standard","5":"has-post-thumbnail","7":"category-balonmano","8":"tag-ansiedad","9":"tag-balonmano","10":"tag-bm","11":"tag-bm-zamora","12":"tag-defensa","13":"tag-deportes","14":"tag-entrenador","15":"tag-es","16":"tag-espana","17":"tag-felix","18":"tag-handball","19":"tag-mojon","20":"tag-spain","21":"tag-sports","22":"tag-zamora"},"share_on_mastodon":{"url":"","error":""},"_links":{"self":[{"href":"https:\/\/www.europesays.com\/es\/wp-json\/wp\/v2\/posts\/131348","targetHints":{"allow":["GET"]}}],"collection":[{"href":"https:\/\/www.europesays.com\/es\/wp-json\/wp\/v2\/posts"}],"about":[{"href":"https:\/\/www.europesays.com\/es\/wp-json\/wp\/v2\/types\/post"}],"author":[{"embeddable":true,"href":"https:\/\/www.europesays.com\/es\/wp-json\/wp\/v2\/users\/2"}],"replies":[{"embeddable":true,"href":"https:\/\/www.europesays.com\/es\/wp-json\/wp\/v2\/comments?post=131348"}],"version-history":[{"count":0,"href":"https:\/\/www.europesays.com\/es\/wp-json\/wp\/v2\/posts\/131348\/revisions"}],"wp:featuredmedia":[{"embeddable":true,"href":"https:\/\/www.europesays.com\/es\/wp-json\/wp\/v2\/media\/131349"}],"wp:attachment":[{"href":"https:\/\/www.europesays.com\/es\/wp-json\/wp\/v2\/media?parent=131348"}],"wp:term":[{"taxonomy":"category","embeddable":true,"href":"https:\/\/www.europesays.com\/es\/wp-json\/wp\/v2\/categories?post=131348"},{"taxonomy":"post_tag","embeddable":true,"href":"https:\/\/www.europesays.com\/es\/wp-json\/wp\/v2\/tags?post=131348"}],"curies":[{"name":"wp","href":"https:\/\/api.w.org\/{rel}","templated":true}]}}