{"id":131371,"date":"2025-09-22T08:45:11","date_gmt":"2025-09-22T08:45:11","guid":{"rendered":"https:\/\/www.europesays.com\/es\/131371\/"},"modified":"2025-09-22T08:45:11","modified_gmt":"2025-09-22T08:45:11","slug":"espana-regresa-con-tres-medallas-y-una-historica-maria-perez","status":"publish","type":"post","link":"https:\/\/www.europesays.com\/es\/131371\/","title":{"rendered":"Espa\u00f1a regresa con tres medallas y una hist\u00f3rica Mar\u00eda P\u00e9rez"},"content":{"rendered":"<p>mundiales de atletismo de tokio<\/p>\n<p>Mar\u00eda P\u00e9rez, con dos medallas de oro en los 35 y 20 kil\u00f3metros marcha, y Paul McGrath, con un bronce en los 20, han sido los grandes protagonistas en los Mundiales de Tokio del equipo espa\u00f1ol, en el que destacaron tambi\u00e9n otros diez atletas con puestos de finalistas m\u00e1s el relevo femenino del 4&#215;100, el mejor resultado desde hace veinticuatro a\u00f1os.<\/p>\n<p class=\"articleSignature-name\"> EFE <\/p>\n<p class=\"articleSignature-datecontent\">Madrid | <strong>22.09.2025 10:23 <\/strong><\/p>\n<p><img loading=\"lazy\" decoding=\"async\" title=\"Espa\u00f1a regresa de Tokio con tres medallas y una hist\u00f3rica Mar\u00eda P\u00e9rez\" alt=\"Espa\u00f1a regresa de Tokio con tres medallas y una hist\u00f3rica Mar\u00eda P\u00e9rez\" width=\"480\" height=\"270\" src=\"https:\/\/www.europesays.com\/es\/wp-content\/uploads\/2025\/09\/espana-regresa-tokio-tres-medallas-historica-maria-perez_70.jpg\"\/>Espa\u00f1a regresa de Tokio con tres medallas y una hist\u00f3rica Mar\u00eda P\u00e9rez | Agencia EFE<\/p>\n","protected":false},"excerpt":{"rendered":"mundiales de atletismo de tokio Mar\u00eda P\u00e9rez, con dos medallas de oro en los 35 y 20 kil\u00f3metros&hellip;\n","protected":false},"author":2,"featured_media":131372,"comment_status":"","ping_status":"","sticky":false,"template":"","format":"standard","meta":{"footnotes":""},"categories":[93],"tags":[168,25,24,23,167],"class_list":{"0":"post-131371","1":"post","2":"type-post","3":"status-publish","4":"format-standard","5":"has-post-thumbnail","7":"category-deportes","8":"tag-deportes","9":"tag-es","10":"tag-espana","11":"tag-spain","12":"tag-sports"},"share_on_mastodon":{"url":"","error":""},"_links":{"self":[{"href":"https:\/\/www.europesays.com\/es\/wp-json\/wp\/v2\/posts\/131371","targetHints":{"allow":["GET"]}}],"collection":[{"href":"https:\/\/www.europesays.com\/es\/wp-json\/wp\/v2\/posts"}],"about":[{"href":"https:\/\/www.europesays.com\/es\/wp-json\/wp\/v2\/types\/post"}],"author":[{"embeddable":true,"href":"https:\/\/www.europesays.com\/es\/wp-json\/wp\/v2\/users\/2"}],"replies":[{"embeddable":true,"href":"https:\/\/www.europesays.com\/es\/wp-json\/wp\/v2\/comments?post=131371"}],"version-history":[{"count":0,"href":"https:\/\/www.europesays.com\/es\/wp-json\/wp\/v2\/posts\/131371\/revisions"}],"wp:featuredmedia":[{"embeddable":true,"href":"https:\/\/www.europesays.com\/es\/wp-json\/wp\/v2\/media\/131372"}],"wp:attachment":[{"href":"https:\/\/www.europesays.com\/es\/wp-json\/wp\/v2\/media?parent=131371"}],"wp:term":[{"taxonomy":"category","embeddable":true,"href":"https:\/\/www.europesays.com\/es\/wp-json\/wp\/v2\/categories?post=131371"},{"taxonomy":"post_tag","embeddable":true,"href":"https:\/\/www.europesays.com\/es\/wp-json\/wp\/v2\/tags?post=131371"}],"curies":[{"name":"wp","href":"https:\/\/api.w.org\/{rel}","templated":true}]}}