{"id":131380,"date":"2025-09-22T08:50:07","date_gmt":"2025-09-22T08:50:07","guid":{"rendered":"https:\/\/www.europesays.com\/es\/131380\/"},"modified":"2025-09-22T08:50:07","modified_gmt":"2025-09-22T08:50:07","slug":"miles-de-evacuados-en-filipinas-ante-la-cercania-del-supertifon-ragasa","status":"publish","type":"post","link":"https:\/\/www.europesays.com\/es\/131380\/","title":{"rendered":"Miles de evacuados en Filipinas ante la cercan\u00eda del supertif\u00f3n Ragasa"},"content":{"rendered":"<p>    <img src=\"https:\/\/www.europesays.com\/es\/wp-content\/uploads\/2025\/09\/2025-09-22T063A263A12Z-90042954.jpg\" width=\"1024\" height=\"682\" alt=\"\" loading=\"eager\" decoding=\"sync\" fetchpriority=\"high\"\/><\/p>\n<p>            afp_tickers        <\/p>\n<p>        Este contenido fue publicado en    <\/p>\n<p>        22 septiembre 2025 &#8211; 08:26\n<\/p>\n<p>M\u00e1s de 10.000 personas se albergaron el lunes en escuelas y centros de evacuaci\u00f3n en Filipinas, ante las intensas lluvias y r\u00e1fagas de viento provocadas por el supertif\u00f3n Ragasa que arremetieron contra el norte del pa\u00eds archipi\u00e9lago.<\/p>\n<p>Se prev\u00e9 que el cicl\u00f3n, que se intensifica r\u00e1pidamente, toque tierra en las escasamente pobladas islas filipinas de Batanes o Babuyan la tarde del lunes, seg\u00fan la agencia meteorol\u00f3gica nacional.<\/p>\n<p>A las 11H00 locales del lunes (03H00 GMT), los vientos soplaban a 215 kil\u00f3metros por hora en el centro de la tormenta, con r\u00e1fagas que alcanzaban los 265 km\/h, seg\u00fan el servicio meteorol\u00f3gico nacional de Filipinas.<\/p>\n<p>\u00abMe despert\u00e9 por el fuerte viento. Estaba golpeando las ventanas y sonaba como una m\u00e1quina encendida\u00bb, relat\u00f3 Tirso Tugago, poblador de la localidad costera de Appari, en la provincia norte\u00f1a de Cagayan.<\/p>\n<p>Este profesor de 45 a\u00f1os agreg\u00f3 que \u00abdesde mi casa veo las grandes olas chocando en la costa. Rezo para que todos est\u00e9n a salvo\u00bb.\u00a0<\/p>\n<p>\u00abEstamos experimentando fuertes vientos en el norte de Cagayan\u00bb, dijo a la AFP el jefe del servicio de emergencias de esa provincia filipina, Rueli Rapsing, quien asegur\u00f3 que se han preparado para \u00ablo peor\u00bb.<\/p>\n<p>\u00abComo el supertif\u00f3n atravesar\u00e1 Calayan, estamos muy enfocados en esa zona\u00bb, agreg\u00f3 sobre esa ciudad en el norte de la provincia.<\/p>\n<p>Filipinas orden\u00f3 evacuaciones en el norte del pa\u00eds el domingo. Tanto oficinas como escuelas permanecer\u00e1n cerradas el lunes en la regi\u00f3n de Manila y en 29 provincias.<\/p>\n<p>Las autoridades locales \u00abno deben perder tiempo en retirar a las familias de las zonas de peligro\u00bb, dijo en un comunicado el secretario del Interior, Jonvic Remulla.<\/p>\n<p>El especialista clim\u00e1tico filipino John Grender Almario declar\u00f3 el domingo a periodistas que se esperan \u00abinundaciones y deslizamientos severos\u00bb al norte de la isla principal de Luzon, donde se ubica la capital Manila.<\/p>\n<p>Miles de personas protestaron el domingo en la capital filipina por un esc\u00e1ndalo de corrupci\u00f3n con proyectos para contener las inundaciones.<\/p>\n<p>En Taiw\u00e1n se realizaron evacuaciones a escala peque\u00f1a en zonas monta\u00f1osas cerca de Pingtung, indic\u00f3 a la AFP James Wu, un funcionario de los bomberos locales.\u00a0<\/p>\n<p>\u00abLo que m\u00e1s nos preocupa es que el da\u00f1o puede ser similar al que provoc\u00f3 el tif\u00f3n Koinu hace dos a\u00f1os\u00bb, agreg\u00f3 Wu en referencia a una tormenta que derrib\u00f3 el tendido el\u00e9ctrico y arranc\u00f3 techos en la zona.<\/p>\n<p>cwl\/fox\/mas\/pb\/hgs\/atm\/mas\/db<\/p>\n","protected":false},"excerpt":{"rendered":"afp_tickers Este contenido fue publicado en 22 septiembre 2025 &#8211; 08:26 M\u00e1s de 10.000 personas se albergaron el&hellip;\n","protected":false},"author":2,"featured_media":131381,"comment_status":"","ping_status":"","sticky":false,"template":"","format":"standard","meta":{"footnotes":""},"categories":[42],"tags":[17,18,756,13,14,15535,11,61,62,63,64,19,20,9,10,15,16,90,12,21,22,15537,65,66,67],"class_list":{"0":"post-131380","1":"post","2":"type-post","3":"status-publish","4":"format-standard","5":"has-post-thumbnail","7":"category-internacional","8":"tag-breaking-news","9":"tag-breakingnews","10":"tag-environment","11":"tag-featured-news","12":"tag-featurednews","13":"tag-global-change","14":"tag-headlines","15":"tag-internacional","16":"tag-international","17":"tag-international-news","18":"tag-internationalnews","19":"tag-latest-news","20":"tag-latestnews","21":"tag-news","22":"tag-noticias","23":"tag-noticias-destacadas","24":"tag-noticiasdestacadas","25":"tag-ticker","26":"tag-titulares","27":"tag-ultimas-noticias","28":"tag-ultimasnoticias","29":"tag-weather","30":"tag-world","31":"tag-world-news","32":"tag-worldnews"},"share_on_mastodon":{"url":"","error":""},"_links":{"self":[{"href":"https:\/\/www.europesays.com\/es\/wp-json\/wp\/v2\/posts\/131380","targetHints":{"allow":["GET"]}}],"collection":[{"href":"https:\/\/www.europesays.com\/es\/wp-json\/wp\/v2\/posts"}],"about":[{"href":"https:\/\/www.europesays.com\/es\/wp-json\/wp\/v2\/types\/post"}],"author":[{"embeddable":true,"href":"https:\/\/www.europesays.com\/es\/wp-json\/wp\/v2\/users\/2"}],"replies":[{"embeddable":true,"href":"https:\/\/www.europesays.com\/es\/wp-json\/wp\/v2\/comments?post=131380"}],"version-history":[{"count":0,"href":"https:\/\/www.europesays.com\/es\/wp-json\/wp\/v2\/posts\/131380\/revisions"}],"wp:featuredmedia":[{"embeddable":true,"href":"https:\/\/www.europesays.com\/es\/wp-json\/wp\/v2\/media\/131381"}],"wp:attachment":[{"href":"https:\/\/www.europesays.com\/es\/wp-json\/wp\/v2\/media?parent=131380"}],"wp:term":[{"taxonomy":"category","embeddable":true,"href":"https:\/\/www.europesays.com\/es\/wp-json\/wp\/v2\/categories?post=131380"},{"taxonomy":"post_tag","embeddable":true,"href":"https:\/\/www.europesays.com\/es\/wp-json\/wp\/v2\/tags?post=131380"}],"curies":[{"name":"wp","href":"https:\/\/api.w.org\/{rel}","templated":true}]}}