{"id":131382,"date":"2025-09-22T08:51:09","date_gmt":"2025-09-22T08:51:09","guid":{"rendered":"https:\/\/www.europesays.com\/es\/131382\/"},"modified":"2025-09-22T08:51:09","modified_gmt":"2025-09-22T08:51:09","slug":"el-programa-de-ana-rosa-ana-rosa-quintana-carga-contra-la-ministra-de-igualdad-a-costa-de-las-pulseras-antimaltrato-tiene-huevos","status":"publish","type":"post","link":"https:\/\/www.europesays.com\/es\/131382\/","title":{"rendered":"El programa de Ana Rosa: Ana Rosa Quintana carga contra la ministra de Igualdad a costa de las pulseras antimaltrato: \u00abTiene huevos\u00bb"},"content":{"rendered":"<p><img decoding=\"async\" class=\"voc-author__img\" src=\"https:\/\/www.europesays.com\/es\/wp-content\/uploads\/2025\/09\/autor-5261-foto-4.png\" alt=\"Mari Carmen Parra\"\/><\/p>\n<p>22\/09\/2025<br \/>\n<br \/><strong><br \/>\nActualizado a las 10:44h.<br \/>\n<\/strong><\/p>\n<p class=\"voc-p\" style=\"\">Dur\u00edsima. As\u00ed se ha mostrado <strong>Ana Rosa Quintana<\/strong> este lunes con la<strong> ministra de Igualdad<\/strong>, Ana Redondo, a costa del fallo de las pulseras anti maltrato. Y es que, la presentadora de &#8216;<a href=\"https:\/\/www.abc.es\/noticias\/el-programa-de-ana-rosa\/\" target=\"_self\" data-voc-vtm-id=\"in-text-traffic\" title=\"El programa de Ana Rosa\" data-mrf-link=\"www.abc.es\" rel=\"nofollow noopener\">El programa de Ana Rosa<\/a>&#8216; (Telecinco) se ha despachado a gusto contra la pol\u00edtica y contra el Gobierno no solo por el pol\u00e9mico error, sino tambi\u00e9n por su \u00faltima campa\u00f1a publicitaria.<\/p>\n<p class=\"voc-p\" style=\"\">\u00ab&#8217;Por huevos&#8217;. Este es el lema de la \u00faltima campa\u00f1a del Ministerio de Igualdad. Una campa\u00f1a que aboga por una masculinidad m\u00e1s diversa\u00bb, comenzaba diciendo <strong>Ana Rosa Quintana<\/strong> ante las c\u00e1maras del matinal de Telecinco. \u00abUna campa\u00f1a que ha costado un huevo, nada menos que 1,6 millones de euros. Unos millones de euros que el<strong> ministerio de Igualdad<\/strong> no se gast\u00f3 en las pulseras anti maltrato. Unos dispositivos que el Gobierno compr\u00f3 en los chinos\u00bb, se\u00f1alaba rotunda la presentadora de &#8216;<a href=\"https:\/\/www.abc.es\/play\/television\/noticias\/ana-rosa-quintana-senala-pedro-sanchez-desaparecido-20250919120722-nt.html\" target=\"_self\" data-voc-vtm-id=\"in-text-traffic\" title=\"El programa de Ana Rosa\" data-mrf-link=\"www.abc.es\" rel=\"nofollow noopener\">El programa de Ana Rosa<\/a>&#8216; antes de &#8216;emprenderla&#8217; contra la titular del ministerio. <\/p>\n<p class=\"voc-p\" style=\"\">\u00abAhora la ministra de Igualdad,<strong> Ana Redondo<\/strong>, asegura que es un bulo que las pulseras anti maltrato no funcionasen, y que lo que pone en verdadero peligro a las mujeres no es que no funcionasen las pulseras, sino que es el bulo en s\u00ed mismo lo que pone en peligro a las mujeres maltratadas. Es un bulo. Que se lo digan a las mujeres a las que se les presentaba su maltratador en la puerta de su casa sin que saltaran las alarmas. Que se lo digan a los jueces. Este Gobierno instalado en la mentira asegura que es un bulo que recibieran un aviso del Consejo General del Poder Judicial, pero La Raz\u00f3n publica hoy las actas en las que los magistrados avisan de los problemas con el centro Cometa, encargado del seguimiento del servicio, con localizaciones err\u00f3neas y manipulaciones de los maltratadores\u00bb, apuntaba <strong>Ana Rosa Quintana qu<\/strong>e segu\u00eda &#8216;atizando&#8217; a la ministra de Igualdad en su editorial de &#8216;El programa de Ana Rosa&#8217;.<\/p>\n<p>\nAna Rosa Quintana se\u00f1ala a Pedro S\u00e1nchez\n<\/p>\n<p class=\"voc-p\" style=\"\">\u00abLa Fiscal\u00eda General del Estado, que depende el Gobierno, tambi\u00e9n avis\u00f3 de los fallos, en este caso de la p\u00e9rdida de datos y de informaci\u00f3n, que generaron una gran cantidad de sobreseimientos y absoluciones. Ahora la ministra de Igualdad carga contra la Fiscal\u00eda se\u00f1alando que &#8216;hizo una valoraci\u00f3n sin datos&#8217; que &#8216;ha generado alarma&#8217;. Como dice la campa\u00f1a de <strong>Igualdad<\/strong>, tiene huevos como para hacer una tortilla de patata para un barrio entero\u00bb, aseveraba la <a href=\"https:\/\/www.abc.es\/play\/television\/noticias\/ana-rosa-quintana-habla-alto-claro-sobre-20250918122929-nt.html\" target=\"_self\" data-voc-vtm-id=\"in-text-traffic\" title=\"presentadora\" data-mrf-link=\"www.abc.es\" rel=\"nofollow noopener\">presentadora<\/a> del espacio de la cadena de Mediaset que se hac\u00eda eco del &#8216;<strong>ocultismo<\/strong>&#8216; del Gobierno.<\/p>\n<p class=\"voc-p\" style=\"\">\u00ab&#8217;El Pa\u00eds&#8217; publica hoy que la responsable del centro de seguimiento de las pulseras mand\u00f3 ocultar los avisos para que la Delegaci\u00f3n del Gobierno no se enterase de lo que estaba ocurriendo. Incluso felicitaron a los que trampearon la situaci\u00f3n de las pulseras. La ministra pide que no se genere alarma con las pulseras, cuando precisamente lo que tienen que generar las pulseras son alarmas que avisen a las v\u00edctimas\u00bb relataba <strong>Ana Rosa Quintana<\/strong> que a continuaci\u00f3n se\u00f1alaba a <strong>Pedro S\u00e1nchez<\/strong>. <\/p>\n<p class=\"voc-p\" style=\"\">\u00abMientras el presidente no ha hecho ni una sola menci\u00f3n a las pulseras en todo el fin de semana. Eso s\u00ed, desde el Gobierno piden que Pedro S\u00e1nchez sea nominado al premio Nobel de la Paz. Durante la presentaci\u00f3n de la campa\u00f1a de Igualdad, la ministra<strong> Ana Redondo<\/strong> dijo que hay que &#8216;resignificar el t\u00e9rmino por mis huevismos&#8217;. Ministra, apl\u00edquese el cuento cuando insista en que los fallos de las pulseras son un bulo. Un bulo con un par de g\u00f3nadas\u00bb, sentenciaba <strong>Ana Rosa Quintana<\/strong> ante las c\u00e1maras de &#8216;<a href=\"https:\/\/www.abc.es\/play\/television\/noticias\/antonio-maillo-revienta-programa-ana-rosa-acusarlos-20250918114825-nt.html\" target=\"_self\" data-voc-vtm-id=\"in-text-traffic\" title=\"El programa de Ana Rosa\" data-mrf-link=\"www.abc.es\" rel=\"nofollow noopener\">El programa de Ana Rosa<\/a>&#8216;.<\/p>\n<p>Reportar un error<\/p>\n","protected":false},"excerpt":{"rendered":"22\/09\/2025 Actualizado a las 10:44h. Dur\u00edsima. As\u00ed se ha mostrado Ana Rosa Quintana este lunes con la ministra&hellip;\n","protected":false},"author":2,"featured_media":131383,"comment_status":"","ping_status":"","sticky":false,"template":"","format":"standard","meta":{"footnotes":""},"categories":[8],"tags":[683,34600,17,18,2828,25,24,13,14,11,8084,2178,19,20,5083,1740,9,42075,10,15,16,40977,27011,2465,23,12,21,22],"class_list":{"0":"post-131382","1":"post","2":"type-post","3":"status-publish","4":"format-standard","5":"has-post-thumbnail","7":"category-espana","8":"tag-ana","9":"tag-anti","10":"tag-breaking-news","11":"tag-breakingnews","12":"tag-costa","13":"tag-es","14":"tag-espana","15":"tag-featured-news","16":"tag-featurednews","17":"tag-headlines","18":"tag-huevos","19":"tag-igualdad","20":"tag-latest-news","21":"tag-latestnews","22":"tag-maltrato","23":"tag-ministra","24":"tag-news","25":"tag-noquea","26":"tag-noticias","27":"tag-noticias-destacadas","28":"tag-noticiasdestacadas","29":"tag-pulseras","30":"tag-quintana","31":"tag-rosa","32":"tag-spain","33":"tag-titulares","34":"tag-ultimas-noticias","35":"tag-ultimasnoticias"},"share_on_mastodon":{"url":"","error":""},"_links":{"self":[{"href":"https:\/\/www.europesays.com\/es\/wp-json\/wp\/v2\/posts\/131382","targetHints":{"allow":["GET"]}}],"collection":[{"href":"https:\/\/www.europesays.com\/es\/wp-json\/wp\/v2\/posts"}],"about":[{"href":"https:\/\/www.europesays.com\/es\/wp-json\/wp\/v2\/types\/post"}],"author":[{"embeddable":true,"href":"https:\/\/www.europesays.com\/es\/wp-json\/wp\/v2\/users\/2"}],"replies":[{"embeddable":true,"href":"https:\/\/www.europesays.com\/es\/wp-json\/wp\/v2\/comments?post=131382"}],"version-history":[{"count":0,"href":"https:\/\/www.europesays.com\/es\/wp-json\/wp\/v2\/posts\/131382\/revisions"}],"wp:featuredmedia":[{"embeddable":true,"href":"https:\/\/www.europesays.com\/es\/wp-json\/wp\/v2\/media\/131383"}],"wp:attachment":[{"href":"https:\/\/www.europesays.com\/es\/wp-json\/wp\/v2\/media?parent=131382"}],"wp:term":[{"taxonomy":"category","embeddable":true,"href":"https:\/\/www.europesays.com\/es\/wp-json\/wp\/v2\/categories?post=131382"},{"taxonomy":"post_tag","embeddable":true,"href":"https:\/\/www.europesays.com\/es\/wp-json\/wp\/v2\/tags?post=131382"}],"curies":[{"name":"wp","href":"https:\/\/api.w.org\/{rel}","templated":true}]}}