{"id":131384,"date":"2025-09-22T08:52:10","date_gmt":"2025-09-22T08:52:10","guid":{"rendered":"https:\/\/www.europesays.com\/es\/131384\/"},"modified":"2025-09-22T08:52:10","modified_gmt":"2025-09-22T08:52:10","slug":"portal-de-noticias-del-gobierno-de-canarias-128","status":"publish","type":"post","link":"https:\/\/www.europesays.com\/es\/131384\/","title":{"rendered":"Portal de Noticias del Gobierno de Canarias"},"content":{"rendered":"<p>El Gobierno de Canarias, a trav\u00e9s de la Direcci\u00f3n General de Emergencias, actualiza la situaci\u00f3n de prealerta por temperaturas m\u00e1ximas en todo el archipi\u00e9lago a partir de las 11:00 horas de hoy, domingo 21 de septiembre.Esta decisi\u00f3n se toma teniendo en cuenta la informaci\u00f3n facilitada por la Agencia Estatal de Meteorolog\u00eda y otras fuentes disponibles, y en aplicaci\u00f3n del Plan Espec\u00edfico de Emergencias de Canarias por Riesgos de Fen\u00f3menos Meteorol\u00f3gicos Adversos (PEFMA).<\/p>\n<p><strong>\u00c1mbito territorial:\u00a0<\/strong><\/p>\n<p>Comunidad aut\u00f3noma de Canarias.<\/p>\n<p><strong>Observaciones:<\/strong><\/p>\n<p>Ultima jornada de temperaturas anormalmente altas tras el episodio de calor de los \u00faltimos d\u00edas. Temperaturas m\u00e1ximas que probablemente alcanzar\u00e1n y\/o superar\u00e1n los 30 \u2013 34\u00baC especialmente en la costa y en las median\u00edas del oeste y sur de las islas. Permanecen restos de calima.<\/p>\n<p>Se insta a la poblaci\u00f3n a seguir los siguientes<a href=\"https:\/\/www.gobiernodecanarias.org\/emergencias\/alertas\/consejos\/temperaturas\/temperaturas.html\" rel=\"nofollow noopener\" target=\"_blank\">\u00a0consejos de autoprotecci\u00f3n<\/a>\u00a0de la Direcci\u00f3n General de Emergencias.<\/p>\n<p><a href=\"https:\/\/www3.gobiernodecanarias.org\/noticias\/wp-content\/uploads\/2025\/09\/25-09-21-Actualizacion-3-56-2025-PEFMA-Temperaturas_Maximas.pdf\" rel=\"nofollow noopener\" target=\"_blank\">25-09-21-Actualizacion-3-56-2025-PEFMA-Temperaturas_Maximas<\/a><\/p>\n","protected":false},"excerpt":{"rendered":"El Gobierno de Canarias, a trav\u00e9s de la Direcci\u00f3n General de Emergencias, actualiza la situaci\u00f3n de prealerta por&hellip;\n","protected":false},"author":2,"featured_media":131385,"comment_status":"","ping_status":"","sticky":false,"template":"","format":"standard","meta":{"footnotes":""},"categories":[5],"tags":[17,18,25,24,13,14,11,19,20,9,10,15,16,23,12,21,22],"class_list":{"0":"post-131384","1":"post","2":"type-post","3":"status-publish","4":"format-standard","5":"has-post-thumbnail","7":"category-titulares","8":"tag-breaking-news","9":"tag-breakingnews","10":"tag-es","11":"tag-espana","12":"tag-featured-news","13":"tag-featurednews","14":"tag-headlines","15":"tag-latest-news","16":"tag-latestnews","17":"tag-news","18":"tag-noticias","19":"tag-noticias-destacadas","20":"tag-noticiasdestacadas","21":"tag-spain","22":"tag-titulares","23":"tag-ultimas-noticias","24":"tag-ultimasnoticias"},"share_on_mastodon":{"url":"","error":""},"_links":{"self":[{"href":"https:\/\/www.europesays.com\/es\/wp-json\/wp\/v2\/posts\/131384","targetHints":{"allow":["GET"]}}],"collection":[{"href":"https:\/\/www.europesays.com\/es\/wp-json\/wp\/v2\/posts"}],"about":[{"href":"https:\/\/www.europesays.com\/es\/wp-json\/wp\/v2\/types\/post"}],"author":[{"embeddable":true,"href":"https:\/\/www.europesays.com\/es\/wp-json\/wp\/v2\/users\/2"}],"replies":[{"embeddable":true,"href":"https:\/\/www.europesays.com\/es\/wp-json\/wp\/v2\/comments?post=131384"}],"version-history":[{"count":0,"href":"https:\/\/www.europesays.com\/es\/wp-json\/wp\/v2\/posts\/131384\/revisions"}],"wp:featuredmedia":[{"embeddable":true,"href":"https:\/\/www.europesays.com\/es\/wp-json\/wp\/v2\/media\/131385"}],"wp:attachment":[{"href":"https:\/\/www.europesays.com\/es\/wp-json\/wp\/v2\/media?parent=131384"}],"wp:term":[{"taxonomy":"category","embeddable":true,"href":"https:\/\/www.europesays.com\/es\/wp-json\/wp\/v2\/categories?post=131384"},{"taxonomy":"post_tag","embeddable":true,"href":"https:\/\/www.europesays.com\/es\/wp-json\/wp\/v2\/tags?post=131384"}],"curies":[{"name":"wp","href":"https:\/\/api.w.org\/{rel}","templated":true}]}}