{"id":131388,"date":"2025-09-22T08:54:03","date_gmt":"2025-09-22T08:54:03","guid":{"rendered":"https:\/\/www.europesays.com\/es\/131388\/"},"modified":"2025-09-22T08:54:03","modified_gmt":"2025-09-22T08:54:03","slug":"toros-desde-laujar-de-andarax-canal-sur","status":"publish","type":"post","link":"https:\/\/www.europesays.com\/es\/131388\/","title":{"rendered":"Toros desde Laujar de Andarax &#8211; Canal Sur"},"content":{"rendered":"<p class=\"description\" data-v-9adc27bc=\"\">Retransmisi\u00f3n desde la plaza de toros de Laujar de Andarax, en la Alpujarra almeriense, de un festejo mixto en el que salen al ruedo\u00a0Sebasti\u00e1n Fern\u00e1ndez, rejoneador que lidia un toro de la prestigiosa ganader\u00eda\u00a0Campos Pe\u00f1a;\u00a0Salvador Cort\u00e9s, figura del toreo con dos toros de la ganader\u00eda\u00a0Arauz de Robles; y\u00a0\u00a0Mariscal Ruiz, joven promesa del toreo, con dos novillos de la ganader\u00eda\u00a0Chamaco. Para cerrar la tarde,\u00a0Antonio Laujar\u00a0debuta en su municipio con un becerro de la ganader\u00eda\u00a0El Quintanar. <\/p>\n","protected":false},"excerpt":{"rendered":"Retransmisi\u00f3n desde la plaza de toros de Laujar de Andarax, en la Alpujarra almeriense, de un festejo mixto&hellip;\n","protected":false},"author":2,"featured_media":131389,"comment_status":"","ping_status":"","sticky":false,"template":"","format":"standard","meta":{"footnotes":""},"categories":[277],"tags":[373,168,25,24,23,167,374],"class_list":{"0":"post-131388","1":"post","2":"type-post","3":"status-publish","4":"format-standard","5":"has-post-thumbnail","7":"category-toreo","8":"tag-bullfighting","9":"tag-deportes","10":"tag-es","11":"tag-espana","12":"tag-spain","13":"tag-sports","14":"tag-toreo"},"share_on_mastodon":{"url":"","error":""},"_links":{"self":[{"href":"https:\/\/www.europesays.com\/es\/wp-json\/wp\/v2\/posts\/131388","targetHints":{"allow":["GET"]}}],"collection":[{"href":"https:\/\/www.europesays.com\/es\/wp-json\/wp\/v2\/posts"}],"about":[{"href":"https:\/\/www.europesays.com\/es\/wp-json\/wp\/v2\/types\/post"}],"author":[{"embeddable":true,"href":"https:\/\/www.europesays.com\/es\/wp-json\/wp\/v2\/users\/2"}],"replies":[{"embeddable":true,"href":"https:\/\/www.europesays.com\/es\/wp-json\/wp\/v2\/comments?post=131388"}],"version-history":[{"count":0,"href":"https:\/\/www.europesays.com\/es\/wp-json\/wp\/v2\/posts\/131388\/revisions"}],"wp:featuredmedia":[{"embeddable":true,"href":"https:\/\/www.europesays.com\/es\/wp-json\/wp\/v2\/media\/131389"}],"wp:attachment":[{"href":"https:\/\/www.europesays.com\/es\/wp-json\/wp\/v2\/media?parent=131388"}],"wp:term":[{"taxonomy":"category","embeddable":true,"href":"https:\/\/www.europesays.com\/es\/wp-json\/wp\/v2\/categories?post=131388"},{"taxonomy":"post_tag","embeddable":true,"href":"https:\/\/www.europesays.com\/es\/wp-json\/wp\/v2\/tags?post=131388"}],"curies":[{"name":"wp","href":"https:\/\/api.w.org\/{rel}","templated":true}]}}