{"id":131392,"date":"2025-09-22T08:58:15","date_gmt":"2025-09-22T08:58:15","guid":{"rendered":"https:\/\/www.europesays.com\/es\/131392\/"},"modified":"2025-09-22T08:58:15","modified_gmt":"2025-09-22T08:58:15","slug":"la-aficion-aragonesa-se-ha-volcado","status":"publish","type":"post","link":"https:\/\/www.europesays.com\/es\/131392\/","title":{"rendered":"\u201cLa afici\u00f3n aragonesa se ha volcado\u201d"},"content":{"rendered":"<p class=\"paragraph\">El ciclista barbastrense del equipo Cofidis Sergio Samitier <b>ha sido el \u00fanico de los cuatro altoaragoneses que comenzaron en Italia la Vuelta a Espa\u00f1a que la ha terminado en Madrid<\/b>, en una etapa que pasar\u00e1 a la historia por su suspensi\u00f3n a la mitad debido a los incidentes con manifestantes propalestina.<\/p>\n<p class=\"paragraph\">Tras unos \u00faltimos a\u00f1os en el equipo Movistar en los que no tuvo oportunidad de disputar alguna de las tres grandes vueltas, este a\u00f1o ha corrido dos, primero el Giro y ahora la Vuelta. <b>\u201cVolv\u00ed a correr una grande en Italia, y despu\u00e9s la Vuelta.<\/b> Ning\u00fan a\u00f1o hab\u00eda doblado y la experiencia ha sido chula. Ten\u00eda curiosidad por saber si mi cuerpo iba a responder y creo que s\u00ed. Pero en todo caso han sido demasiados d\u00edas de competici\u00f3n, soy el segundo ciclista con m\u00e1s d\u00edas de carrera esta temporada. Pero el cuerpo ha respondido bien\u201d.<\/p>\n<p class=\"paragraph\">En el caso de la Vuelta, hac\u00eda seis a\u00f1os desde que disputara la \u00faltima, y ten\u00eda ganas de volver. Y m\u00e1s en una edici\u00f3n con dos etapas en la provincia de Huesca. La primera acab\u00f3 en Cerler. \u201c<b>Han sido dos etapas muy especiales, y la verdad es que no s\u00e9 cu\u00e1l me ha gustado m\u00e1s. <\/b>Cerler es un puerto m\u00edtico, la referencia para los que entrenamos en esa zona, y siempre ha sido una referencia para mi desde que de peque\u00f1ito ve\u00eda por la tele etapas de la Vuelta que terminaban ah\u00ed. Fue muy especial\u201d.<\/p>\n<p>Escapado por delante de casa<\/p>\n<p class=\"paragraph\">Y la segunda, part\u00eda de Monz\u00f3n, pasaba por su casa, Barbastro, y recorr\u00eda gran parte de Arag\u00f3n para terminar en Zaragoza. \u201c<b>Esa segunda etapa tambi\u00e9n fue muy especial. Pasaba por casa, recorr\u00eda Arag\u00f3n, las dos fueron muy bonitas<\/b>\u201d.<\/p>\n<p class=\"paragraph\">En la segunda, dej\u00f3 una imagen para la historia al pasar por Barbastro escapado y con la pa\u00f1oleta de fiestas anudada al cuello. <b>\u201cFue un homenaje a nuestras fiestas y creo que se va a quedar para el recuerdo.<\/b> Pero lo que m\u00e1s me sorprendi\u00f3 de esa etapa fue como se volc\u00f3 la afici\u00f3n aragonesa. Por todos los sitios que pasamos hab\u00eda un ambiente espectacular. La respuesta de la gente fue tremenda y adem\u00e1s consegu\u00ed ir escapado hasta casi el final, as\u00ed que sali\u00f3 muy bien\u201d.<\/p>\n<p class=\"paragraph\">Apost\u00f3 por las fugas, comenzando por esa en casa. \u201c<b>Esa escapada hizo que hipotecara mucho<\/b>. Ese d\u00eda gast\u00e9 mucho y el resto de ciclistas en el pelot\u00f3n pudieron guardar y recuperar, pero no lo cambio\u201d.<\/p>\n<p class=\"paragraph\">Sobre todo a partir del ecuador de la carrera, se le vio con mucho protagonismo, metido en varias fugas. \u201c<b>En una gran vuelta lo que gastas no lo tienes despu\u00e9s, pero llegu\u00e9 m\u00e1s o menos bien a la recta final.<\/b> Este a\u00f1o la pena ha sido que los gallos casi no han dejado opciones a las fugas, pero para mi lo m\u00e1s importante fue ver que estaba ah\u00ed. Luego a veces sale y muchas veces no sale, pero estar ah\u00ed es importante\u201d.<\/p>\n<p class=\"paragraph\">Eso s\u00ed, deja una reflexi\u00f3n interesante sobre el punto de forma y el saber moverse en carrera. \u201c<b>En el Giro llegaba mejor de forma, porque era el objetivo primero de la temporada, <\/b>y no consegu\u00ed meterme en ninguna escapada. Al final es un poco aleatorio. En el Giro no se me vio porque estaba en el pelot\u00f3n. Llegaron varias escapadas, y yo luego igual llegaba entre los treinta o cuarenta primeros, pero de esa manera no luces nada. Y en la vuelta hubo esa diferencia m\u00ednima, sea suerte o lo que sea, para meterme y que se me viera mucho m\u00e1s\u201d.<\/p>\n<p class=\"paragraph\">Termin\u00f3 en un buen puesto en la general, 31\u00ba y quinto espa\u00f1ol, pero no le daba casi ning\u00fan valor. \u201cCuando hablamos en el equipo de si hab\u00eda que luchar por la general o por las fugas, porque a todo no se puede ir, decidimos que las fugas. <b>En la primera semana no me descuid\u00e9 y por eso estaba bien en la general,<\/b> pero como digo no se puede ir a por todo y apostamos por las escapadas. Ese puesto en la general al final llega como consecuencia de meterme en varias escapadas en etapas de monta\u00f1a. Te pillan en el \u00faltimo puerto y no pierdes tanto tiempo. No le doy importancia a ese puesto final. Quiz\u00e1 si no hubiera intentado las escapadas pod\u00eda haber acabado diez o quince puestos mejor en la general, pero no tiene sentido apretar cada d\u00eda y que no se te vea. El mejor ejemplo es Castrillo, el d\u00eda que no coge la escapada se queda atr\u00e1s y pierde un mont\u00f3n, pero le da igual porque se trata de guardar para el d\u00eda que se escapa\u201d.<\/p>\n<p class=\"paragraph\">Volviendo al principio, ha sido el \u00fanico altoaragon\u00e9s de cuatro que ha terminado. Arcas, Barcel\u00f3 y Castrillo se fueron al suelo y tuvieron que abandonar con huesos rotos. \u201c<b>Para mi una foto muy especial fue la de la Vuelta 2019 con Barcel\u00f3 y Arcas<\/b>. Y me ha dado mucha pena no poder hacer la misma los cuatro este a\u00f1o. El ciclismo hoy en d\u00eda es casi una carnicer\u00eda y se hacen pocos amigos, y nosotros somos cuatro amigos, de esos que te alegran los d\u00edas. Les he echado mucho de menos en carrera. Espero que se recuperen bien y coincidamos m\u00e1s a menudo\u201d.<\/p>\n<p>\u201cNo tenemos la culpa de lo que sucede en Palestina\u201d<\/p>\n<p class=\"paragraph\">En esta edici\u00f3n ha habido un tema pol\u00e9mico como son las manifestaciones propalestinas, que recortaron varias etapas, suspendieron la \u00faltima y llevaron al abandono de un ciclista, Javi Romo, por ca\u00edda. \u201cNo he pasado miedo, pero s\u00ed ha habido que tener cuidado. Y se han visto cosas, pero otras no. No me voy a mojar en el tema de Gaza. Pero s\u00ed que est\u00e1 claro que<b> la vuelta es un escaparate mundial, que puedes estar a apenas un metro de los mejores ciclistas,<\/b> para lo bueno y para lo malo. Les ha podido dar mucha visiblidad, y a mi me parece perfecto que se manifiesten. Pero si te pones en medio y tiras a un ciclista creo que no son maneras. Ha habido malestar en el pelot\u00f3n, porque nosotros no tenemos la culpa de todo lo que sucede. Pero si opinas en este tema, sea en el sentido que sea, te comen. Te puedes manifestar por lo que quieras, pero de manera pac\u00edfica\u201d.<\/p>\n<p class=\"paragraph\">En condiciones normales, su temporada habr\u00eda terminado ya, pero va a seguir. \u201cEl equipo est\u00e1 luchando por la clasificaci\u00f3n de puntos UCI y mantener la categor\u00eda y se trata de rascar todos los puntos que se pueda y donde se pueda. <b>As\u00ed que voy a ir a las cl\u00e1sicas de Italia en octubre. Va a ser la temporada m\u00e1s larga de mi vida<\/b>\u201d.<\/p>\n<p>\u201cYo soy yo y me paro con todos\u201d<\/p>\n<p class=\"paragraph\">Un aspecto que ha destacado en esta edici\u00f3n de la ronda espa\u00f1ola ha sido la visibilidad de Sergio en los medios de comunicaci\u00f3n, que le han buscado con frecuencia. Con su desparpajo y humor habitual, ha sido una de las caras m\u00e1s visibles en el pelot\u00f3n, y tambi\u00e9n de cara a los aficionados. \u201c<b>En este ciclismo de hoy hay mucho seco, que va al control de firmas, firma y se va al autob\u00fas y casi no le ves. <\/b>Yo soy yo, abro m\u00e1s la boca, me dejo ver m\u00e1s, voy al village, me paro con todos, y eso los medios lo han visto y le han sacado provecho. A los aficionados esas cosas les llenan y tambi\u00e9n me parece que hay que cuidarlos. Si me hago 25 fotos, son 25 personas felices\u201d.<\/p>\n","protected":false},"excerpt":{"rendered":"El ciclista barbastrense del equipo Cofidis Sergio Samitier ha sido el \u00fanico de los cuatro altoaragoneses que comenzaron&hellip;\n","protected":false},"author":2,"featured_media":131393,"comment_status":"","ping_status":"","sticky":false,"template":"","format":"standard","meta":{"footnotes":""},"categories":[273],"tags":[3437,4502,313,312,168,25,24,24730,2139,23,167,14077],"class_list":{"0":"post-131392","1":"post","2":"type-post","3":"status-publish","4":"format-standard","5":"has-post-thumbnail","7":"category-ciclismo","8":"tag-aficion","9":"tag-aragonesa","10":"tag-ciclismo","11":"tag-cycling","12":"tag-deportes","13":"tag-es","14":"tag-espana","15":"tag-samitier","16":"tag-sergio","17":"tag-spain","18":"tag-sports","19":"tag-volcado"},"share_on_mastodon":{"url":"","error":""},"_links":{"self":[{"href":"https:\/\/www.europesays.com\/es\/wp-json\/wp\/v2\/posts\/131392","targetHints":{"allow":["GET"]}}],"collection":[{"href":"https:\/\/www.europesays.com\/es\/wp-json\/wp\/v2\/posts"}],"about":[{"href":"https:\/\/www.europesays.com\/es\/wp-json\/wp\/v2\/types\/post"}],"author":[{"embeddable":true,"href":"https:\/\/www.europesays.com\/es\/wp-json\/wp\/v2\/users\/2"}],"replies":[{"embeddable":true,"href":"https:\/\/www.europesays.com\/es\/wp-json\/wp\/v2\/comments?post=131392"}],"version-history":[{"count":0,"href":"https:\/\/www.europesays.com\/es\/wp-json\/wp\/v2\/posts\/131392\/revisions"}],"wp:featuredmedia":[{"embeddable":true,"href":"https:\/\/www.europesays.com\/es\/wp-json\/wp\/v2\/media\/131393"}],"wp:attachment":[{"href":"https:\/\/www.europesays.com\/es\/wp-json\/wp\/v2\/media?parent=131392"}],"wp:term":[{"taxonomy":"category","embeddable":true,"href":"https:\/\/www.europesays.com\/es\/wp-json\/wp\/v2\/categories?post=131392"},{"taxonomy":"post_tag","embeddable":true,"href":"https:\/\/www.europesays.com\/es\/wp-json\/wp\/v2\/tags?post=131392"}],"curies":[{"name":"wp","href":"https:\/\/api.w.org\/{rel}","templated":true}]}}