{"id":131404,"date":"2025-09-22T09:04:08","date_gmt":"2025-09-22T09:04:08","guid":{"rendered":"https:\/\/www.europesays.com\/es\/131404\/"},"modified":"2025-09-22T09:04:08","modified_gmt":"2025-09-22T09:04:08","slug":"encontraron-en-la-biblioteca-nacional-libros-censurados-tras-el-golpe-de-pinochet","status":"publish","type":"post","link":"https:\/\/www.europesays.com\/es\/131404\/","title":{"rendered":"encontraron en la Biblioteca Nacional libros censurados tras el golpe de Pinochet"},"content":{"rendered":"<p>En septiembre de 1973, la junta militar que gobernaba <strong><a href=\"https:\/\/www.clarin.com\/ideas\/pinochet-golpe-chile-40-anos_0_S1x-rBViDQl.html\" target=\"_blank\" title=\"Chile \" alt=\"Chile \" rel=\"nofollow noopener\">Chile <\/a><\/strong>empez\u00f3 una <strong><a href=\"https:\/\/www.clarin.com\/politica\/libros-censurados-Dictadura_0_SJOmhmLovmg.html\" target=\"_blank\" title=\"persecuci\u00f3n \" alt=\"persecuci\u00f3n \" rel=\"nofollow noopener\">persecuci\u00f3n <\/a>contra cualquier <a href=\"https:\/\/www.clarin.com\/ideas\/la-secreta-vida-literaria-de-augusto-pinochet_0_SJm4xR8owQx.html\" target=\"_blank\" title=\"publicaci\u00f3n \" alt=\"publicaci\u00f3n \" rel=\"nofollow noopener\">publicaci\u00f3n <\/a>con ideas de izquierda<\/strong>. M\u00e1s de 45 a\u00f1os despu\u00e9s, <strong>aparecieron <\/strong>por sorpresa en la <strong>buhardilla de la Biblioteca Nacional<\/strong> libros y documentos vinculados al derrocado Gobierno socialista, que hab\u00edan permanecido escondidos durante d\u00e9cadas desafiando y regateando la <a href=\"https:\/\/www.clarin.com\/mundo\/biblioteca-secreta-pinochet-tesoro-volumenes_0_rJgl-O_ow7e.html\" target=\"_blank\" title=\"censura \" alt=\"censura \" rel=\"nofollow noopener\">censura <\/a>dictatorial.<\/p>\n<p><img fetchpriority=\"high\" alt=\"Fotograf\u00eda de la fachada de la Biblioteca Nacional, en Santiago (Chile). EFE\/ Elvis Gonz\u00e1lez\" loading=\"eager\" width=\"720\" height=\"480\" decoding=\"async\" data-nimg=\"1\" style=\"color:transparent\" src=\"https:\/\/www.europesays.com\/es\/wp-content\/uploads\/2025\/09\/SkIl0rFdy_720x0__1.jpg\"\/>Fotograf\u00eda de la fachada de la Biblioteca Nacional, en Santiago (Chile). EFE\/ Elvis Gonz\u00e1lez<\/p>\n<p>\u00abCuando sacamos los libros, nos dimos cuenta de que eran del tiempo de Salvador Allende (1970-1973),<strong> sobre socialismo y comunismo<\/strong>. Una de las cosas importantes que hab\u00eda eran los discursos del presidente, que no estaban ingresados en la base de datos. El por qu\u00e9, sigue siendo un misterio\u0094, recuerda el bibliotecario <strong>Fernando Echeverr\u00eda.<\/strong><\/p>\n<p>El golpe de estado del 11 de septiembre de 1973, que acab\u00f3 con el Gobierno de la Unidad Popular e instaur\u00f3 la dictadura encabezada por Augusto Pinochet (1973-1990),<strong> impact\u00f3, tambi\u00e9n, en el \u00e1mbito literario del pa\u00eds<\/strong>, pero bibliotecas, editoriales y librer\u00edas <strong>se opusieron a la represi\u00f3n cultural <\/strong>para que el acervo perseguido sobreviviera.<\/p>\n<p>Ya fuese <strong>escondiendo ejemplares<\/strong> durante los allanamientos militares o<strong> esquivando la censura <\/strong>editorial para poder seguir publicando, quienes lucharon por defender el libro se arriesgaron, a la vez, por preservar la democratizaci\u00f3n cultural impulsada por el presidente socialista en un contexto donde, asegura el investigador Jos\u00e9 Ignacio Fern\u00e1ndez, <strong>\u00abtener un libro era un acto de resistencia\u00bb.<\/strong><\/p>\n<p>Contra el libro democr\u00e1tico<\/p>\n<p>En 1971, dos a\u00f1os antes del golpe, <strong>el Gobierno de Allende conform\u00f3 la editora estatal Quimant\u00fa<\/strong>, que revolucion\u00f3 la tradici\u00f3n editorial del pa\u00eds mediante la producci\u00f3n masiva y el abaratamiento de costos, logrando acercar la lectura a las masas y convirtiendo el libro en una pieza clave del proyecto socialista.<\/p>\n<p><img alt=\"Una persona sostiene un libro con el sello de la editora estatal durante el gobierno de Allende, \u2018Quimant\u00fa\u2019, en el dep\u00f3sito de la Biblioteca Nacional, en Santiago (Chile). EFE\/ Elvis Gonz\u00e1lez\" loading=\"eager\" width=\"720\" height=\"480\" decoding=\"async\" data-nimg=\"1\" style=\"color:transparent\" src=\"https:\/\/www.europesays.com\/es\/wp-content\/uploads\/2025\/09\/wWIuR205a_720x0__1.jpg\"\/>Una persona sostiene un libro con el sello de la editora estatal durante el gobierno de Allende, \u2018Quimant\u00fa\u2019, en el dep\u00f3sito de la Biblioteca Nacional, en Santiago (Chile). EFE\/ Elvis Gonz\u00e1lez<\/p>\n<p><strong>Quimant\u00fa fue uno de los primeros blancos de la represi\u00f3n desplegada por la dictadura <\/strong>que, pese a no tener la cultura como prioridad, consider\u00f3 que los libros pod\u00edan extender el \u00abc\u00e1ncer marxista\u00bb, perseguido por junta, adem\u00e1s de ocupando la editorial y destruyendo miles de sus ejemplares, allanando viviendas y espacios literarios, <strong>quemando libros y prohibiendo la circulaci\u00f3n de numerosos t\u00edtulos.<\/strong><\/p>\n<p>\u00abEl libro no era peligroso en s\u00ed mismo, sino en el contexto donde se estaba promoviendo\u00bb, explica la historiadora<strong> Karen Donoso<\/strong>, lo que oblig\u00f3 a proteger la literatura clandestinamente con estrategias que, como se\u00f1ala Echeverr\u00eda, a\u00f1os despu\u00e9s siguen siendo un misterio.<\/p>\n<p>En la Biblioteca Nacional, cuenta el relato heredado por sus trabajadores actuales,<strong> se impidi\u00f3 que los militares encontraran los libros perseguidos escondiendo las tarjetas que permit\u00edan ubicarlos entre los m\u00e1s de 35.000.000 de ejemplares de su dep\u00f3sito<\/strong>, medida que tambi\u00e9n tomaron otras bibliotecas del pa\u00eds pero que, en algunas como la de la Universidad de Chile, no consigui\u00f3 evitar que fueran quemados.<\/p>\n<p>Disidencia editorial<\/p>\n<p>Tras esta primera \u00abetapa terrorista\u00bb, seg\u00fan la califica Fern\u00e1ndez, la represi\u00f3n se institucionaliz\u00f3 con <strong>la implantaci\u00f3n de un sistema de censura previa, vigente hasta 1983.<\/strong><\/p>\n<p>Aunque<strong> las publicaciones cayeron \u00aba n\u00fameros hist\u00f3ricos\u00bb <\/strong>y diversas imprentas y editoriales cerraron, en el sector de la producci\u00f3n literaria tambi\u00e9n existi\u00f3 resistencia.<\/p>\n<p><img alt=\"Fernando Echeverr\u00eda posando durante una entrevista con EFE, en la Biblioteca Nacional, en Santiago (Chile). EFE\/ Elvis Gonz\u00e1lez\" loading=\"eager\" width=\"720\" height=\"480\" decoding=\"async\" data-nimg=\"1\" style=\"color:transparent\" src=\"https:\/\/www.europesays.com\/es\/wp-content\/uploads\/2025\/09\/QT54fOv28_720x0__1.jpg\"\/>Fernando Echeverr\u00eda posando durante una entrevista con EFE, en la Biblioteca Nacional, en Santiago (Chile). EFE\/ Elvis Gonz\u00e1lez<\/p>\n<p>\u00abMientras no se contradijera a la dictadura en t\u00e9rminos pol\u00edticos, sociales y econ\u00f3micos, hab\u00eda cierto margen de actividad\u00bb, explica Donoso.<\/p>\n<p><strong>En esa discreta disidencia florecieron publicaciones<\/strong> como Agencia de Prensa de Servicios Internacionales (APSI), considerada la primera revista de oposici\u00f3n, que aprovech\u00f3 \u00abmuy astutamente\u00bb el car\u00e1cter internacional de su contenido para cuestionar al r\u00e9gimen de Pinochet.<\/p>\n<p>\u00abNosotros evidentemente <strong>no quer\u00edamos someternos y siempre trat\u00e1bamos de empujar el cerco<\/strong>\u00ab, recuerda su fundador, anteriormente editor en Quimant\u00fa, <strong>Arturo Navarro<\/strong>, quien confiesa que \u00aba pesar de la censura, siempre que la desafiabas se avanzaba un poquito\u00bb.<\/p>\n<p>\u00abNo cantamos en vano\u00bb<\/p>\n<p>Pese a la resistencia del mundo literario, tras 17 a\u00f1os de dictadura se estableci\u00f3 en Chile una nueva l\u00f3gica de consumo intelectual y art\u00edstico que supuso, seg\u00fan Donoso, \u00abun retorno a la idea de cultura concebida como alta cultura\u00bb.<\/p>\n<p>En el \u00e1mbito de la literatura, esta <strong>reconfiguraci\u00f3n neoliberal signific\u00f3 la aplicaci\u00f3n del IVA del 19% al libro<\/strong>, el segundo m\u00e1s alto del mundo, cuya recaudaci\u00f3n se reinvirti\u00f3 en beneficio del sector a\u00f1os m\u00e1s tarde, pero que muchos siguen reclamando rebajar.<\/p>\n<p>\u00abA pesar de todo el da\u00f1o que caus\u00f3 la dictadura \u2013sostiene Navarro\u2013 <strong>han seguido existiendo instancias de apoyo al libro y la lectura<\/strong>, y hoy estamos llenos de ferias, nuevos proyectos y editoriales j\u00f3venes\u00bb.<\/p>\n<p>En cuanto al alcance de la censura, el historiador <strong>Jaime Rosenblitt<\/strong> apunta que \u00abes importante no idealizar intelectualmente a la dictadura\u00bb, pues, si bien impact\u00f3 en el sector, <strong>no tuvo la \u00abfineza intelectual\u00bb para desarticularlo.<\/strong><\/p>\n<p><img alt=\"Fotograf\u00eda que muestra libros en el dep\u00f3sito de la Biblioteca Nacional, en Santiago (Chile). EFE\/ Elvis Gonz\u00e1lez\" loading=\"eager\" width=\"720\" height=\"480\" decoding=\"async\" data-nimg=\"1\" style=\"color:transparent\" src=\"https:\/\/www.europesays.com\/es\/wp-content\/uploads\/2025\/09\/Kqt7oiBF9_720x0__1.jpg\"\/>Fotograf\u00eda que muestra libros en el dep\u00f3sito de la Biblioteca Nacional, en Santiago (Chile). EFE\/ Elvis Gonz\u00e1lez<\/p>\n<p>\u00ab<strong>Afortunadamente hay una herencia<\/strong>, que a lo mejor tiene que pasar un poco el tiempo para que reflote, pero, como dir\u00eda (Neruda sobre) la poes\u00eda, no cantamos en vano\u00bb, afirma Navarro convencido de que el esp\u00edritu democratizador de Quimant\u00fa, cuyos libros tambi\u00e9n se refugiaron en la buhardilla de la Biblioteca Nacional, ha sobrevivido.<\/p>\n","protected":false},"excerpt":{"rendered":"En septiembre de 1973, la junta militar que gobernaba Chile empez\u00f3 una persecuci\u00f3n contra cualquier publicaci\u00f3n con ideas&hellip;\n","protected":false},"author":2,"featured_media":131405,"comment_status":"","ping_status":"","sticky":false,"template":"","format":"standard","meta":{"footnotes":""},"categories":[172],"tags":[224,146,147,25,24,225,23],"class_list":{"0":"post-131404","1":"post","2":"type-post","3":"status-publish","4":"format-standard","5":"has-post-thumbnail","7":"category-libros","8":"tag-books","9":"tag-entertainment","10":"tag-entretenimiento","11":"tag-es","12":"tag-espana","13":"tag-libros","14":"tag-spain"},"share_on_mastodon":{"url":"","error":""},"_links":{"self":[{"href":"https:\/\/www.europesays.com\/es\/wp-json\/wp\/v2\/posts\/131404","targetHints":{"allow":["GET"]}}],"collection":[{"href":"https:\/\/www.europesays.com\/es\/wp-json\/wp\/v2\/posts"}],"about":[{"href":"https:\/\/www.europesays.com\/es\/wp-json\/wp\/v2\/types\/post"}],"author":[{"embeddable":true,"href":"https:\/\/www.europesays.com\/es\/wp-json\/wp\/v2\/users\/2"}],"replies":[{"embeddable":true,"href":"https:\/\/www.europesays.com\/es\/wp-json\/wp\/v2\/comments?post=131404"}],"version-history":[{"count":0,"href":"https:\/\/www.europesays.com\/es\/wp-json\/wp\/v2\/posts\/131404\/revisions"}],"wp:featuredmedia":[{"embeddable":true,"href":"https:\/\/www.europesays.com\/es\/wp-json\/wp\/v2\/media\/131405"}],"wp:attachment":[{"href":"https:\/\/www.europesays.com\/es\/wp-json\/wp\/v2\/media?parent=131404"}],"wp:term":[{"taxonomy":"category","embeddable":true,"href":"https:\/\/www.europesays.com\/es\/wp-json\/wp\/v2\/categories?post=131404"},{"taxonomy":"post_tag","embeddable":true,"href":"https:\/\/www.europesays.com\/es\/wp-json\/wp\/v2\/tags?post=131404"}],"curies":[{"name":"wp","href":"https:\/\/api.w.org\/{rel}","templated":true}]}}