{"id":131408,"date":"2025-09-22T09:07:10","date_gmt":"2025-09-22T09:07:10","guid":{"rendered":"https:\/\/www.europesays.com\/es\/131408\/"},"modified":"2025-09-22T09:07:10","modified_gmt":"2025-09-22T09:07:10","slug":"por-que-una-chica-de-17-anos-se-mete-a-monja-los-domingos-busca-una-respuesta-en-el-festival-de-san-sebastian-20minutos","status":"publish","type":"post","link":"https:\/\/www.europesays.com\/es\/131408\/","title":{"rendered":"\u00bfPor qu\u00e9 una chica de 17 a\u00f1os se mete a monja? &#039;Los domingos&#039; busca una respuesta en el Festival de San Sebasti\u00e1n &#8211; 20Minutos"},"content":{"rendered":"<ol>\n<li><a href=\"https:\/\/news.google.com\/rss\/articles\/CBMixwFBVV95cUxOM3o1Z0V4dkw5c2dlbnV5QU9ncVlEakxNempuT3psZ0NOeDRHc185YS1WY2dLdEtwN3hESG4tdE1OcF94Zlo4VDdfV25KRm9tNzVCRWxUU0NtZnMtLTBMUXJlaEYyOWxNNUFIZ1hQWXlseDlvMW10MjM0SmVhYVZ4UDB3VnMtRU1tbzMxaHBHSW5LQ1ZYT3BaMi1xTUxyR05kdTJWekFoZGliMlhUYy1RdjRhTEJRQ1Q3MzBtdXV5YXpreDV4SGFV?oc=5\" target=\"_blank\" rel=\"nofollow noopener\">\u00bfPor qu\u00e9 una chica de 17 a\u00f1os se mete a monja? &#8216;Los domingos&#8217; busca una respuesta en el Festival de San Sebasti\u00e1n<\/a>&nbsp;&nbsp;20Minutos<\/li>\n<li><a href=\"https:\/\/news.google.com\/rss\/articles\/CBMilgFBVV95cUxNTzh4SlhHSV9UNllVVFpBeW5mN25kWk9BSFJwOXQwTGZvRVdDNk15SU9Bc3ZTQXB5SkpyYVpHMGZENzdtdkZDeS1ydlZMQmZpOUJhYXlGLUY2YVJiUDQtZlZkQWtBRHJBaXFLb29ZcDgtTGlYWW11M0QxbGxoZ0JtX0NGcHgzNVBrTTEzcm1nUVRLcElaTEHSAZsBQVVfeXFMTlMydHBjcE5TbHpReDVGWm9KVUNVbElod3Z4VGQ2cFdOdkNQWEhNbnREenlQem9oa2U2Y2gzZ2lQd3U5c2Zjd2U3UVEySks1NGZ1cVNsSFlpWlVuN1V6d1E2ejcyazhkcFZYV3FGbkJrOHV2X2plZzN6WmR4NTNJVHhsTHlqUW5pWDJmMmNhU0VGZHZOX29pUnozVlk?oc=5\" target=\"_blank\" rel=\"nofollow noopener\">&#8216;Los domingos&#8217;: \u00bfpor qu\u00e9 una chica joven decide meterse a monja de clausura?<\/a>&nbsp;&nbsp;El Confidencial<\/li>\n<li><a href=\"https:\/\/news.google.com\/rss\/articles\/CBMingFBVV95cUxPLU9FajNNU0xXSnNEU3JKMzVxQ0pJTVBWa3JtLVc3MDMwZkZNNC1vZVJMYThPc2IwYV9jZktJN2lvN2hDdzNmaUd3QzlacU5wTzJtTl94a3dqV2xneEJ4UGU2THYtWmRSbEN4eVAzV0h3UWJSNVpaMkRnWEpYY1hnZ1ZwUHkxSGVrYkVMdlBFMEI0cHZjcTFKTzRZdlZpZw?oc=5\" target=\"_blank\" rel=\"nofollow noopener\">\u00abLa vida es discernimiento, pero a veces sin certezas\u00bb<\/a>&nbsp;&nbsp;naiz:<\/li>\n<li><a href=\"https:\/\/news.google.com\/rss\/articles\/CBMijgFBVV95cUxOSE5pY18tcm8wVUNsVHhJYjFFMUxfUHN5MVByd1YzUDhsR1ZNOFB0RnBPblI2YzhSd25CWmhZMk51TTBLRXRxYjBDenZ6OTR1MGtFeWQzUVNMbTk2T3NpczhrQ3Q4Q0RTVzd2RV9Rd0ZQWEM2WEI1LUV2RzhUOVdVbElRMkZQd3pMT0owTlp3?oc=5\" target=\"_blank\" rel=\"nofollow noopener\">Cr\u00edtica de &#8216;Los domingos&#8217;, la nueva joya de Alauda Ruiz de Az\u00faa<\/a>&nbsp;&nbsp;Fotogramas<\/li>\n<li><a href=\"https:\/\/news.google.com\/rss\/articles\/CBMi5wFBVV95cUxOOVBybFVkSGhQQmR6MXRrejBZbWZ5SXozcGpweF9VS2huUHo2ZzdlOHlmUHZ2STdIeVl4UjE4OWE4SUxrbE5VODV0QUNqZnNFYmFlVV84ZHBDTm1LOW1fZ1U1UFBXZHBPR0d0djFuTW9uRW5pY3NUdWdEOVN0RnhNc2RMeHFaLUViUHNmSWlPZFNzWktBSWk5R1ZRRHBNM0VHTWc0cUEzV2lzUnItQlVJRTNSVkpYMTd4dElZQzJRbXRSVXM1NVBVdGtQOTZ4SGh0OXEwMW9faXBFam15R09VU0dEeFJyRzA?oc=5\" target=\"_blank\" rel=\"nofollow noopener\">Alauda Ruiz de Az\u00faa y el dilema de la vocaci\u00f3n religiosa: \u00abEs m\u00e1s f\u00e1cil ser tolerante de cara al escaparate\u00bb<\/a>&nbsp;&nbsp;Vozp\u00f3puli<\/li>\n<\/ol>\n","protected":false},"excerpt":{"rendered":"\u00bfPor qu\u00e9 una chica de 17 a\u00f1os se mete a monja? &#8216;Los domingos&#8217; busca una respuesta en el&hellip;\n","protected":false},"author":2,"featured_media":128102,"comment_status":"","ping_status":"","sticky":false,"template":"","format":"standard","meta":{"footnotes":""},"categories":[169],"tags":[177,146,147,25,24,176,175,23],"class_list":{"0":"post-131408","1":"post","2":"type-post","3":"status-publish","4":"format-standard","5":"has-post-thumbnail","7":"category-cine","8":"tag-cine","9":"tag-entertainment","10":"tag-entretenimiento","11":"tag-es","12":"tag-espana","13":"tag-film","14":"tag-movies","15":"tag-spain"},"share_on_mastodon":{"url":"","error":""},"_links":{"self":[{"href":"https:\/\/www.europesays.com\/es\/wp-json\/wp\/v2\/posts\/131408","targetHints":{"allow":["GET"]}}],"collection":[{"href":"https:\/\/www.europesays.com\/es\/wp-json\/wp\/v2\/posts"}],"about":[{"href":"https:\/\/www.europesays.com\/es\/wp-json\/wp\/v2\/types\/post"}],"author":[{"embeddable":true,"href":"https:\/\/www.europesays.com\/es\/wp-json\/wp\/v2\/users\/2"}],"replies":[{"embeddable":true,"href":"https:\/\/www.europesays.com\/es\/wp-json\/wp\/v2\/comments?post=131408"}],"version-history":[{"count":0,"href":"https:\/\/www.europesays.com\/es\/wp-json\/wp\/v2\/posts\/131408\/revisions"}],"wp:featuredmedia":[{"embeddable":true,"href":"https:\/\/www.europesays.com\/es\/wp-json\/wp\/v2\/media\/128102"}],"wp:attachment":[{"href":"https:\/\/www.europesays.com\/es\/wp-json\/wp\/v2\/media?parent=131408"}],"wp:term":[{"taxonomy":"category","embeddable":true,"href":"https:\/\/www.europesays.com\/es\/wp-json\/wp\/v2\/categories?post=131408"},{"taxonomy":"post_tag","embeddable":true,"href":"https:\/\/www.europesays.com\/es\/wp-json\/wp\/v2\/tags?post=131408"}],"curies":[{"name":"wp","href":"https:\/\/api.w.org\/{rel}","templated":true}]}}