{"id":131419,"date":"2025-09-22T09:13:06","date_gmt":"2025-09-22T09:13:06","guid":{"rendered":"https:\/\/www.europesays.com\/es\/131419\/"},"modified":"2025-09-22T09:13:06","modified_gmt":"2025-09-22T09:13:06","slug":"la-onu-aborda-la-cuestion-palestina-mientras-crece-el-reconocimiento-internacional","status":"publish","type":"post","link":"https:\/\/www.europesays.com\/es\/131419\/","title":{"rendered":"La ONU aborda la cuesti\u00f3n palestina mientras crece el reconocimiento internacional"},"content":{"rendered":"<p>Nueva York acoge este lunes una <strong>conferencia internacional <\/strong>de la ONU que busca reavivar la <strong>estancada soluci\u00f3n de los dos Estados en Oriente Medio<\/strong>. Apadrinado por Francia y Arabia Saud\u00ed, el encuentro se celebra en plena escalada de la ofensiva en la Franja de Gaza \u2014donde Israel ha iniciado la ocupaci\u00f3n terrestre de la capital, Ciudad de Gaza\u2014 y en un momento en el que viejos aliados del Estado hebreo se han sumado al reconocimiento de Palestina, lo que ha provocado el contundente rechazo del Gobierno israel\u00ed. <\/p>\n<p>La sesi\u00f3n de este lunes es la continuaci\u00f3n de la Conferencia para la Soluci\u00f3n Pac\u00edfica de la Cuesti\u00f3n de Palestina y la Implementaci\u00f3n de la soluci\u00f3n de dos Estados que arranc\u00f3 en julio \u2014ten\u00eda previsto celebrarse en junio, pero se atras\u00f3 tras los <a href=\"https:\/\/www.rtve.es\/noticias\/20250613\/israel-lanza-ataque-contra-iran-declara-estado-emergencia\/16623138.shtml\" rel=\"nofollow noopener\" target=\"_blank\">ataques de Israel a Ir\u00e1n<\/a>\u2014. Varios pa\u00edses ten\u00edan previsto reconocer Palestina durante la Asamblea General de la ONU, que arranca el martes, pero Reino Unido, Canad\u00e1, Portugal y Australia se adelantaron y dieron el paso el domingo. Se espera que Francia, B\u00e9lgica, Malta, Andorra, Luxemburgo y San Marino, lo hagan a lo largo de este lunes. <\/p>\n<p>En julio, el secretario general de la ONU, Ant\u00f3nio Guterres, asegur\u00f3 ante el Consejo de Seguridad que la soluci\u00f3n de los dos Estados estaba \u00ab<a href=\"https:\/\/www.rtve.es\/noticias\/20250728\/guterres-conferencia-solucion-dos-estados-israel-palestina\/16680047.shtml\" rel=\"nofollow noopener\" target=\"_blank\">m\u00e1s lejos que nunca<\/a>\u00bb y defendi\u00f3 que se trataba de <strong>\u00abun derecho\u00bb de los palestinos, \u00abno un premio\u00bb<\/strong>. El proceso, advirti\u00f3 entonces, \u00abcorre el riesgo de desaparecer por completo\u00bb y asegur\u00f3 que \u00abel deber de la comunidad internacional\u00bb era mantenerlo vivo y \u00abmaterializar las condiciones para que suceda\u00bb.<\/p>\n<p>\t\tCristina Gallach sobre la Asamblea General de la ONU: \u00abLa postura de Estados Unidos es determinante\u00bb\t<\/p>\n<p>La Autoridad Palestina participar\u00e1 por videoconferencia tras el veto de EE.UU.<\/p>\n<p>El conflicto palestino-israel\u00ed es uno de los temas m\u00e1s divisivos entre la comunidad internacional y Estados como Alemania, Italia, Holanda, Grecia, Austria o Finlandia a\u00fan no han dado el paso de reconocer Palestina. Tampoco <strong>Estados Unidos<\/strong>, el principal aliado de Israel, que ha tratado de sabotear la conferencia al<strong> denegar el visado de entrada <\/strong>al pa\u00eds al presidente de la Autoridad Palestina, <strong>Mahmud Ab\u00e1s, y a su equipo<\/strong>. <\/p>\n<p>Para remediarlo, la Asamblea General autoriz\u00f3 el viernes que <a href=\"https:\/\/www.rtve.es\/noticias\/20250919\/asamblea-general-onu-palestina-videoconferencia\/16736623.shtml\" rel=\"nofollow noopener\" target=\"_blank\">Palestina participe por videoconferencia<\/a> tanto en la conferencia sobre la cuesti\u00f3n palestina como en el resto de sesiones previstas durante la semana. Solo tres pa\u00edses (Nauru, Palau y Paraguay) votaron en contra, adem\u00e1s de Israel y Estados Unidos, lo que demuestra el aislamiento de ambos Estados en lo que a la que a Palestina y la masacre en Gaza se refiere. <\/p>\n<p>Hasta el momento, de los 193 pa\u00edses que componen la ONU, 150 ya reconocen el Estado palestino. <\/p>\n<p>Netanyahu advierte: \u00abEso no suceder\u00e1\u00bb<\/p>\n<p>Cuando el presidente franc\u00e9s, Emmanuel Macron, anunci\u00f3 la celebraci\u00f3n de la conferencia asegur\u00f3 que \u00abla soluci\u00f3n de dos Estados <strong>es tambi\u00e9n pertinente para Israel<\/strong>\u00ab. Sin embargo, el primer ministro israel\u00ed, Benjam\u00edn Netanyahu, ha dejado claro que no puede estar m\u00e1s en desacuerdo. En un v\u00eddeo difundido por su oficina el domingo, el mandatario rechaz\u00f3 la medida y anunci\u00f3 una <strong>\u00abrespuesta\u00bb<\/strong> a una decisi\u00f3n que tacha de \u00abrecompensa al terrorismo\u00bb.<\/p>\n<p>\u00abEso no suceder\u00e1. No se establecer\u00e1 un Estado palestino al oeste del r\u00edo Jord\u00e1n\u00bb, insisti\u00f3 el primer ministro, que presumi\u00f3 de haber \u00abimpedido\u00bb durante a\u00f1os \u00abel establecimiento de este Estado terrorista ante una enorme presi\u00f3n interna y externa\u00bb. Adem\u00e1s, ha recordado que durante su Gobierno se ha duplicado los asentamientos israel\u00edes ilegales en el territorio palestino de Cisjordania ocupado por Israel y advirti\u00f3 de que seguir\u00e1n \u00abpor ese camino\u00bb. <\/p>\n<p>Netanyahu anunci\u00f3 que esta semana presentar\u00e1 ante la Asamblea General de la ONU \u00abla verdad de Israel\u00bb y <strong>su \u00abvisi\u00f3n de una paz verdadera<\/strong>: la paz a trav\u00e9s de la fuerza\u00bb. El l\u00edder israel\u00ed pone como ejemplo su reciente guerra contra Hizbul\u00e1 que, seg\u00fan \u00e9l, ha creado la posibilidad de alcanzar la paz con L\u00edbano y Siria.<\/p>\n<p>Mientras tanto, el ministro de Finanzas israel\u00ed, el colono radical Bezalel Smotrich, present\u00f3 una propuesta para la <strong>anexi\u00f3n del 82% de Cisjordania<\/strong>. Dijo que se trataba de \u00abla respuesta\u00bb al intento de imponerles \u00abun Estado terrorista en el coraz\u00f3n\u00bb de su pa\u00eds. El ministro de Exteriores, Gideon Saar, ha calificado la decisi\u00f3n de reconocer Palestina de \u00abinmoral\u00bb, \u00abindignante\u00bb y \u00abespecialmente repugnante\u00bb.<\/p>\n<p>La ministra brit\u00e1nica de Exteriores, Yvette Cooper, ha advertido al Gobierno de Israel contra cualquier represalia, por ejemplo, con la anexi\u00f3n de m\u00e1s territorio en Cisjordania. \u00abLe he dejado claro al ministro de Exteriores israel\u00ed que <strong>no deben hacer eso<\/strong>, y le he dejado claro tambi\u00e9n que la decisi\u00f3n que hemos tomado es la mejor manera de respetar la seguridad tanto de Israel como de los palestinos\u00bb, ha declarado a la BBC.<\/p>\n<p>La soluci\u00f3n de dos Estados, un objetivo de la ONU desde su origen<\/p>\n<p>El conflicto palestino-israel\u00ed fue el primer <strong>gran asunto al que tuvo que enfrentarse la Naciones Unida<\/strong>s tras su creaci\u00f3n. Y, aunque la idea de los dos Estados, uno para la poblaci\u00f3n jud\u00eda y otro para la israel\u00ed es previo a la fundaci\u00f3n de la ONU, la medida aparece en docenas de resoluciones del Consejo de Seguridad y en m\u00faltiples conversaciones de paz. <\/p>\n<p>La cuesti\u00f3n palestina, de hecho, se abord\u00f3 duranta la primera Asamblea General, en abril de 1947, despu\u00e9s de que Reino Unido renunciara a su mandato sobre el enclave. Naciones Unidas acept\u00f3 la responsabilidad de encontrar una soluci\u00f3n justa y propuso la partici\u00f3n de Palestina en dos Estados independientes con Jerusal\u00e9n internacionalizada, actuando como marco para la soluci\u00f3n de dos Estados.<\/p>\n<p>En 1993, el entonces primer ministro israel\u00ed, Yitzhak Rabin, y el presidente de la Organizaci\u00f3n para la Liberaci\u00f3n de Palestina  (OLP), Yasser Arafat, firmaron los Acuerdos de Oslo, un documento que preve\u00eda negociaciones futuras sobre la creaci\u00f3n de dos Estados y sentaba las bases de un autogobierno interino palestino tanto en la Franja de Gaza como Cisjordania. Fue dise\u00f1ado como el primer paso hacia una paz entre Israel y Palestina que nunca que lleg\u00f3.<\/p>\n<p>Recientemente, el 12 de septiembre, la Asamblea General de la ONU aprob\u00f3 por una amplia mayor\u00eda la conocida como Declaraci\u00f3n de Nueva York, que persigue impulsar con \u00abmedidas tangibles\u00bb y \u00abplazos concretos\u00bb <strong>la soluci\u00f3n de los dos Estados<\/strong>. Adem\u00e1s, exige a Ham\u00e1s que deje de \u00abejercer su autoridad sobre la Franja de Gaza\u00bb.<\/p>\n<p>Desde el 7 de octubre de 2023, el Ej\u00e9rcito israel\u00ed ha matado a m\u00e1s de 65.200 palestinos, entre ellos m\u00e1s de 19.000 ni\u00f1os. Adem\u00e1s, las autoridades sanitarias estiman que al menos 111 personas han fallecido por causas relacionadas con la desnutrici\u00f3n, de las cuales al menos 80 eran menores. La semana pasada, una comisi\u00f3n de investigaci\u00f3n independiente puesta en marcha por la ONU concluy\u00f3 que <a href=\"https:\/\/www.rtve.es\/noticias\/20250916\/masacre-gaza-genocidio-israel-onu\/16730610.shtml\" rel=\"nofollow noopener\" target=\"_blank\">Israel ha cometido genocidio en Gaza<\/a>, y que altos mandatarios israel\u00edes, entre ellos<strong> Netanyahu<\/strong>, ha incitado estos actos.<\/p>\n","protected":false},"excerpt":{"rendered":"Nueva York acoge este lunes una conferencia internacional de la ONU que busca reavivar la estancada soluci\u00f3n de&hellip;\n","protected":false},"author":2,"featured_media":131420,"comment_status":"","ping_status":"","sticky":false,"template":"","format":"standard","meta":{"footnotes":""},"categories":[42],"tags":[17,18,13,14,11,61,62,63,64,19,20,9,10,15,16,12,21,22,65,66,67],"class_list":{"0":"post-131419","1":"post","2":"type-post","3":"status-publish","4":"format-standard","5":"has-post-thumbnail","7":"category-internacional","8":"tag-breaking-news","9":"tag-breakingnews","10":"tag-featured-news","11":"tag-featurednews","12":"tag-headlines","13":"tag-internacional","14":"tag-international","15":"tag-international-news","16":"tag-internationalnews","17":"tag-latest-news","18":"tag-latestnews","19":"tag-news","20":"tag-noticias","21":"tag-noticias-destacadas","22":"tag-noticiasdestacadas","23":"tag-titulares","24":"tag-ultimas-noticias","25":"tag-ultimasnoticias","26":"tag-world","27":"tag-world-news","28":"tag-worldnews"},"share_on_mastodon":{"url":"","error":""},"_links":{"self":[{"href":"https:\/\/www.europesays.com\/es\/wp-json\/wp\/v2\/posts\/131419","targetHints":{"allow":["GET"]}}],"collection":[{"href":"https:\/\/www.europesays.com\/es\/wp-json\/wp\/v2\/posts"}],"about":[{"href":"https:\/\/www.europesays.com\/es\/wp-json\/wp\/v2\/types\/post"}],"author":[{"embeddable":true,"href":"https:\/\/www.europesays.com\/es\/wp-json\/wp\/v2\/users\/2"}],"replies":[{"embeddable":true,"href":"https:\/\/www.europesays.com\/es\/wp-json\/wp\/v2\/comments?post=131419"}],"version-history":[{"count":0,"href":"https:\/\/www.europesays.com\/es\/wp-json\/wp\/v2\/posts\/131419\/revisions"}],"wp:featuredmedia":[{"embeddable":true,"href":"https:\/\/www.europesays.com\/es\/wp-json\/wp\/v2\/media\/131420"}],"wp:attachment":[{"href":"https:\/\/www.europesays.com\/es\/wp-json\/wp\/v2\/media?parent=131419"}],"wp:term":[{"taxonomy":"category","embeddable":true,"href":"https:\/\/www.europesays.com\/es\/wp-json\/wp\/v2\/categories?post=131419"},{"taxonomy":"post_tag","embeddable":true,"href":"https:\/\/www.europesays.com\/es\/wp-json\/wp\/v2\/tags?post=131419"}],"curies":[{"name":"wp","href":"https:\/\/api.w.org\/{rel}","templated":true}]}}