{"id":131421,"date":"2025-09-22T09:14:09","date_gmt":"2025-09-22T09:14:09","guid":{"rendered":"https:\/\/www.europesays.com\/es\/131421\/"},"modified":"2025-09-22T09:14:09","modified_gmt":"2025-09-22T09:14:09","slug":"extinguido-el-incendio-de-a-fonsagrada-y-sin-novedades-en-panton-lugo-que-sigue-en-situacion-2","status":"publish","type":"post","link":"https:\/\/www.europesays.com\/es\/131421\/","title":{"rendered":"Extinguido el incendio de A Fonsagrada y sin novedades en Pant\u00f3n (Lugo), que sigue en situaci\u00f3n 2"},"content":{"rendered":"<p>Los focos que afectan al Parque Natural de la Baixa Limia-Serra do Xur\u00e9s (Orense) y el de Barreiros (Lugo) permanecen controlados\n<\/p>\n<p><img fetchpriority=\"high\" class=\"voc-img\" src=\"https:\/\/www.europesays.com\/es\/wp-content\/uploads\/2025\/09\/conselleira-RjHZHFosBrGnWOCvs8iU5JM-1200x840@diario_abc.jpeg\" loading=\"eager\" decoding=\"async\" alt=\"La conselleira comprueba la afectaci\u00f3n de los vi\u00f1edos a causa del incendio de Pant\u00f3n\" width=\"1200\" height=\"840\"\/><\/p>\n<p>La conselleira comprueba la afectaci\u00f3n de los vi\u00f1edos a causa del incendio de Pant\u00f3n    XUNTA  <\/p>\n<p>22\/09\/2025<br \/>\n<br \/><strong><br \/>\nActualizado a las 10:47h.<br \/>\n<\/strong><\/p>\n<p class=\"voc-p\" style=\"\">El incendio que se origin\u00f3 el pasado s\u00e1bado de madrugada en la parroquia de O Trobo del concello lucense de <strong>A Fonsagrada ha quedado extinguido<\/strong> a primera hora de la ma\u00f1ana de este lunes. Finalmente, <strong>afect\u00f3 a una superficie de 40 hect\u00e1reas,<\/strong> siendo la mitad monte raso y la otra, arbolado. En las labores de extinci\u00f3n participaron 14 agentes, 24 brigadas, 15 motobombas, una pala y tres helic\u00f3pteros.<\/p>\n<p class=\"voc-p\" style=\"\">De esta forma, el \u00fanico fuego que permanece activo en la provincia de Lugo, y tambi\u00e9n en el conjunto de Galicia, es el que se desarrolla en los municipios de Pant\u00f3n y Sober.  La Xunta mantiene decretada la situaci\u00f3n 2 por prevenci\u00f3n, pero en estos momentos <strong>no hay ning\u00fan n\u00facleo de poblaci\u00f3n confinado o desalojado<\/strong>.<\/p>\n<p class=\"voc-p\" style=\"\">El n\u00famero de hect\u00e1reas calcinadas en este incendio se mantiene estable desde el fin de semana, con un c\u00e1lculo aproximado de 2.000. <a href=\"https:\/\/www.abc.es\/espana\/galicia\/extinguido-incendio-bolo-orense-frena-avance-panton-20250921094355-nt.html\" rel=\"nofollow noopener\" target=\"_self\" data-voc-vtm-id=\"in-text-traffic\" title=\"La conselleira de Medio Rural, Mar\u00eda Jos\u00e9 G\u00f3mez, que visit\u00f3 este domingo ambos concellos,\" data-mrf-link=\"www.abc.es\">La conselleira de Medio Rural, Mar\u00eda Jos\u00e9 G\u00f3mez, que visit\u00f3 este domingo ambos concellos,<\/a> asegur\u00f3 que <strong>la cosa est\u00e1 \u00abrelativamente tranquila\u00bb<\/strong> y explic\u00f3 que \u00abla zona del r\u00edo Sil\u00bb era \u00abla m\u00e1s conflictiva\u00bb en ese momento.<\/p>\n<p class=\"voc-p\" style=\"\">Entre tanto, <strong>permanece controlado el fuego en Barreiros (Lugo) y Lobios (Orense)<\/strong>. El primero se origin\u00f3 en la parroquia de San Xusto de Cabarcos el domingo 14 por la tarde. Seg\u00fan las \u00faltimas estimaciones, afecta a una superficie de 140 hect\u00e1reas de monte arbolado. <\/p>\n<p class=\"voc-p\" style=\"\">En el caso del municipio orensano, a \u00faltima hora de la tarde de este domingo qued\u00f3 controlado el incendio que se registr\u00f3 en dos puntos de la parroquia de R\u00edo Caldo y que calcin\u00f3 alrededor de 3,5 hect\u00e1reas, parte de ellas dentro del <strong>Parque Natural de la Baixa Limia-Serra do Xur\u00e9s<\/strong>.<\/p>\n<p>Reportar un error<\/p>\n","protected":false},"excerpt":{"rendered":"Los focos que afectan al Parque Natural de la Baixa Limia-Serra do Xur\u00e9s (Orense) y el de Barreiros&hellip;\n","protected":false},"author":2,"featured_media":131422,"comment_status":"","ping_status":"","sticky":false,"template":"","format":"standard","meta":{"footnotes":""},"categories":[8],"tags":[17,18,25,24,42079,13,14,42080,11,48,19,20,7318,9,10,15,16,5285,41476,1262,859,23,12,21,22],"class_list":{"0":"post-131421","1":"post","2":"type-post","3":"status-publish","4":"format-standard","5":"has-post-thumbnail","7":"category-espana","8":"tag-breaking-news","9":"tag-breakingnews","10":"tag-es","11":"tag-espana","12":"tag-extinguido","13":"tag-featured-news","14":"tag-featurednews","15":"tag-fonsagrada","16":"tag-headlines","17":"tag-incendio","18":"tag-latest-news","19":"tag-latestnews","20":"tag-lugo","21":"tag-news","22":"tag-noticias","23":"tag-noticias-destacadas","24":"tag-noticiasdestacadas","25":"tag-novedades","26":"tag-panton","27":"tag-sigue","28":"tag-situacion","29":"tag-spain","30":"tag-titulares","31":"tag-ultimas-noticias","32":"tag-ultimasnoticias"},"share_on_mastodon":{"url":"","error":""},"_links":{"self":[{"href":"https:\/\/www.europesays.com\/es\/wp-json\/wp\/v2\/posts\/131421","targetHints":{"allow":["GET"]}}],"collection":[{"href":"https:\/\/www.europesays.com\/es\/wp-json\/wp\/v2\/posts"}],"about":[{"href":"https:\/\/www.europesays.com\/es\/wp-json\/wp\/v2\/types\/post"}],"author":[{"embeddable":true,"href":"https:\/\/www.europesays.com\/es\/wp-json\/wp\/v2\/users\/2"}],"replies":[{"embeddable":true,"href":"https:\/\/www.europesays.com\/es\/wp-json\/wp\/v2\/comments?post=131421"}],"version-history":[{"count":0,"href":"https:\/\/www.europesays.com\/es\/wp-json\/wp\/v2\/posts\/131421\/revisions"}],"wp:featuredmedia":[{"embeddable":true,"href":"https:\/\/www.europesays.com\/es\/wp-json\/wp\/v2\/media\/131422"}],"wp:attachment":[{"href":"https:\/\/www.europesays.com\/es\/wp-json\/wp\/v2\/media?parent=131421"}],"wp:term":[{"taxonomy":"category","embeddable":true,"href":"https:\/\/www.europesays.com\/es\/wp-json\/wp\/v2\/categories?post=131421"},{"taxonomy":"post_tag","embeddable":true,"href":"https:\/\/www.europesays.com\/es\/wp-json\/wp\/v2\/tags?post=131421"}],"curies":[{"name":"wp","href":"https:\/\/api.w.org\/{rel}","templated":true}]}}