{"id":131429,"date":"2025-09-22T09:20:07","date_gmt":"2025-09-22T09:20:07","guid":{"rendered":"https:\/\/www.europesays.com\/es\/131429\/"},"modified":"2025-09-22T09:20:07","modified_gmt":"2025-09-22T09:20:07","slug":"atencion-a-la-advertencia-de-una-leyenda-en-la-laver-cup","status":"publish","type":"post","link":"https:\/\/www.europesays.com\/es\/131429\/","title":{"rendered":"atenci\u00f3n a la &#8216;advertencia&#8217; de una leyenda en la Laver Cup"},"content":{"rendered":"<p class=\"L6-news-detail__text\">Tras la victoria del equipo del Resto del Mundo ante el &#8216;TeamEurope&#8217; por <b>15-9<\/b> en la <b>Laver Cup<\/b>, se vivi\u00f3 muy momento muy curioso durante el turno de discursos. <\/p>\n<p class=\"L6-news-detail__text\"><b>Andre<\/b><b> Agassi<\/b>, capit\u00e1n de los ganadores y leyenda absoluta del tenis, se dirigi\u00f3 directamente a Carlos Alcaraz. <\/p>\n<p class=\"L6-news-detail__text\">El estadounidense, fan declarado del murciano, le pidi\u00f3 que no sea \u00abcodicioso\u00bb y le deje alg\u00fan &#8216;major&#8217; al resto. <\/p>\n<p class=\"L6-news-detail__text\">\u00abTe deseo lo mejor en el futuro. <b>Carlos, no seas tan codicioso con los Grand <\/b><b>Slams<\/b><b>,<\/b> deja alguno para los dem\u00e1s\u00bb, se\u00f1al\u00f3. <\/p>\n<p class=\"L6-news-detail__text\">Carlitos, con los brazos cruzados, no pudo contener la risa mientras miraba al suelo en un momento un tanto embarazoso para el n\u00famero 1 del mundo. <\/p>\n<blockquote class=\"twitter-tweet\" data-media-max-width=\"560\">\n<p class=\"L6-news-detail__text\">Agassi se acuerda de Alcaraz en su discurso de campe\u00f3n<\/p>\n<p class=\"L6-news-detail__text\">\u00abNo seas codicioso con los Grand Slams, deja alguno para los dem\u00e1s\u00bb \ud83e\udd23\ud83e\udd23<a title=\"#LaverCup\" href=\"https:\/\/twitter.com\/hashtag\/LaverCup?src=hash&amp;ref_src=twsrc%5Etfw\" target=\"_blank\" rel=\"nofollow noopener\">#LaverCup<\/a><a title=\"pic.twitter.com\/aNnGWjoXPw\" href=\"https:\/\/t.co\/aNnGWjoXPw\" target=\"_blank\" rel=\"nofollow\">pic.twitter.com\/aNnGWjoXPw<\/a><\/p>\n<p>\u2014 Eurosport.es (@Eurosport_ES) <a title=\"September 22, 2025\" href=\"https:\/\/twitter.com\/Eurosport_ES\/status\/1969962263546146852?ref_src=twsrc%5Etfw\" target=\"_blank\" rel=\"nofollow noopener\">September 22, 2025<\/a><\/p><\/blockquote>\n<p class=\"L6-support-news-video__title\">\u00abMarc y Ducati est\u00e1n muy fuertes\u00bb<\/p>\n<p>            <a href=\"https:\/\/www.lasexta.com\/noticias\/deportes\/motor\/jorge-martin-sincera-jugones-lesion-supremacia-marc-marquez-mundial-2026_2025091968cd5d891b05386b62a598ef.html\" class=\"L6-news__link\" rel=\"nofollow noopener\" target=\"_blank\"><br \/>\n                Jorge Mart\u00edn se sincera con &#8216;Jugones&#8217;: su lesi\u00f3n, la &#8216;supremac\u00eda&#8217; de Marc M\u00e1rquez, el Mundial de 2026&#8230;<\/p>\n<p class=\"recirculation-video-desc\">El vigente campe\u00f3n del mundo de MotoGP asegura que est\u00e1 construyendo una \u00abbase s\u00f3lida\u00bb que le permita \u00abpelear por el Mundial\u00bb.<\/p>\n<p>            <\/a><\/p>\n<p><script async src=\"https:\/\/platform.twitter.com\/widgets.js\" charset=\"utf-8\"><\/script><\/p>\n","protected":false},"excerpt":{"rendered":"Tras la victoria del equipo del Resto del Mundo ante el &#8216;TeamEurope&#8217; por 15-9 en la Laver Cup,&hellip;\n","protected":false},"author":2,"featured_media":131430,"comment_status":"","ping_status":"","sticky":false,"template":"","format":"standard","meta":{"footnotes":""},"categories":[274],"tags":[168,25,24,23,167,327,326],"class_list":{"0":"post-131429","1":"post","2":"type-post","3":"status-publish","4":"format-standard","5":"has-post-thumbnail","7":"category-tenis","8":"tag-deportes","9":"tag-es","10":"tag-espana","11":"tag-spain","12":"tag-sports","13":"tag-tenis","14":"tag-tennis"},"share_on_mastodon":{"url":"","error":""},"_links":{"self":[{"href":"https:\/\/www.europesays.com\/es\/wp-json\/wp\/v2\/posts\/131429","targetHints":{"allow":["GET"]}}],"collection":[{"href":"https:\/\/www.europesays.com\/es\/wp-json\/wp\/v2\/posts"}],"about":[{"href":"https:\/\/www.europesays.com\/es\/wp-json\/wp\/v2\/types\/post"}],"author":[{"embeddable":true,"href":"https:\/\/www.europesays.com\/es\/wp-json\/wp\/v2\/users\/2"}],"replies":[{"embeddable":true,"href":"https:\/\/www.europesays.com\/es\/wp-json\/wp\/v2\/comments?post=131429"}],"version-history":[{"count":0,"href":"https:\/\/www.europesays.com\/es\/wp-json\/wp\/v2\/posts\/131429\/revisions"}],"wp:featuredmedia":[{"embeddable":true,"href":"https:\/\/www.europesays.com\/es\/wp-json\/wp\/v2\/media\/131430"}],"wp:attachment":[{"href":"https:\/\/www.europesays.com\/es\/wp-json\/wp\/v2\/media?parent=131429"}],"wp:term":[{"taxonomy":"category","embeddable":true,"href":"https:\/\/www.europesays.com\/es\/wp-json\/wp\/v2\/categories?post=131429"},{"taxonomy":"post_tag","embeddable":true,"href":"https:\/\/www.europesays.com\/es\/wp-json\/wp\/v2\/tags?post=131429"}],"curies":[{"name":"wp","href":"https:\/\/api.w.org\/{rel}","templated":true}]}}