{"id":131431,"date":"2025-09-22T09:22:07","date_gmt":"2025-09-22T09:22:07","guid":{"rendered":"https:\/\/www.europesays.com\/es\/131431\/"},"modified":"2025-09-22T09:22:07","modified_gmt":"2025-09-22T09:22:07","slug":"f1-la-euforia-desatada-de-carlos-sainz-en-baku-septimo-ano-seguido-en-el-podio-record-con-prost-y-revancha-sobre-hamilton","status":"publish","type":"post","link":"https:\/\/www.europesays.com\/es\/131431\/","title":{"rendered":"F1: La euforia desatada de Carlos Sainz en Bak\u00fa: s\u00e9ptimo a\u00f1o seguido en el podio, r\u00e9cord con Prost y revancha sobre Hamilton"},"content":{"rendered":"<p class=\"ue-c-article__paragraph\">Las escenas con Williams en Bak\u00fa fueron muy diferentes a las vividas con Ferrari durante el pasado GP de Abu Dhabi, escenario de su \u00faltimo podio y su \u00faltima carrera de rojo. Esta vez, <strong>Carlos Sainz<\/strong> s\u00ed pudo desatar toda la euforia con sus mec\u00e1nicos, tanto en el podio como en la puerta del garaje. No s\u00f3lo se trat\u00f3 de la c\u00e9lebre ceremonia del extintor junto a los m\u00e1s \u00edntimos, sino de una perfecta comuni\u00f3n con todo el equipo. Desde <strong>Gaetan Jego<\/strong>, su ingeniero de pista, hasta <strong>James Vowles<\/strong>, el team principal. Sin olvidar a <strong>Alex Albon<\/strong>, su compa\u00f1ero y gran rival, que sigui\u00f3 desde primera l\u00ednea la ceremonia de los himnos y el champ\u00e1n.<\/p>\n<p class=\"ue-c-article__paragraph\">Por s\u00e9ptimo a\u00f1o consecutivo, con los colores de tres equipos distintos, Sainz logr\u00f3 subir a un podio de F1. Para comprender mejor lo logrado, baste recordar que en la actual parrilla, s\u00f3lo <strong>Charles Leclerc<\/strong> y <strong>Max Verstappen<\/strong> mantuvieron esta regularidad, aunque ellos lo lograron sin bajarse de un Ferrari y un Red Bull, respectivamente.<\/p>\n<p>Para saber m\u00e1s<\/p>\n<p><img decoding=\"async\" width=\"3047\" height=\"2032\" class=\"ue-c-cover-content__image lazyload\" alt=\"La pegatina del unicornio, en el casco de Sainz en Bak\u00fa.\" loading=\"lazy\" src=\"https:\/\/e00-elmundo.uecdn.es\/assets\/multimedia\/imagenes\/2025\/09\/21\/17584859641616.jpg\"\/>Vuelta r\u00e1pida. <a class=\"ue-c-cover-content__link\" href=\"https:\/\/www.elmundo.es\/deportes\/formula-1\/2025\/09\/21\/68d02130e9cf4a80218b4572.html\" data-ue-cmp=\"parasabermas\" rel=\"nofollow noopener\" target=\"_blank\">El unicornio azul<\/a><\/p>\n<ul class=\"ue-c-cover-content__byline-list\">\n<li class=\"ue-c-cover-content__byline-item\">Redacci\u00f3n:<br \/>\nANTONIO LOBATO <\/li>\n<\/ul>\n<p><a class=\"ue-c-cover-content__link-whole-content\" href=\"https:\/\/www.elmundo.es\/deportes\/formula-1\/2025\/09\/21\/68d02130e9cf4a80218b4572.html\" aria-hidden=\"true\" tabindex=\"-1\" rel=\"nofollow noopener\" target=\"_blank\">El unicornio azul<\/a><\/p>\n<p class=\"ue-c-article__paragraph\">Y si hay dudas sobre el rango hist\u00f3rico del hito de Sainz, baste recordar que hasta ahora, s\u00f3lo <strong>Alain Prost<\/strong> hab\u00eda logrado al menos un podio con McLaren, Ferrari y Williams. Le Professeur firm\u00f3 63 en Woking, 14 en Maranello y 12 en Grove, mientras el madrile\u00f1o suma dos con McLaren, 25 con Ferrari y uno con Williams.<\/p>\n<p>\u00abLo que hagan los dem\u00e1s no es asunto m\u00edo\u00bb<\/p>\n<p class=\"ue-c-article__paragraph\">Para m\u00e1s escarnio en la Scuderia, Carlos sube a descorchar el champ\u00e1n antes que <strong>Lewis Hamilton<\/strong>, su sustituto en el equipo del Cavallino. De momento, el heptacampe\u00f3n acumula 17 carreras sin caj\u00f3n, a s\u00f3lo dos del r\u00e9cord de <strong>Didier Pironi<\/strong>, quien tras un aciago Mundial 1981, s\u00f3lo pudo saborear el \u00e9xito con un triunfo el GP de San Marino 1982.<\/p>\n<p class=\"ue-c-article__paragraph\">Cuando le preguntaron por esta circunstancia, durante la rueda de prensa oficial de la FIA, Sainz se mostr\u00f3 de lo m\u00e1s cort\u00e9s. \u00abLo que hagan los dem\u00e1s no es asunto m\u00edo\u00bb, zanj\u00f3. De hecho, uno de los primeros en felicitarle hab\u00eda sido Leclerc, con quien sigue compartiendo, cada fin de semana, la mayor\u00eda de trayectos en avi\u00f3n. Ya por el paddock, el monegasco quiso acercarse en persona, al igual que <strong>Yuki Tsunoda<\/strong> o el propio Albon. A pesar de este tercer puesto de Carlos, el brit\u00e1nico cuenta a\u00fan con una amplia ventaja de puntos en el Mundial (70-31) y domina con autoridad el cara a cara en carrera (9-3).<\/p>\n<p class=\"ue-c-article__paragraph\">Por eso hay que conceder cierta relevancia al esp\u00edritu de deportividad dentro de Williams en Bak\u00fa. No s\u00f3lo se trataba del fiel Team 55, ese n\u00facleo duro liderado por su agente <strong>Carlos O\u00f1oro<\/strong> y su preparador f\u00edsico <strong>Pierluigi Della Bona<\/strong>. Ellos, que deb\u00edan casi esconderse de los focos en Ferrari lo compartieron esta vez con toda la estructura de Williams. Desde Albon hasta el propio Vowles, con la emoci\u00f3n a flor de piel por su primer podio lejos de Mercedes. Durante la fiesta en el garaje s\u00f3lo hubo que echar en falta a <strong>Roberto Merhi<\/strong>, que hab\u00eda viajado a Jap\u00f3n para cumplir con sus obligaciones en la categor\u00eda Super GT.<\/p>\n<p class=\"ue-c-article__paragraph\">\u00abHe tenido la suerte de conseguir muchos podios en mi carrera, pero este es uno que recordar\u00e9 para siempre. Carlos realiz\u00f3 una carrera fenomenal: una conducci\u00f3n excepcional de principio a fin. Fue un placer verlo. Se notaba y se o\u00eda lo mucho que significaba para \u00e9l\u00bb, coment\u00f3 el team principal, que recibi\u00f3 un par de obsequios con la firma de <strong>Toto Wolff<\/strong>, su antiguo jefe en las Flechas de Plata.<\/p>\n<p class=\"ue-c-article__paragraph\">Nada m\u00e1s cruzar la meta, Vowles ya hab\u00eda participado en una curiosa conversaci\u00f3n por radio, cuando el ingeniero de Carlos no pudo contener las l\u00e1grimas. \u00abSuenas un poco emocionado, \u00bfest\u00e1s bien?\u00bb, pregunt\u00f3 Sainz. \u00abS\u00ed, puedo confirmar que lo est\u00e1\u00bb, terci\u00f3 Vowles. \u00abMe encanta hacer llorar a un amigo de la emoci\u00f3n. Saluda a la familia, Gaetan, m\u00e1ndales recuerdos de mi parte\u00bb, finaliz\u00f3 Sainz.<\/p>\n<p>\u00ab\u00bfUna nueva mascota en tu casco?\u00bb<\/p>\n<p class=\"ue-c-article__paragraph\">Esas mismas sonrisas se prolongaron poco despu\u00e9s junto a <strong>Max Verstappen<\/strong>, incontestable ganador en Bak\u00fa. Mientras revisaba en v\u00eddeo algunas im\u00e1genes de la carrera, el heptacampe\u00f3n repar\u00f3 en un peque\u00f1o detalle en el casco de Sainz. Una pegatina azul que hab\u00eda estampado, antes de la qualy del s\u00e1bado, a petici\u00f3n de una jovenc\u00edsima seguidora. \u00ab\u00bfTienes una nueva mascota en tu casco?\u00bb, pregunt\u00f3 el holand\u00e9s. \u00ab\u00a1Es un unicornio!\u00bb, replic\u00f3 el piloto de Williams. \u00abPues tendr\u00e1s que seguir con \u00e9l a partir de ahora\u00bb.<\/p>\n<p class=\"ue-c-article__paragraph\">Como combustible para estas cuestiones, a medio camino entre el azar y la necesidad, Sainz quiso a\u00f1adir su propia versi\u00f3n de los hechos. \u00abAhora entiendo por qu\u00e9 sucedi\u00f3 todo, por qu\u00e9 el primer podio ten\u00eda que llegar as\u00ed. Es la vida, \u00bfsabes? A veces la vida te trae malos momentos para darte luego uno muy bueno. Y esto sigue siendo mucho mejor que cualquier otra cosa que esperaba\u00bb, admiti\u00f3 nada m\u00e1s quitarse el casco, en el micr\u00f3fono de <strong>James Hinchcliffe<\/strong>.<\/p>\n<p><img decoding=\"async\" width=\"3042\" height=\"2028\" class=\"ue-c-article__image lazyload\" alt=\"Sainz, el domingo, con el champ\u00e1n en Bak\u00fa.\" loading=\"lazy\" src=\"https:\/\/e00-elmundo.uecdn.es\/assets\/multimedia\/imagenes\/2025\/09\/21\/17584792026432.jpg\"\/><\/p>\n<p>Sainz, el domingo, con el champ\u00e1n en Bak\u00fa.WILLIAMS F1<\/p>\n<p class=\"ue-c-article__paragraph\">Hab\u00edan pasado m\u00e1s de cuatro a\u00f1os desde aquel podio de <strong>George Russell<\/strong> en el GP de B\u00e9lgica 2021. Sobre el papel, el \u00faltimo de Williams, aunque jam\u00e1s convendr\u00eda tomar en serio lo que sucedi\u00f3 bajo el aguacero aquel funesto domingo en Spa, escenario de uno de los mayores rid\u00edculos de la historia en la F1. Dejando aparte aquella carrera de dos vueltas, el anterior podio de la escuder\u00eda de Grove se remontaba otros cuatro a\u00f1os atr\u00e1s. De nuevo en el GP de Azerbaiy\u00e1n, esta vez gracias a un rookie de 18 a\u00f1os llamado <strong>Lance Stroll<\/strong>.<\/p>\n<p class=\"ue-c-article__paragraph\">Los paralelismos con aquella tercera plaza del canadiense resultan de lo m\u00e1s curioso. Entonces, Stroll tambi\u00e9n tuvo que ceder la segunda plaza en el tramo final, ante el acoso de un Mercedes, conducido entonces por <strong>Valtteri Bottas<\/strong>, mientras el triunfo correspondi\u00f3 a otro Red Bull, aquella vez en las manos de <strong>Daniel Ricciardo<\/strong>. Como ahora sucede con Sainz, el podio de Stroll supuso un espaldarazo tras un p\u00e9simo arranque de Mundial, donde s\u00f3lo hab\u00eda puntuado en una de las siete primeras carreras.<\/p>\n<p class=\"ue-c-article__paragraph\">Desde luego, algo m\u00e1gico parece latir bajo cada primer \u00e9xito de Sainz. En McLaren a\u00fan recuerdan con nostalgia aquel tercer puesto en el GP de Brasil 2019 porque represent\u00f3 un punto final a m\u00e1s de cinco a\u00f1os de sequ\u00eda. Por entonces, el anterior podio de la escuder\u00eda de Woking se remontaba al GP de Australia 2014, con <strong>Jenson Button<\/strong> al volante.<\/p>\n","protected":false},"excerpt":{"rendered":"Las escenas con Williams en Bak\u00fa fueron muy diferentes a las vividas con Ferrari durante el pasado GP&hellip;\n","protected":false},"author":2,"featured_media":131432,"comment_status":"","ping_status":"","sticky":false,"template":"","format":"standard","meta":{"footnotes":""},"categories":[270],"tags":[4533,2171,168,4531,25,24,306,271,272,40767,10709,23,167,2364],"class_list":{"0":"post-131431","1":"post","2":"type-post","3":"status-publish","4":"format-standard","5":"has-post-thumbnail","7":"category-formula-1","8":"tag-alexander-albon","9":"tag-carlos-sainz-jr","10":"tag-deportes","11":"tag-deportes-formula-1","12":"tag-es","13":"tag-espana","14":"tag-f1","15":"tag-formula-1","16":"tag-formula1","17":"tag-gp-azerbaiyan-f1","18":"tag-james-vowles","19":"tag-spain","20":"tag-sports","21":"tag-williams-f1"},"share_on_mastodon":{"url":"","error":""},"_links":{"self":[{"href":"https:\/\/www.europesays.com\/es\/wp-json\/wp\/v2\/posts\/131431","targetHints":{"allow":["GET"]}}],"collection":[{"href":"https:\/\/www.europesays.com\/es\/wp-json\/wp\/v2\/posts"}],"about":[{"href":"https:\/\/www.europesays.com\/es\/wp-json\/wp\/v2\/types\/post"}],"author":[{"embeddable":true,"href":"https:\/\/www.europesays.com\/es\/wp-json\/wp\/v2\/users\/2"}],"replies":[{"embeddable":true,"href":"https:\/\/www.europesays.com\/es\/wp-json\/wp\/v2\/comments?post=131431"}],"version-history":[{"count":0,"href":"https:\/\/www.europesays.com\/es\/wp-json\/wp\/v2\/posts\/131431\/revisions"}],"wp:featuredmedia":[{"embeddable":true,"href":"https:\/\/www.europesays.com\/es\/wp-json\/wp\/v2\/media\/131432"}],"wp:attachment":[{"href":"https:\/\/www.europesays.com\/es\/wp-json\/wp\/v2\/media?parent=131431"}],"wp:term":[{"taxonomy":"category","embeddable":true,"href":"https:\/\/www.europesays.com\/es\/wp-json\/wp\/v2\/categories?post=131431"},{"taxonomy":"post_tag","embeddable":true,"href":"https:\/\/www.europesays.com\/es\/wp-json\/wp\/v2\/tags?post=131431"}],"curies":[{"name":"wp","href":"https:\/\/api.w.org\/{rel}","templated":true}]}}