{"id":131433,"date":"2025-09-22T09:23:10","date_gmt":"2025-09-22T09:23:10","guid":{"rendered":"https:\/\/www.europesays.com\/es\/131433\/"},"modified":"2025-09-22T09:23:10","modified_gmt":"2025-09-22T09:23:10","slug":"el-coto-cordoba-cb-ya-cuenta-con-nuha-sagnia","status":"publish","type":"post","link":"https:\/\/www.europesays.com\/es\/131433\/","title":{"rendered":"El Coto C\u00f3rdoba CB ya cuenta con Nuha Sagnia"},"content":{"rendered":"<p class=\"article-text\">\n        Otro problema resuelto. El encuentro de este domingo entre el Coto C\u00f3rdoba CB y el Caja 87 de Sevilla dej\u00f3 una imagen significativa y muy positiva para el plantel blanquiverde, la cual va a m\u00e1s all\u00e1 de lo que ocurri\u00f3 sobre el mismo parqu\u00e9, donde los blanquiverdes sellaron su segunda victoria consecutiva en este inicio de la Copa de Espa\u00f1a. Y es que la escuadra dirigida por Gonzalo Rodr\u00edguez se mantiene a\u00fan atenta a la posibilidad de incorporar a un duod\u00e9cimo efectivo. Para el primer choque del torneo hubo en plantilla hasta tres canteranos, mientras que para el partido frente a los sevillanos tan solo fue convocado Cazacu. Y es que el plantel, hasta el momento, dispone de once efectivos como tal de la primera plantilla de Segunda FEB y, tal y como pudo saber Cord\u00f3polis, hay intenci\u00f3n de incorporar a un jugador m\u00e1s.\n    <\/p>\n<p>    <a href=\"https:\/\/cordopolis.eldiario.es\/deportes\/baloncesto\/imagenes-coto-cordoba-cb-caja87_3_12620218.html\" data-mrf-recirculation=\"saber-mas\" data-dl-event=\"saber-mas\" rel=\"nofollow noopener\" target=\"_blank\"><\/p>\n<p class=\"know-more__title\">Las im\u00e1genes del Coto C\u00f3rdoba CB &#8211; Caja 87<\/p>\n<p>            <img decoding=\"async\" class=\"lazy\" loading=\"lazy\" data-src=\"https:\/\/static.eldiario.es\/clip\/c863e6b6-754f-4870-8eeb-2d0b5627d5b5_16-9-aspect-ratio_default_0.jpg\" src=\"data:image\/svg+xml,%3Csvg xmlns=\" http:=\"\" viewbox=\"0 0 880 495\" alt=\"Las im\u00e1genes del Coto C\u00f3rdoba CB - Caja87\"\/><\/p>\n<p>                            <img decoding=\"async\" class=\"ni-multimedia\" src=\"https:\/\/cordopolis.eldiario.es\/assets\/img\/svg\/icons\/gallery-camera.h-98bfe4b698caf054c915dcd8b3d0849b.svg\" alt=\"Las im\u00e1genes del Coto C\u00f3rdoba CB - Caja87\"\/><br \/>\n                        <\/a><\/p>\n<p class=\"article-text\">\n        Con todo, en las \u00faltimas horas s\u00ed que se ha producido un movimiento que puede considerarse casi como un fichaje nuevo, ya que el club cuenta ya con la presencia del p\u00edvot Nuha Sagnia. El interior de 24 a\u00f1os y 2,07 metros de altura era el gran ausente de la pretemporada blanquiverde, debido a que unos problemas con el pasaporte la hab\u00edan impedido poder incorporarse antes a la disciplina califa. El interior con pasaporte de Gambia, pese a tener experiencia en la NCAA estadounidense y en la cantera del CB Canarias, no hab\u00eda podido solventar todos sus tr\u00e1mites burocr\u00e1ticos para poder regresar a Espa\u00f1a.\n    <\/p>\n<p class=\"article-text\">\n        Una situaci\u00f3n que se desbloque\u00f3 en los \u00faltimos d\u00edas, por lo que en el duelo frente a los sevillanos, se pudo ver a Sagnia ya incorporado con el resto del plantel y animando a sus nuevos compa\u00f1eros como uno m\u00e1s. Eso s\u00ed, todav\u00eda necesitar\u00e1 rodaje de entrenamientos para poder debutar con la el\u00e1stica blanquiverde, un estreno que podr\u00eda llegar, incluso, el pr\u00f3ximo fin de semana en el choque de la tercera jornada de la Copa. Hay que recordar que el gambiano, de momento, es el techo del equipo y aterriza en la ciudad tras finalizar su etapa formativa y competitiva en Estados Unidos, donde su \u00faltimo equipo fue el Adelphi Panthers en la NCAA II.\n    <\/p>\n<p>            <img decoding=\"async\" class=\"lazy\" loading=\"lazy\" data-src=\"https:\/\/static.eldiario.es\/clip\/3c215c43-8cb1-437a-822d-0f27badaafe5_16-9-discover-aspect-ratio_default_0.jpg\" src=\"data:image\/svg+xml,%3Csvg xmlns=\" http:=\"\" viewbox=\"0 0 1200 675\" alt=\"Jacques Melaine Guemeta durante el calentamiento \"\/><\/p>\n<p>    Jacques Melaine Guemeta debuta como blanquiverde<\/p>\n<p class=\"article-text\">\n        La presencia de Nuha Sagnia no fue la \u00fanica nota positiva que dej\u00f3 el partido, ya que los aficionados del Coto C\u00f3rdoba CB pudieron igualmente disfrutar de los primeros minutos del escolta camerun\u00e9s Jacques Melaine Guemeta, quien se uni\u00f3 al proyecto procedente de la Universidad de Ottawa, en Canad\u00e1. Y es que Guemeta, pese a que s\u00ed hab\u00eda entrenado con el resto de equipo desde el inicio de la preparaci\u00f3n, estuvo ausente en el choque frente al Ja\u00e9n CB por motivos desconocidos, aunque seguramente atendiendo a ciertas molestias f\u00edsicas y la entidad no quiso arriesgar.\n    <\/p>\n<p>    <a href=\"https:\/\/cordopolis.eldiario.es\/deportes\/baloncesto\/coto-cordoba-cb-doblega-caja87-sigue-ilusionando_129_12620167.html\" data-mrf-recirculation=\"saber-mas-abajo\" data-dl-event=\"saber-mas-abajo\" rel=\"nofollow noopener\" target=\"_blank\"><\/p>\n<p class=\"know-more__title\">El Coto C\u00f3rdoba CB doblega al Caja 87 y sigue ilusionando<\/p>\n<p>            <img decoding=\"async\" class=\"lazy\" loading=\"lazy\" data-src=\"https:\/\/static.eldiario.es\/clip\/9b131edf-3935-4eb2-bc1f-09a552d09b00_16-9-aspect-ratio_default_0.jpg\" src=\"data:image\/svg+xml,%3Csvg xmlns=\" http:=\"\" viewbox=\"0 0 880 495\" alt=\"El Coto C\u00f3rdoba CB doblega al Caja87 y sigue ilusionando\"\/><\/p>\n<p>                        <\/a><\/p>\n<p class=\"article-text\">\n        As\u00ed, el jugador ya pudo estrenarse ante los cajistas, sumando algo m\u00e1s de 21 minutos en pista, en los que firm\u00f3 seis puntos y ocho rebotes, aunque se mostr\u00f3 un tanto inconsistente en labores ofensivas, donde a\u00fan deber\u00e1 dar un paso adelante para ser m\u00e1s decisivo.\n    <\/p>\n","protected":false},"excerpt":{"rendered":"Otro problema resuelto. El encuentro de este domingo entre el Coto C\u00f3rdoba CB y el Caja 87 de&hellip;\n","protected":false},"author":2,"featured_media":131434,"comment_status":"","ping_status":"","sticky":false,"template":"","format":"standard","meta":{"footnotes":""},"categories":[269],"tags":[299,298,2609,2760,10049,2196,168,25,24,42083,42084,23,167],"class_list":{"0":"post-131433","1":"post","2":"type-post","3":"status-publish","4":"format-standard","5":"has-post-thumbnail","7":"category-baloncesto","8":"tag-baloncesto","9":"tag-basketball","10":"tag-cb","11":"tag-cordoba","12":"tag-coto","13":"tag-cuenta","14":"tag-deportes","15":"tag-es","16":"tag-espana","17":"tag-nuha","18":"tag-sagnia","19":"tag-spain","20":"tag-sports"},"share_on_mastodon":{"url":"","error":""},"_links":{"self":[{"href":"https:\/\/www.europesays.com\/es\/wp-json\/wp\/v2\/posts\/131433","targetHints":{"allow":["GET"]}}],"collection":[{"href":"https:\/\/www.europesays.com\/es\/wp-json\/wp\/v2\/posts"}],"about":[{"href":"https:\/\/www.europesays.com\/es\/wp-json\/wp\/v2\/types\/post"}],"author":[{"embeddable":true,"href":"https:\/\/www.europesays.com\/es\/wp-json\/wp\/v2\/users\/2"}],"replies":[{"embeddable":true,"href":"https:\/\/www.europesays.com\/es\/wp-json\/wp\/v2\/comments?post=131433"}],"version-history":[{"count":0,"href":"https:\/\/www.europesays.com\/es\/wp-json\/wp\/v2\/posts\/131433\/revisions"}],"wp:featuredmedia":[{"embeddable":true,"href":"https:\/\/www.europesays.com\/es\/wp-json\/wp\/v2\/media\/131434"}],"wp:attachment":[{"href":"https:\/\/www.europesays.com\/es\/wp-json\/wp\/v2\/media?parent=131433"}],"wp:term":[{"taxonomy":"category","embeddable":true,"href":"https:\/\/www.europesays.com\/es\/wp-json\/wp\/v2\/categories?post=131433"},{"taxonomy":"post_tag","embeddable":true,"href":"https:\/\/www.europesays.com\/es\/wp-json\/wp\/v2\/tags?post=131433"}],"curies":[{"name":"wp","href":"https:\/\/api.w.org\/{rel}","templated":true}]}}