{"id":131435,"date":"2025-09-22T09:24:13","date_gmt":"2025-09-22T09:24:13","guid":{"rendered":"https:\/\/www.europesays.com\/es\/131435\/"},"modified":"2025-09-22T09:24:13","modified_gmt":"2025-09-22T09:24:13","slug":"el-getafe-protejo-a-mi-equipo-sin-importarme-el-rival","status":"publish","type":"post","link":"https:\/\/www.europesays.com\/es\/131435\/","title":{"rendered":"\u00bfEl Getafe? Protejo a mi equipo sin importarme el rival"},"content":{"rendered":"<p data-mrf-recirculation=\"Links P\u00e1rrafos\" class=\"ue-c-article__paragraph paragraph\"><strong>Hansi Flick<\/strong> analiz\u00f3 la victoria del <strong>Barcelona<\/strong> contra el <strong>Getafe<\/strong>. El t\u00e9cnico alem\u00e1n no se quiso pronunciar sobre las jugadas pol\u00e9micas del bloque azul\u00f3n, y las duras entradas, y se limit\u00f3 a asegurar que \u00e9l defiende a su equipo. Se mostr\u00f3 feliz por el gran rendimiento, colectivo, de sus hombres en la quinta jornada de<strong> LaLiga.<\/strong>\u00a0<\/p>\n<p data-mrf-recirculation=\"Links P\u00e1rrafos\" class=\"ue-c-article__paragraph paragraph\"><strong>Ferm\u00edn<\/strong><\/p>\n<p data-mrf-recirculation=\"Links P\u00e1rrafos\" class=\"ue-c-article__paragraph paragraph\">\u00abLo veremos ma\u00f1ana. Hay que esperar. Todav\u00eda no sabemos nada\u00bb.<\/p>\n<blockquote class=\"ue-c-article__blockquote\">\n<p>Hay que esperar para ver qu\u00e9 tiene Ferm\u00edn<\/p>\n<p>Hansi Flick<\/p><\/blockquote>\n<p data-mrf-recirculation=\"Links P\u00e1rrafos\" class=\"ue-c-article__paragraph paragraph\"><strong>Todos enchufados<\/strong><\/p>\n<p data-mrf-recirculation=\"Links P\u00e1rrafos\" class=\"ue-c-article__paragraph paragraph\">\u00abEs muy importante porque hay muchos partidos. Es realmente bueno que todos est\u00e9n en esa din\u00e1mica\u00bb<\/p>\n<p data-mrf-recirculation=\"Links P\u00e1rrafos\" class=\"ue-c-article__paragraph paragraph\"><strong>Getafe<\/strong><\/p>\n<p data-mrf-recirculation=\"Links P\u00e1rrafos\" class=\"ue-c-article__paragraph paragraph\">\u00abSolo voy a poner el foco en mi equipo. Da igual el rival, cuando hay ciertas circunstancias defiendo a mi equipo\u00bb.<\/p>\n<blockquote class=\"ue-c-article__blockquote\">\n<p>Tenemos 27 jugadores y es importante que todos est\u00e9n a buen nivel<\/p>\n<p>Hansi Flick<\/p><\/blockquote>\n<p data-mrf-recirculation=\"Links P\u00e1rrafos\" class=\"ue-c-article__paragraph paragraph\"><strong>Olmo<\/strong><\/p>\n<p data-mrf-recirculation=\"Links P\u00e1rrafos\" class=\"ue-c-article__paragraph paragraph\">\u00abTenemos 27 jugadores y es importante que todos est\u00e9n a buen nivel. Olmo ha hecho buen partido\u00bb.<\/p>\n<p data-mrf-recirculation=\"Links P\u00e1rrafos\" class=\"ue-c-article__paragraph paragraph\"><strong>Bal\u00f3n de Oro<\/strong><\/p>\n<p data-mrf-recirculation=\"Links P\u00e1rrafos\" class=\"ue-c-article__paragraph paragraph\">\u00abEs un gran evento y veremos qu\u00e9 ocurre\u00bb<\/p>\n<p data-mrf-recirculation=\"Links P\u00e1rrafos\" class=\"ue-c-article__paragraph paragraph\"><strong>Partido<\/strong><\/p>\n<p data-mrf-recirculation=\"Links P\u00e1rrafos\" class=\"ue-c-article__paragraph paragraph\">\u00abSon tres puntos, 3-0. Todo genial\u00bb.<\/p>\n<p data-mrf-recirculation=\"Links P\u00e1rrafos\" class=\"ue-c-article__paragraph paragraph\"><strong>Rival agresivo<\/strong><\/p>\n<p data-mrf-recirculation=\"Links P\u00e1rrafos\" class=\"ue-c-article__paragraph paragraph\">\u00abHay que centrarse en el partido. Hemos marcado tres goles y no siempre es f\u00e1cil marcar tres goles contra un equipo duro. No quiero hablar sobre el rival, quiero hacerlo sobre mi equipo. Hay que centrarse en nuestro juego y en nuestro plan\u00bb.<\/p>\n<blockquote class=\"ue-c-article__blockquote\">\n<p>No siempre es f\u00e1cil marcar tres goles contra un equipo duro<\/p>\n<p>Hansi Flick<\/p><\/blockquote>\n<p data-mrf-recirculation=\"Links P\u00e1rrafos\" class=\"ue-c-article__paragraph paragraph\"><strong>Rashford<\/strong><\/p>\n<p data-mrf-recirculation=\"Links P\u00e1rrafos\" class=\"ue-c-article__paragraph paragraph\">\u00abEs normal que no juegue, cada tres o cuatro d\u00edas hay\u00a0 partido. Hay que gestionar sus minutos. Lo hab\u00e9is visto con Ferm\u00edn. Ha disputado muchos minutos y hay que tenerlo en cuenta. Hoy hemos decidido de cambiar a Raphinha en el descanso porque ten\u00eda una tarjeta amarilla y no quer\u00edamos perderle, ese era el motivo. Puede jugar por la derecha, aunque \u00e9l prefiere por la izquierda, de 11 o 9\u00bb.<\/p>\n<blockquote class=\"ue-c-article__blockquote\">\n<p>Hoy hemos decidido de cambiar a Raphinha en el descanso porque ten\u00eda una tarjeta amarilla y no quer\u00edamos perderle<\/p>\n<p>Hansi Flick<\/p><\/blockquote>\n<p data-mrf-recirculation=\"Links P\u00e1rrafos\" class=\"ue-c-article__paragraph paragraph\"><strong>Equipo<\/strong><\/p>\n<p data-mrf-recirculation=\"Links P\u00e1rrafos\" class=\"ue-c-article__paragraph paragraph\">\u00abAprecio el estilo de los \u00faltimos tres partidos. Jugamos un partido fant\u00e1stico el domingo, en Newcastle, y fue duro porque era era un rival dif\u00edcil, y hoy tambi\u00e9n. Lo hemos merecido. Estoy contento\u00bb.<\/p>\n<p data-mrf-recirculation=\"Links P\u00e1rrafos\" class=\"ue-c-article__paragraph paragraph\"><strong>Eric Garc\u00eda<\/strong><\/p>\n<p data-mrf-recirculation=\"Links P\u00e1rrafos\" class=\"ue-c-article__paragraph paragraph\">\u00abEs un jugador incre\u00edble. Su rendimiento es fant\u00e1stico y tiene confianza. Hoy hab\u00eda que darle descanso a Gerard, porque no sabemos cu\u00e1ndo volver\u00e1 Balde. Y si tienes a Eric es fant\u00e1stico porque te permite ponerle en una posici\u00f3n u otra\u00bb.<\/p>\n<blockquote class=\"ue-c-article__blockquote\">\n<p>\u00c9ric es un jugador incre\u00edble, su rendimiento es fant\u00e1stico y tiene confianza<\/p>\n<p>Hansi Flick<\/p><\/blockquote>\n<p data-mrf-recirculation=\"Links P\u00e1rrafos\" class=\"ue-c-article__paragraph paragraph\"><strong>Johan Cruyff<\/strong><\/p>\n<p data-mrf-recirculation=\"Links P\u00e1rrafos\" class=\"ue-c-article__paragraph paragraph\">\u00abEspero que est\u00e9 contento y orgulloso. Podr\u00eda estar orgulloso. Lo importante es c\u00f3mo jugamos como equipo. Es importante tener el bal\u00f3n y c\u00f3mo hemos marcado\u00bb.<\/p>\n<blockquote class=\"ue-c-article__blockquote\">\n<p>Cruyff podr\u00eda estar orgulloso<\/p>\n<p>Hansi\u00a0 Flick<\/p><\/blockquote>\n<p data-mrf-recirculation=\"Links P\u00e1rrafos\" class=\"ue-c-article__paragraph paragraph\"><strong>Bal\u00f3n de Oro<\/strong><\/p>\n<p data-mrf-recirculation=\"Links P\u00e1rrafos\" class=\"ue-c-article__paragraph paragraph\">\u00abNo, por favor, mis palabras de ayer no iban dirigidas hacia el Real Madrid. Cada tres d\u00edas tengo partido y podr\u00eda quedarme en casa, pero voy a ir a la gala. Hay jugadores que podr\u00edan ganar. A m\u00ed me han nominado. Es un respeto ir. No me gusta la pregunta. No hablo de otros equipos, me centro en el m\u00edo\u00bb.<\/p>\n<blockquote class=\"ue-c-article__blockquote\">\n<p>Mis palabras sobre el Bal\u00f3n de Oro no iban para el Real Madrid<\/p>\n<p>Hansi Flick<\/p><\/blockquote>\n<p data-mrf-recirculation=\"Links P\u00e1rrafos\" class=\"ue-c-article__paragraph paragraph\"><strong>Gerard y Kound\u00e9<\/strong><\/p>\n<p data-mrf-recirculation=\"Links P\u00e1rrafos\" class=\"ue-c-article__paragraph paragraph\">\u00abGerard ha mejorado much\u00edsimo y lo sigue haciendo. Sabes exactamente lo que te puede dar. Es fant\u00e1stico. Tambi\u00e9n estoy muy contento con Jules, tiene much\u00edsima energ\u00eda, positiva. Siempre da el cien por cien, me encanta. Me encanta c\u00f3mo juega, su actitud, su mentalidad&#8230; es muy importante para nosotros\u00bb.<\/p>\n","protected":false},"excerpt":{"rendered":"Hansi Flick analiz\u00f3 la victoria del Barcelona contra el Getafe. El t\u00e9cnico alem\u00e1n no se quiso pronunciar sobre&hellip;\n","protected":false},"author":2,"featured_media":131436,"comment_status":"","ping_status":"","sticky":false,"template":"","format":"standard","meta":{"footnotes":""},"categories":[268],"tags":[168,25,24,280,282,281,23,167],"class_list":{"0":"post-131435","1":"post","2":"type-post","3":"status-publish","4":"format-standard","5":"has-post-thumbnail","7":"category-futbol","8":"tag-deportes","9":"tag-es","10":"tag-espana","11":"tag-football","12":"tag-futbol","13":"tag-soccer","14":"tag-spain","15":"tag-sports"},"share_on_mastodon":{"url":"","error":""},"_links":{"self":[{"href":"https:\/\/www.europesays.com\/es\/wp-json\/wp\/v2\/posts\/131435","targetHints":{"allow":["GET"]}}],"collection":[{"href":"https:\/\/www.europesays.com\/es\/wp-json\/wp\/v2\/posts"}],"about":[{"href":"https:\/\/www.europesays.com\/es\/wp-json\/wp\/v2\/types\/post"}],"author":[{"embeddable":true,"href":"https:\/\/www.europesays.com\/es\/wp-json\/wp\/v2\/users\/2"}],"replies":[{"embeddable":true,"href":"https:\/\/www.europesays.com\/es\/wp-json\/wp\/v2\/comments?post=131435"}],"version-history":[{"count":0,"href":"https:\/\/www.europesays.com\/es\/wp-json\/wp\/v2\/posts\/131435\/revisions"}],"wp:featuredmedia":[{"embeddable":true,"href":"https:\/\/www.europesays.com\/es\/wp-json\/wp\/v2\/media\/131436"}],"wp:attachment":[{"href":"https:\/\/www.europesays.com\/es\/wp-json\/wp\/v2\/media?parent=131435"}],"wp:term":[{"taxonomy":"category","embeddable":true,"href":"https:\/\/www.europesays.com\/es\/wp-json\/wp\/v2\/categories?post=131435"},{"taxonomy":"post_tag","embeddable":true,"href":"https:\/\/www.europesays.com\/es\/wp-json\/wp\/v2\/tags?post=131435"}],"curies":[{"name":"wp","href":"https:\/\/api.w.org\/{rel}","templated":true}]}}