{"id":131437,"date":"2025-09-22T09:25:11","date_gmt":"2025-09-22T09:25:11","guid":{"rendered":"https:\/\/www.europesays.com\/es\/131437\/"},"modified":"2025-09-22T09:25:11","modified_gmt":"2025-09-22T09:25:11","slug":"lo-que-ha-llevado-en-su-brazo-clara-galle-en-el-festival-de-san-sebastian-atrae-todas-las-miradas-ovacion-mayuscula","status":"publish","type":"post","link":"https:\/\/www.europesays.com\/es\/131437\/","title":{"rendered":"Lo que ha llevado en su brazo Clara Galle en el Festival de San Sebasti\u00e1n atrae todas las miradas: ovaci\u00f3n may\u00fascula"},"content":{"rendered":"<p>La actriz <b><a href=\"https:\/\/www.huffingtonpost.es\/life\/influencers-celebrities\/clara-galle-aplaudida-rabiar-dijo-cuerpo-la-revuelta.html\" rel=\"nofollow noopener\" target=\"_blank\">Clara Galle, estrella de la nueva serie de Netflix Olympo<\/a><\/b>, se ha posicionado contra <a href=\"https:\/\/www.huffingtonpost.es\/global\/la-burla-israel-onu-le-exige-ocupacion-palestina-dispara-pisos-lujo.html\" rel=\"nofollow noopener\" target=\"_blank\">los continuos ataques de Israel contra la poblaci\u00f3n palestina<\/a> de la Franja de Gaza durante la alfombra roja del Festival de San Sebasti\u00e1n.<\/p>\n<p>En unas declaraciones <a href=\"https:\/\/www.tiktok.com\/@cinemania.es\/video\/7552051959868493078\" target=\"_blank\" rel=\"nofollow noopener\">al portal Cineman\u00eda y publicadas en el canal de TikTok<\/a> de este canal especializado en cines y series, <b>la actriz ha sido muy clara a la hora de dar su opini\u00f3n<\/b> y ha aprovechado para reivindicar la importancia que tiene que actores y actrices alcen la voz contra sucesos como estos.\u00a0<\/p>\n<p>\u00abCuando he llegado a la alfombra, yo no sab\u00eda nada porque vengo directamente del aeropuerto&#8230; No voy a formar parte de un me pongo aqu\u00ed a posar con un vestido precioso y <b>no puedo no hablar de esto que est\u00e1 pasando<\/b>\u00ab, ha comenzado afirmando sobre la concentraci\u00f3n que hab\u00eda en los exteriores de banderas palestinas.<\/p>\n<p>Galle, entonces, ha dado su opini\u00f3n: \u00abEstoy en una posici\u00f3n en la que puedo tener un altavoz y cada uno tiene su situaci\u00f3n y su circunstancia, pero desde la m\u00eda personal s\u00e9 que tengo que hablar y comunicar algo totalmente claro y es que <b>estamos viviendo un genocidio\u00bb.\u00a0<\/b><\/p>\n<p>\u00abComo artistas, creo que adem\u00e1s es algo primordial porque trabajamos desde la empat\u00eda y la creaci\u00f3n y <b>no hacemos otra cosa m\u00e1s que abrir puertas al mundo con el cine<\/b>\u00ab, ha explicado.<\/p>\n<p>Finalmente, la actriz ha se\u00f1ado que el mundo de la cultura y del cine deber\u00eda ser \u00abuno de los primeros que aprovechan su posici\u00f3n para poder hablar de esto\u00bb y ha dejado una frase con la que resume perfectamente toda su opini\u00f3n: \u00ab<b>Esto no va de pol\u00edtica, ni de izquierdas ni de derechas, va de humanidad\u00bb.<\/b><\/p>\n<p>Adem\u00e1s, Galle ha lucido en su brazo izquierdo, justo debajo del hombro, una pegatina de <b>una sand\u00eda con el mensaje \u00abstop genocidio\u00bb en vasco<\/b>.\u00a0<\/p>\n<p>Sus palabras y su gesto se han hecho virales con m\u00e1s de 300.000 reproducciones en TikTok y en X, la antigua Twitter, <a href=\"https:\/\/x.com\/elojoquetodolv\/status\/1969822789495345513\" target=\"_blank\" rel=\"nofollow\">ha compartido el momento la tuitera\u00a0@elojoquetodolv<\/a> y ha superado el 1,1 millones de visualizaciones.\u00a0<\/p>\n<p><img decoding=\"async\" loading=\"lazy\" src=\"https:\/\/img2.huffingtonpost.es\/files\/image_720\/uploads\/2025\/09\/22\/clara-galle-en-la-alfombra-roja-de-san-sebastian.jpeg\" width=\"720\" height=\"0\"  data-full-src=\"https:\/\/www.europesays.com\/es\/wp-content\/uploads\/2025\/09\/clara-galle-en-la-alfombra-roja-de-san-sebastian.jpeg\" \/><\/p>\n<p>            \u00a0<\/p>\n<p>        Clara Galle, en la alfombra roja de San Sebasti\u00e1n.Getty Images<\/p>\n<p><script async src=\"\/\/www.tiktok.com\/embed.js\"><\/script><\/p>\n","protected":false},"excerpt":{"rendered":"La actriz Clara Galle, estrella de la nueva serie de Netflix Olympo, se ha posicionado contra los continuos&hellip;\n","protected":false},"author":2,"featured_media":131438,"comment_status":"","ping_status":"","sticky":false,"template":"","format":"standard","meta":{"footnotes":""},"categories":[174],"tags":[255,146,147,25,24,256,28752,76,23],"class_list":{"0":"post-131437","1":"post","2":"type-post","3":"status-publish","4":"format-standard","5":"has-post-thumbnail","7":"category-famosos","8":"tag-celebrities","9":"tag-entertainment","10":"tag-entretenimiento","11":"tag-es","12":"tag-espana","13":"tag-famosos","14":"tag-festival-de-cine-de-san-sebastian","15":"tag-palestina","16":"tag-spain"},"share_on_mastodon":{"url":"","error":""},"_links":{"self":[{"href":"https:\/\/www.europesays.com\/es\/wp-json\/wp\/v2\/posts\/131437","targetHints":{"allow":["GET"]}}],"collection":[{"href":"https:\/\/www.europesays.com\/es\/wp-json\/wp\/v2\/posts"}],"about":[{"href":"https:\/\/www.europesays.com\/es\/wp-json\/wp\/v2\/types\/post"}],"author":[{"embeddable":true,"href":"https:\/\/www.europesays.com\/es\/wp-json\/wp\/v2\/users\/2"}],"replies":[{"embeddable":true,"href":"https:\/\/www.europesays.com\/es\/wp-json\/wp\/v2\/comments?post=131437"}],"version-history":[{"count":0,"href":"https:\/\/www.europesays.com\/es\/wp-json\/wp\/v2\/posts\/131437\/revisions"}],"wp:featuredmedia":[{"embeddable":true,"href":"https:\/\/www.europesays.com\/es\/wp-json\/wp\/v2\/media\/131438"}],"wp:attachment":[{"href":"https:\/\/www.europesays.com\/es\/wp-json\/wp\/v2\/media?parent=131437"}],"wp:term":[{"taxonomy":"category","embeddable":true,"href":"https:\/\/www.europesays.com\/es\/wp-json\/wp\/v2\/categories?post=131437"},{"taxonomy":"post_tag","embeddable":true,"href":"https:\/\/www.europesays.com\/es\/wp-json\/wp\/v2\/tags?post=131437"}],"curies":[{"name":"wp","href":"https:\/\/api.w.org\/{rel}","templated":true}]}}