{"id":131443,"date":"2025-09-22T09:28:09","date_gmt":"2025-09-22T09:28:09","guid":{"rendered":"https:\/\/www.europesays.com\/es\/131443\/"},"modified":"2025-09-22T09:28:09","modified_gmt":"2025-09-22T09:28:09","slug":"guana-rompio-el-silencio-tras-su-salida-de-la-casa-de-los-famosos-mexico","status":"publish","type":"post","link":"https:\/\/www.europesays.com\/es\/131443\/","title":{"rendered":"Guana rompi\u00f3 el silencio tras su salida de La Casa de los Famosos M\u00e9xico"},"content":{"rendered":"<p><img alt=\"El actor se convirti\u00f3 en\" class=\"global-image\" decoding=\"async\" fetchpriority=\"high\" height=\"1080\" loading=\"eager\" src=\"https:\/\/www.europesays.com\/es\/wp-content\/uploads\/2025\/09\/673QKAXAWRGUHAI7Q7TAO6XVFU.jpeg\" width=\"1920\"\/>El actor se convirti\u00f3 en el octavo eliminado del reality show. (La Casa de los Famosos)<\/p>\n<p class=\"paragraph\"><b>Guana<\/b>, uno de los participantes \u00faltimamente m\u00e1s pol\u00e9micos de <b>La Casa de los Famosos M\u00e9xico 2025<\/b>, se convirti\u00f3 en el<b> octavo eliminado<\/b> del reality, tras una jornada marcada por tensiones internas y una entrevista reveladora que ofreci\u00f3 nuevos detalles sobre su experiencia dentro del programa. <\/p>\n<p class=\"paragraph\"><b>Despu\u00e9s de m\u00e1s de 57 d\u00edas <\/b>de convivencia, Guana regres\u00f3 al foro de la casa m\u00e1s famosa de M\u00e9xico. \u201cMe siento muy contento de todo lo que pas\u00f3 all\u00e1 adentro, me llevo una experiencia de vida, y<b> lo que pasa en la casa, se queda en la casa<\/b>\u201d, fueron las primeras palabras del actor al abandonar el reality show.<\/p>\n<p class=\"paragraph\">El actor comparti\u00f3 sus primeras palabras despu\u00e9s de dejar la competencia, poniendo el foco en la din\u00e1mica de los grupos y la complejidad de las relaciones al interior de la casa.<\/p>\n<p><img alt=\"Tras una pol\u00e9mica nomianci\u00f3n, Guana\" class=\"global-image\" decoding=\"async\" fetchpriority=\"low\" height=\"319\" loading=\"lazy\" src=\"https:\/\/www.europesays.com\/es\/wp-content\/uploads\/2025\/09\/D4PPTWPDBRGLBFTZC5DDDM53HU.jpg\" width=\"663\"\/>Tras una pol\u00e9mica nomianci\u00f3n, Guana abandon\u00f3 la competencia por decisi\u00f3n del p\u00fablico. (Captura de pantalla YouTube)<\/p>\n<p class=\"paragraph\">La noche del domingo 21 de septiembre, los votos de la audiencia determinaron la salida de Guana. Durante la competencia, su estrategia consisti\u00f3 en mantenerse abierto a todas las alianzas. \u201cCuando entr\u00e9 a la casa dec\u00eda \u2018voy a jugar con todos, me voy a llevar con todos, voy a ser yo\u2019&#8230;\u201d, expres\u00f3 el participante en una charla con <b>Wendy Guevara<\/b>. Sin embargo, el paso de los d\u00edas trajo nuevos desaf\u00edos y divisiones que se intensificaron con <b>el cambio de cuarto que vivi\u00f3<\/b> a mitad de la competencia.<\/p>\n<p class=\"paragraph\">El denominado<b> Cuarto D\u00eda y Cuarto Noche<\/b> representaron polos opuestos en el ambiente de la casa. Guana relat\u00f3 que, al sumarse al Cuarto D\u00eda, percibi\u00f3 <b>comportamientos hostiles<\/b> de la contraparte, quienes, seg\u00fan \u00e9l, incluso celebraban su incomodidad. \u201cSentir esa abrumaci\u00f3n y convertirse en estas porras de Facundo creo que s\u00ed nos tiraban\u201d, explic\u00f3 Guana mientras reflexionaba sobre el ambiente de competencia y las diferencias entre equipos.<\/p>\n<p class=\"paragraph\">En el otro extremo, su antiguo equipo, el Cuarto Noche, no ve\u00eda con buenos ojos su convivencia con los dem\u00e1s. El exconcursante narr\u00f3 que tras compartir juegos y charlas con integrantes del otro cuarto, notaba silencios tensos al volver a su habitaci\u00f3n. \u201c<b>Yo entraba al cuarto Noche y de verdad hab\u00eda un silencio sepulcral<\/b> como cuando est\u00e1n hablando de ti\u201d, record\u00f3, mencionando que sus sospechas se confirmaron cuando uno de sus compa\u00f1eros le confes\u00f3 que s\u00ed discut\u00edan sobre sus acciones. Esta sinceridad al abordar los conflictos internos aport\u00f3 una visi\u00f3n m\u00e1s detallada de la presi\u00f3n social que viven los participantes.<\/p>\n<p><img alt=\"Guana se sincer\u00f3 durante una\" class=\"global-image\" decoding=\"async\" fetchpriority=\"low\" height=\"313\" loading=\"lazy\" src=\"https:\/\/www.europesays.com\/es\/wp-content\/uploads\/2025\/09\/6OMB2OBKBBACJEMKD4GLPAJTHI.jpg\" width=\"611\"\/>Guana se sincer\u00f3 durante una entrevista en la post gala con Wendy Guevara. (Captura de pantalla YouTube)<\/p>\n<p class=\"paragraph\">\u201cSi ellos vieron una realidad donde yo fui desleal, es muy respetable. De este lado, de los 3 que est\u00e1bamos aqu\u00ed,<b> yo no lo vi como una deslealtad <\/b>hacia nadie. Yo lo vi como una realidad y en la votaci\u00f3n que yo hice&#8230; la hice en el momento y cambiando una estrategia. Porque ya no peudes palnear\u00bb, asegur\u00f3 Guana.<\/p>\n<p class=\"paragraph\">Por otra parte, Guana tambi\u00e9n mencion\u00f3 la situaci\u00f3n de <b>Elaine Haro<\/b>, compa\u00f1era de programa quien habr\u00eda decidido el cambio de cuartos, subrayando las dificultades que enfrentan los reci\u00e9n llegados para adaptarse a la din\u00e1mica de grupo. <\/p>\n<p class=\"paragraph\">El eliminado descart\u00f3 cualquier responsabilidad sobre la actitud de Elaine y destac\u00f3 el intento del Cuarto D\u00eda por integrarla. \u201cNo culpo para nada a Elaine porque<b> s\u00ed es muy dif\u00edcil acoplarte a un nuevo equipo <\/b>y estuvimos el cuarto D\u00eda arrop\u00e1ndola. Tal vez ella sent\u00eda la presi\u00f3n de agradar al cuarto Noche\u201d, afirm\u00f3.<\/p>\n","protected":false},"excerpt":{"rendered":"El actor se convirti\u00f3 en el octavo eliminado del reality show. (La Casa de los Famosos) Guana, uno&hellip;\n","protected":false},"author":2,"featured_media":131444,"comment_status":"","ping_status":"","sticky":false,"template":"","format":"standard","meta":{"footnotes":""},"categories":[171],"tags":[146,147,25,24,23,214],"class_list":{"0":"post-131443","1":"post","2":"type-post","3":"status-publish","4":"format-standard","5":"has-post-thumbnail","7":"category-tv","8":"tag-entertainment","9":"tag-entretenimiento","10":"tag-es","11":"tag-espana","12":"tag-spain","13":"tag-tv"},"share_on_mastodon":{"url":"","error":""},"_links":{"self":[{"href":"https:\/\/www.europesays.com\/es\/wp-json\/wp\/v2\/posts\/131443","targetHints":{"allow":["GET"]}}],"collection":[{"href":"https:\/\/www.europesays.com\/es\/wp-json\/wp\/v2\/posts"}],"about":[{"href":"https:\/\/www.europesays.com\/es\/wp-json\/wp\/v2\/types\/post"}],"author":[{"embeddable":true,"href":"https:\/\/www.europesays.com\/es\/wp-json\/wp\/v2\/users\/2"}],"replies":[{"embeddable":true,"href":"https:\/\/www.europesays.com\/es\/wp-json\/wp\/v2\/comments?post=131443"}],"version-history":[{"count":0,"href":"https:\/\/www.europesays.com\/es\/wp-json\/wp\/v2\/posts\/131443\/revisions"}],"wp:featuredmedia":[{"embeddable":true,"href":"https:\/\/www.europesays.com\/es\/wp-json\/wp\/v2\/media\/131444"}],"wp:attachment":[{"href":"https:\/\/www.europesays.com\/es\/wp-json\/wp\/v2\/media?parent=131443"}],"wp:term":[{"taxonomy":"category","embeddable":true,"href":"https:\/\/www.europesays.com\/es\/wp-json\/wp\/v2\/categories?post=131443"},{"taxonomy":"post_tag","embeddable":true,"href":"https:\/\/www.europesays.com\/es\/wp-json\/wp\/v2\/tags?post=131443"}],"curies":[{"name":"wp","href":"https:\/\/api.w.org\/{rel}","templated":true}]}}