{"id":131449,"date":"2025-09-22T09:31:11","date_gmt":"2025-09-22T09:31:11","guid":{"rendered":"https:\/\/www.europesays.com\/es\/131449\/"},"modified":"2025-09-22T09:31:11","modified_gmt":"2025-09-22T09:31:11","slug":"bordalas-responde-a-ferran-es-una-falta-de-respeto-futbol","status":"publish","type":"post","link":"https:\/\/www.europesays.com\/es\/131449\/","title":{"rendered":"Bordal\u00e1s responde a Ferran: \u00abEs una falta de respeto\u00bb | F\u00fatbol"},"content":{"rendered":"<p>El <a href=\"https:\/\/cadenaser.com\/nacional\/2025\/09\/21\/fc-barcelona-getafe-cf-en-directo-el-partido-de-la-jornada-5-de-laliga-en-vivo-cadena-ser\/\" target=\"_blank\" rel=\"noreferrer nofollow noopener\" title=\"https:\/\/cadenaser.com\/nacional\/2025\/09\/21\/fc-barcelona-getafe-cf-en-directo-el-partido-de-la-jornada-5-de-laliga-en-vivo-cadena-ser\/\">Bar\u00e7a venci\u00f3 3-0 al Getafe<\/a> gracias a un doblete de Ferran y a otro tanto de Dani Olmo, y de esta manera sigue la estela del Real Madrid que le supera en dos puntos en la tabla. Los azulgranas no dieron opci\u00f3n al conjunto azul\u00f3n y fueron capaces de anular el estilo de juego de los de Bordal\u00e1s, que, seg\u00fan el goleador, \u00aba veces no propone nada e intenta hacer demasiadas faltas\u00bb.<\/p>\n<p>Ante estas declaraciones de Ferran, Jos\u00e9 Bordal\u00e1s, t\u00e9cnico del Getafe, asegur\u00f3 que su comentario \u00abes una falta de respeto\u00bb. <\/p>\n<p>\u00abEs una opini\u00f3n muy ventajista porque la diferencia son 1.000 millones. El Bar\u00e7a es un equipo que tiene dos jugadores de un nivel alt\u00edsimo por puesto, que puede combinar y hacer contras. Es una falta de respeto hacer ese comentario\u00bb, lament\u00f3 el entrenador del Getafe en la sala de prensa del Estadio Johan Cruyff.<\/p>\n<p>No obstante, Bordal\u00e1s admiti\u00f3 la superioridad del Barcelona, que, seg\u00fan analiz\u00f3, \u00abha golpeado\u00bb a su equipo en el primer tiempo y \u00abha sido superior\u00bb a lo largo del partido. \u00abNada que objetar porque son un grand\u00edsimo equipo\u00bb, a\u00f1adi\u00f3. Durante el partido, Bordal\u00e1s protest\u00f3 por algunas decisiones del \u00e1rbitro, algo que \u00abforma parte del juego\u00bb ya que \u00abhay pocos partidos en los que no haya alta tensi\u00f3n\u00bb. \u00abEs un partido disputado y forma parte del f\u00fatbol\u00bb, insisti\u00f3.<\/p>\n<p>Los goles del partido, en Carrusel<\/p>\n<ul>\n<li><b>FC Barcelona 1-0 Getafe CF | Gol de Ferran Torres, min. 15:<\/b> El Bar\u00e7a activa el modo &#8216;show-time&#8217; para anotar el primero tras una gran jugada coral entre Raphinha y Dani Olmo, quien asisti\u00f3 de tac\u00f3n a Ferran Torres para que hiciera el primero. <\/li>\n<\/ul>\n<p><img decoding=\"async\" src=\"https:\/\/www.europesays.com\/es\/wp-content\/uploads\/2025\/09\/https:\/\/sdmedia.playser.cadenaser.com\/playser\/image\/20259\/21\/1758482226338_1758482369_asset_still.pn.jpeg\" alt=\"LaLiga | FC Barcelona 1-0 Getafe CF | Gol de Ferran Torres\" width=\"655\"   loading=\"lazy\"\/><\/p>\n<p class=\"tit\">LaLiga | FC Barcelona 1-0 Getafe CF | Gol de Ferran Torres<\/p>\n<p>00:00:0001:22<\/p>\n<p>El c\u00f3digo iframe se ha copiado en el portapapeles<\/p>\n<p>FacebookTwitterLinkedinWhatsAppCerrar<\/p>\n<ul>\n<li><b>FC Barcelona 2-0 Getafe CF | Gol de Ferran Torres, min. 34:<\/b> El delantero ampli\u00f3 distancias en el Estadi Johan Cruyff tras definir una jugada de tiral\u00edneas del Bar\u00e7a que termin\u00f3 con asistencia de Raphinha. <\/li>\n<\/ul>\n<p><img decoding=\"async\" src=\"https:\/\/www.europesays.com\/es\/wp-content\/uploads\/2025\/09\/https:\/\/sdmedia.playser.cadenaser.com\/playser\/image\/20259\/21\/1758483421779_1758483453_asset_still.pn.jpeg\" alt=\"LaLiga | FC Barcelona 2-0 Getafe CF | Gol de Ferran Torres\" width=\"655\"   loading=\"lazy\"\/><\/p>\n<p class=\"tit\">LaLiga | FC Barcelona 2-0 Getafe CF | Gol de Ferran Torres<\/p>\n<p>00:00:0001:38<\/p>\n<p>El c\u00f3digo iframe se ha copiado en el portapapeles<\/p>\n<p>FacebookTwitterLinkedinWhatsAppCerrar<\/p>\n<ul>\n<li><b>FC Barcelona 3-0 Getafe CF | Gol de Dani Olmo, min. 63:<\/b> El &#8217;20&#8217; del Bar\u00e7a culmin\u00f3 su gran partido con gol en el Johan al finalizar una asistencia de Marcus Rashford desde la derecha.<\/li>\n<\/ul>\n<p><img decoding=\"async\" src=\"https:\/\/www.europesays.com\/es\/wp-content\/uploads\/2025\/09\/https:\/\/sdmedia.playser.cadenaser.com\/playser\/image\/20259\/21\/1758486812097_1758486838_asset_still.pn.jpeg\" alt=\"LaLiga | FC Barcelona 3-0 Getafe CF | Gol de Dani Olmo\" width=\"655\"   loading=\"lazy\"\/><\/p>\n<p class=\"tit\">LaLiga | FC Barcelona 3-0 Getafe CF | Gol de Dani Olmo<\/p>\n<p>00:00:0001:12<\/p>\n<p>El c\u00f3digo iframe se ha copiado en el portapapeles<\/p>\n<p>FacebookTwitterLinkedinWhatsAppCerrar<\/p>\n<p>El resumen del partido, en Carrusel Deportivo<\/p>\n","protected":false},"excerpt":{"rendered":"El Bar\u00e7a venci\u00f3 3-0 al Getafe gracias a un doblete de Ferran y a otro tanto de Dani&hellip;\n","protected":false},"author":2,"featured_media":131450,"comment_status":"","ping_status":"","sticky":false,"template":"","format":"standard","meta":{"footnotes":""},"categories":[93],"tags":[168,25,24,23,167],"class_list":{"0":"post-131449","1":"post","2":"type-post","3":"status-publish","4":"format-standard","5":"has-post-thumbnail","7":"category-deportes","8":"tag-deportes","9":"tag-es","10":"tag-espana","11":"tag-spain","12":"tag-sports"},"share_on_mastodon":{"url":"","error":""},"_links":{"self":[{"href":"https:\/\/www.europesays.com\/es\/wp-json\/wp\/v2\/posts\/131449","targetHints":{"allow":["GET"]}}],"collection":[{"href":"https:\/\/www.europesays.com\/es\/wp-json\/wp\/v2\/posts"}],"about":[{"href":"https:\/\/www.europesays.com\/es\/wp-json\/wp\/v2\/types\/post"}],"author":[{"embeddable":true,"href":"https:\/\/www.europesays.com\/es\/wp-json\/wp\/v2\/users\/2"}],"replies":[{"embeddable":true,"href":"https:\/\/www.europesays.com\/es\/wp-json\/wp\/v2\/comments?post=131449"}],"version-history":[{"count":0,"href":"https:\/\/www.europesays.com\/es\/wp-json\/wp\/v2\/posts\/131449\/revisions"}],"wp:featuredmedia":[{"embeddable":true,"href":"https:\/\/www.europesays.com\/es\/wp-json\/wp\/v2\/media\/131450"}],"wp:attachment":[{"href":"https:\/\/www.europesays.com\/es\/wp-json\/wp\/v2\/media?parent=131449"}],"wp:term":[{"taxonomy":"category","embeddable":true,"href":"https:\/\/www.europesays.com\/es\/wp-json\/wp\/v2\/categories?post=131449"},{"taxonomy":"post_tag","embeddable":true,"href":"https:\/\/www.europesays.com\/es\/wp-json\/wp\/v2\/tags?post=131449"}],"curies":[{"name":"wp","href":"https:\/\/api.w.org\/{rel}","templated":true}]}}