{"id":131459,"date":"2025-09-22T09:36:20","date_gmt":"2025-09-22T09:36:20","guid":{"rendered":"https:\/\/www.europesays.com\/es\/131459\/"},"modified":"2025-09-22T09:36:20","modified_gmt":"2025-09-22T09:36:20","slug":"por-donde-va-la-flotilla-a-gaza-multiples-drones-sobrevuelan-los-barcos-en-el-mediterraneo","status":"publish","type":"post","link":"https:\/\/www.europesays.com\/es\/131459\/","title":{"rendered":"\u00bfPor d\u00f3nde va la Flotilla a Gaza? \u00abM\u00faltiples\u00bb drones sobrevuelan los barcos en el Mediterr\u00e1neo"},"content":{"rendered":"<p>Los drones que sobrevolaron la Flotilla, grabados desde el &#8216;Florida&#8217;<\/p>\n<p class=\"L6-event__text\">La <strong>Global Sumud Flotilla<\/strong> denunci\u00f3 en las \u00faltimas horas la <strong>presencia masiva de drones sobrevolando<\/strong> los barcos, de origen no identificado. Los tripulantes, preocupados, vigilan la situaci\u00f3n de cerca y est\u00e1n coordinados con otros socios para \u00abdocumentar y evaluar\u00bb estos acontecimientos. La presencia de estos objetos ha sido filmada desde el &#8216;Florida&#8217;, una de las embarcaciones que integran la Flotilla:<\/p>\n<p>As\u00ed se prepara la Flotilla ante un posible ataque a sus barcos: \u00abNo reaccionaremos\u00bb<\/p>\n<p class=\"L6-event__text\">Uno de los coordinadores de la <strong>Global Sumud Flotilla<\/strong> explic\u00f3, ante el resto del grupo, c\u00f3mo hab\u00eda que \u00abdecidir colectivamente\u00bb<strong> c\u00f3mo reaccionar ante la posible intervenci\u00f3n de los soldados israel\u00edes<\/strong>. \u00abSi me arrastran o me golpean, no quiero que ninguno de vosotros reaccione ni les diga que paren. Por favor, respetad mi decisi\u00f3n\u00bb, dijo al resto, seg\u00fan recoge Al Jazeera. \u00abLo mismo\u00bb, fueron repitiendo uno a uno el resto de voluntarios.<\/p>\n<p class=\"L6-event__text\">La <strong>estrategia de no reaccionar busca evitar m\u00e1s violencia<\/strong>. Otro de los voluntarios lo resum\u00eda as\u00ed: \u00abSi reaccionas o alzas la voz mientras te golpean, no s\u00f3lo te pones en riesgo t\u00fa mismo, sino tambi\u00e9n la seguridad de los dem\u00e1s, y puedes romper la voluntad del grupo\u00bb. Otro aseguraba al citado medio que<strong> todos saben \u00abpor qu\u00e9\u00bb est\u00e1n donde est\u00e1n<\/strong> y \u00ablos riesgos\u00bb que corren formando parte de la Flotilla.<\/p>\n<p>La Flotilla, sobre el comunicado de Israel que los acusa de ser una iniciativa de Ham\u00e1s: \u00abGuerra psicol\u00f3gica\u00bb<\/p>\n<p class=\"L6-event__text\">La semana pasada, el Ministerio de Asuntos Exteriores de <strong>Israel acusaba a la Global Sumud Flotilla de estar \u00ababiertamente respaldada\u00bb por <\/strong><strong><a title=\"Ham\u00e1s\" href=\"https:\/\/www.lasexta.com\/noticias\/internacional\/que-hamas-que-ataca-israel_202310096524315b90d39d00010bbfaf.html\" target=\"_blank\" rel=\"nofollow noopener\">Ham\u00e1s<\/a><\/strong>, organizaci\u00f3n que tiene el control de los territorios de la Franja de Gaza y que est\u00e1 considerada, tanto para Tel Aviv como para Estados Unidos, como \u00aborganizaci\u00f3n terrorista\u00bb.<\/p>\n<p class=\"L6-event__text\">En un breve comunicado, Exteriores de Israel ha se\u00f1alado las \u00abpropias palabras\u00bb de la organizaci\u00f3n, asegurando que \u00e9sta ha hecho un llamamiento para \u00abmovilizar todos los medios para apoyar\u00bb a la Global Sumud Flotilla, que se dirige a Gaza con el fin de romper el bloqueo y entregar ayuda humanitaria a los gazat\u00edes. Sin embargo, para Tel Aviv esto <strong>no es una misi\u00f3n \u00abhumanitaria\u00bb<\/strong>: \u00abEs una iniciativa yihadista al servicio de la agenda del grupo terrorista\u00bb.<\/p>\n<p class=\"L6-event__text\">A ra\u00edz de estas declaraciones, Saif Abukeshek, miembro del comit\u00e9 de direcci\u00f3n de la Global Sumud Flotilla, asegur\u00f3 este fin de semana que <strong>forma parte de una \u00abguerra psicol\u00f3gica\u00bb<\/strong> que lleva a cabo Israel, se\u00f1alando, no obstante, que la \u00abpropaganda\u00bb es una \u00abestrategia anticuada\u00bb.<\/p>\n<p>Ada Colau, desde la Flotilla: \u00abLlevamos 3 semanas de traves\u00eda. Estamos impacientes por llegar a Gaza\u00bb<\/p>\n<p class=\"L6-event__text\">A bordo del &#8216;<strong>Familia<\/strong>&#8216;, el barco de la Flotilla que recibi\u00f3 el segundo ataque con dron a la GSF, la exalcaldesa de Barcelona Ada Colau ha explicado que tras tres semanas de traves\u00eda, \u00ablas condiciones del barco no son f\u00e1ciles\u00bb. \u00ab<strong>Los d\u00edas de oleaje se mueve much\u00edsimo<\/strong>\u00ab, asegura, recordando que van 31 personas en un barco con capacidad para menos, y en el que no hay agua \u2014\u00bbNos duchamos con cubos de agua de mar\u00bb\u2014. Pero todo eso, a\u00f1ade, \u00abson cosas contingentes que se pueden asumir\u00bb si se ve lo que est\u00e1 ocurriendo en Gaza.<\/p>\n<p class=\"L6-event__text\">Colau ha recordado que se trata de una <strong>\u00abmisi\u00f3n hist\u00f3rica\u00bb, en la que entre 40 y 50 barcos<\/strong> llegar\u00e1n a la Franja. \u00abY es importante que seamos tantos, porque representamos a todos los que dicen &#8216;basta'\u00bb, ha se\u00f1alado, sin dejar de hacer hincapi\u00e9 en que tambi\u00e9n el tama\u00f1o de la flota es lo que hace que se ralentice el viaje. \u00abEstamos impacientes por llegar a Gaza y que <strong>nuestra llegada abra ese corredor que rompa el bloqueo maldito<\/strong> y puedan llegar comida y medicinas\u00bb<\/p>\n<p>\u00bfCu\u00e1ndo llega la Flotilla a Gaza?<\/p>\n<p class=\"L6-event__text\">No es f\u00e1cil determinar <strong>cu\u00e1ndo llegar\u00e1 la Global Sumud Flotilla a Gaza<\/strong>. Porque nunca se sabe lo que puede ocurrir. La mayor parte de los barcos de la Flotilla se encuentran cerca de Creta, a unos 400 kil\u00f3metros de la costa de Bengasi (Libia), lo que implica que a\u00fan le quedan <strong>unos 1.300 kil\u00f3metros<\/strong> hasta llegar a Gaza. Los barcos navegan a diferentes velocidades, que van <strong>desde los 4,5 a los 8 nudos<\/strong>, lo que significa que van a velocidades entre los 8 y los 12 kil\u00f3metros por hora. La mayor parte de las embarcaciones son peque\u00f1as, lo que facilita la gesti\u00f3n de la Flotilla, pero este tipo de barcos adquieren menos velocidad que otros mayores, como los buques o los cruceros.<\/p>\n<p class=\"L6-event__text\">De mantener esta velocidad, y sin incidentes de por medio, <strong>la Global Sumud Flotilla tardar\u00eda en torno a una semana<\/strong> en llegar a las costas gazat\u00edes. El pasado mi\u00e9rcoles, la exalcaldesa de Barcelona Ada Colau explicaba a laSexta que \u00absi todo va bien\u00bb y \u00abno hay m\u00e1s incidentes\u00bb, podr\u00edan tardar entre 8 y 10 d\u00edas en llegar a Palestina. Sin embargo, desde entonces, la Flotilla estuvo parada un par de d\u00edas en la isla italiana de Sicilia.<\/p>\n<p class=\"L6-event__text\">Hacia Gaza, los barcos que ya navegan desde Italia se reunir\u00e1n con sus &#8216;hermanos&#8217; griegos<strong> frente a la isla de Creta<\/strong>, aunque a priori, en este \u00faltimo tramo de la traves\u00eda no se esperan m\u00e1s paradas.<\/p>\n<p>El &#8216;Alma&#8217;, uno de los barcos atacados y en el que viaja Greta Thunberg, ya junto al resto de barcos<\/p>\n<p class=\"L6-event__text\">Este domingo, <strong>uno de los barcos de la Global Sumud Flotilla<\/strong>, el &#8216;Alma&#8217;, consigui\u00f3 alcanzar al resto de la flota, tras tener que practicarle algunas \u00abreparaciones\u00bb en Sicilia. \u00abGaza no puede esperar. A pesar del ataque con drones cuando el barco estaba en T\u00fanez, contin\u00faa para romper el bloqueo ilegal y abrir un corredor humanitario. Debemos actuar porque nuestros Gobiernos no lo hacen. Esto es algo de vida o muerte y no hay excusas\u00bb, han se\u00f1alado desde la GSF.<\/p>\n<p class=\"L6-event__text\">El <strong>&#8216;Alma&#8217; es el barco que <a title=\"sufri\u00f3 el primero de los dos ataques con drones\" href=\"https:\/\/www.lasexta.com\/noticias\/internacional\/dron-ataca-embarcacion-flotilla-sumud-ayuda-gaza-puerto-tunez_2025090968bfb363bf88027389734c95.html\" target=\"_blank\" rel=\"nofollow noopener\">sufri\u00f3 el primero de los dos ataques con drones<\/a> que ha denunciado la Flotilla<\/strong>. Adem\u00e1s, es en el que viaja Greta Thunberg, despu\u00e9s de que la activista sueca abandonara el &#8216;Familia Madeira&#8217;, donde viaja la direcci\u00f3n de la GSF. Thunberg dej\u00f3 la directiva pero sigui\u00f3 en su papel de tripulante despu\u00e9s de varios desacuerdos con el resto de la junta.<\/p>\n<p>Los 51 barcos que conforman la Flotilla de Gaza a d\u00eda de hoy<\/p>\n<p class=\"L6-event__text\">En total, <strong>son 51 las embarcaciones que conforman la Flotilla<\/strong> que se dirige hacia Gaza con el fin de entregar ayuda humanitaria al pueblo palestino. Seis de ellas esperan en el archipi\u00e9lago griego, concretamente en la isla de Milos, en el puerto de Adamantas, de donde saldr\u00e1n para reunirse con el resto de los barcos en el Mediterr\u00e1neo. La mayor\u00eda de ellas est\u00e1n <strong>entre la isla italiana de Sicilia y Creta<\/strong>, m\u00e1s cerca de esta segunda, aunque todav\u00eda algunas est\u00e1n o bien de camino o a\u00fan en puertos italianos. Estas son los 51 barcos que integran la Global Sumud Flotilla ahora mismo y que est\u00e1n contabilizados en su tracker:<\/p>\n<ul class=\"L6-news-detail__list\">\n<li class=\"L6-event__text\">Adara<\/li>\n<li class=\"L6-event__text\">Ahed Tamimi<\/li>\n<li class=\"L6-event__text\">Alaeddine<\/li>\n<li class=\"L6-event__text\">All In<\/li>\n<li class=\"L6-event__text\">Allakatalla<\/li>\n<li class=\"L6-event__text\">Alma<\/li>\n<li class=\"L6-event__text\">Amsterdam<\/li>\n<li class=\"L6-event__text\">Aurora<\/li>\n<li class=\"L6-event__text\">Catalina<\/li>\n<li class=\"L6-event__text\">Dir Yassine (Mali)<\/li>\n<li class=\"L6-event__text\">Estrella y Manuel<\/li>\n<li class=\"L6-event__text\">Fair Lady<\/li>\n<li class=\"L6-event__text\">Familia Madeira<\/li>\n<li class=\"L6-event__text\">Florida<\/li>\n<li class=\"L6-event__text\">Free Willy<\/li>\n<li class=\"L6-event__text\">Grande Blu<\/li>\n<li class=\"L6-event__text\">Hio<\/li>\n<li class=\"L6-event__text\">Huga<\/li>\n<li class=\"L6-event__text\">Inana<\/li>\n<li class=\"L6-event__text\">Jeannott III<\/li>\n<li class=\"L6-event__text\">Kaiser<\/li>\n<li class=\"L6-event__text\">Kamar<\/li>\n<li class=\"L6-event__text\">Karma<\/li>\n<li class=\"L6-event__text\">Luna Bark<\/li>\n<li class=\"L6-event__text\">Mango<\/li>\n<li class=\"L6-event__text\">Maria Cristina<\/li>\n<li class=\"L6-event__text\">Marinette<\/li>\n<li class=\"L6-event__text\">Mawal<\/li>\n<li class=\"L6-event__text\">Mateque<\/li>\n<li class=\"L6-event__text\">MiaMia<\/li>\n<li class=\"L6-event__text\">Mijita<\/li>\n<li class=\"L6-event__text\">Mikeno<\/li>\n<li class=\"L6-event__text\">Mohammad Bhar<\/li>\n<li class=\"L6-event__text\">Morgana<\/li>\n<li class=\"L6-event__text\">Nusantara<\/li>\n<li class=\"L6-event__text\">Ohwayla<\/li>\n<li class=\"L6-event__text\">Otaria<\/li>\n<li class=\"L6-event__text\">Oxygono<\/li>\n<li class=\"L6-event__text\">Paola I<\/li>\n<li class=\"L6-event__text\">Pavlos Fyssas<\/li>\n<li class=\"L6-event__text\">Selvaggia<\/li>\n<li class=\"L6-event__text\">Seulle<\/li>\n<li class=\"L6-event__text\">Sirius<\/li>\n<li class=\"L6-event__text\">Snap<\/li>\n<li class=\"L6-event__text\">Spectre<\/li>\n<li class=\"L6-event__text\">Taigete<\/li>\n<li class=\"L6-event__text\">Vangelis Pissias &#8211; Asser et Ayssel<\/li>\n<li class=\"L6-event__text\">Wahoo<\/li>\n<li class=\"L6-event__text\">Yulara<\/li>\n<li class=\"L6-event__text\">Zefiro<\/li>\n<\/ul>\n<p class=\"L6-event__text\">Adem\u00e1s de estas, les acompa\u00f1a el <strong>Shireen<\/strong>, una embarcaci\u00f3n de apoyo legal a la Flotilla.<\/p>\n<p>Hoy 1.300 kil\u00f3metros separan la Flotilla de Gaza<\/p>\n<p class=\"L6-event__text\">Despu\u00e9s de un fin de semana marcado por la <strong>presencia masiva de drones sobrevolando los barcos de la Flotilla<\/strong>, las embarcaciones que salieron a finales de agosto desde Barcelona cargadas de ayuda humanitaria con el fin de entregarla en la Franja de Gaza han ido avanzando. La mayor\u00eda de los barcos siguen su traves\u00eda a trav\u00e9s del Mediterr\u00e1neo, y sobre las 6:00 de la ma\u00f1ana se encontraban <strong>entre las costas de Grecia y Libia<\/strong>, a unos 400 kil\u00f3metros de Bengasi.<\/p>\n<p>Espa\u00f1a (y otros pa\u00edses) piden el fin del genocidio: \u00abLa Flotilla no se toca\u00bb<\/p>\n<p class=\"L6-event__text\">No han sido pocas las <strong>manifestaciones y concentraciones de apoyo a la Global Sumud Flotilla<\/strong> que se han celebrado a lo largo de este fin de semana. Una de ellas es la que ha organizado la plataforma <strong>Parar la Guerra<\/strong> en Madrid y otras ciudades del pa\u00eds, donde se han manifestado cientos de personas para homenajear y apoyar el trabajo de los profesionales sanitarios en Gaza.<\/p>\n<p>La Flotilla Sumud denuncia la presencia de \u00abm\u00faltiples drones\u00bb en su traves\u00eda a Gaza<\/p>\n<p class=\"L6-event__text\">La <strong>Global Sumud Flotilla<\/strong>, compuesta por delegaciones que salieron desde costas espa\u00f1olas, tunecinas e italianas con la intenci\u00f3n de llevar ayuda humanitaria a Gaza, ha denunciado este domingo la <strong>presencia de \u00abm\u00faltiples drones\u00bb cerca de sus barcos<\/strong> que navegan en aguas internacionales en el Mediterr\u00e1neo. La flotilla, que ha hecho la denuncia a trav\u00e9s de un comunicado, ha asegurado que varios drones, cuyo origen \u00aba\u00fan no ha sido identificado\u00bb, <strong>volaban cerca de sus barcos y les segu\u00edan<\/strong>, lo que ha generado \u00abpreocupaci\u00f3n\u00bb entre los tripulantes.<\/p>\n<p class=\"L6-event__text\">Los organizadores han asegurado que \u00abest\u00e1n vigilando la situaci\u00f3n de cerca\u00bb, con la coordinaci\u00f3n de socios para <strong>\u00abdocumentar y evaluar\u00bb estos acontecimientos<\/strong>. Las embarcaciones que salieron a principios de mes desde Barcelona denunciaron previamente dos ataques \u00abcon dron\u00bb durante su escala en T\u00fanez, contra dos de sus barcos, &#8216;<strong><a title=\"Familia\" href=\"https:\/\/www.lasexta.com\/noticias\/internacional\/dron-ataca-embarcacion-flotilla-sumud-ayuda-gaza-puerto-tunez_2025090968bfb363bf88027389734c95.html\" target=\"_blank\" rel=\"nofollow noopener\">Familia<\/a><\/strong>&#8216; integrado por al comit\u00e9 directivo de la flotilla, y &#8216;<strong><a title=\"Alma\" href=\"https:\/\/www.lasexta.com\/noticias\/internacional\/flotilla-gaza-denuncia-segundo-ataque-drones-uno-sus-barcos_2025091068c10ead02666d2324a395cc.html\" target=\"_blank\" rel=\"nofollow noopener\">Alma<\/a><\/strong>&#8216;, sin causar da\u00f1os humanos ni materiales.<\/p>\n<p>Agencias<\/p>\n","protected":false},"excerpt":{"rendered":"Los drones que sobrevolaron la Flotilla, grabados desde el &#8216;Florida&#8217; La Global Sumud Flotilla denunci\u00f3 en las \u00faltimas&hellip;\n","protected":false},"author":2,"featured_media":131460,"comment_status":"","ping_status":"","sticky":false,"template":"","format":"standard","meta":{"footnotes":""},"categories":[42],"tags":[17,18,13,14,11,61,62,63,64,19,20,9,10,15,16,12,21,22,65,66,67],"class_list":{"0":"post-131459","1":"post","2":"type-post","3":"status-publish","4":"format-standard","5":"has-post-thumbnail","7":"category-internacional","8":"tag-breaking-news","9":"tag-breakingnews","10":"tag-featured-news","11":"tag-featurednews","12":"tag-headlines","13":"tag-internacional","14":"tag-international","15":"tag-international-news","16":"tag-internationalnews","17":"tag-latest-news","18":"tag-latestnews","19":"tag-news","20":"tag-noticias","21":"tag-noticias-destacadas","22":"tag-noticiasdestacadas","23":"tag-titulares","24":"tag-ultimas-noticias","25":"tag-ultimasnoticias","26":"tag-world","27":"tag-world-news","28":"tag-worldnews"},"share_on_mastodon":{"url":"","error":""},"_links":{"self":[{"href":"https:\/\/www.europesays.com\/es\/wp-json\/wp\/v2\/posts\/131459","targetHints":{"allow":["GET"]}}],"collection":[{"href":"https:\/\/www.europesays.com\/es\/wp-json\/wp\/v2\/posts"}],"about":[{"href":"https:\/\/www.europesays.com\/es\/wp-json\/wp\/v2\/types\/post"}],"author":[{"embeddable":true,"href":"https:\/\/www.europesays.com\/es\/wp-json\/wp\/v2\/users\/2"}],"replies":[{"embeddable":true,"href":"https:\/\/www.europesays.com\/es\/wp-json\/wp\/v2\/comments?post=131459"}],"version-history":[{"count":0,"href":"https:\/\/www.europesays.com\/es\/wp-json\/wp\/v2\/posts\/131459\/revisions"}],"wp:featuredmedia":[{"embeddable":true,"href":"https:\/\/www.europesays.com\/es\/wp-json\/wp\/v2\/media\/131460"}],"wp:attachment":[{"href":"https:\/\/www.europesays.com\/es\/wp-json\/wp\/v2\/media?parent=131459"}],"wp:term":[{"taxonomy":"category","embeddable":true,"href":"https:\/\/www.europesays.com\/es\/wp-json\/wp\/v2\/categories?post=131459"},{"taxonomy":"post_tag","embeddable":true,"href":"https:\/\/www.europesays.com\/es\/wp-json\/wp\/v2\/tags?post=131459"}],"curies":[{"name":"wp","href":"https:\/\/api.w.org\/{rel}","templated":true}]}}