{"id":131465,"date":"2025-09-22T09:39:10","date_gmt":"2025-09-22T09:39:10","guid":{"rendered":"https:\/\/www.europesays.com\/es\/131465\/"},"modified":"2025-09-22T09:39:10","modified_gmt":"2025-09-22T09:39:10","slug":"el-balonmano-mislata-rescata-un-punto-imposible-de-su-visita-a-petrer","status":"publish","type":"post","link":"https:\/\/www.europesays.com\/es\/131465\/","title":{"rendered":"El Balonmano Mislata rescata un punto imposible de su visita a Petrer"},"content":{"rendered":"<p class=\"ft-text ft-helper-align-justify\"><strong>Un gol abajo, dos hombres menos por exclusiones, poco m\u00e1s de un minuto por jugar y bal\u00f3n en manos del rival<\/strong>. Ese era el panorama que ten\u00eda delante<strong> el <\/strong><a class=\"ft-link ft-link--decoration\" href=\"https:\/\/www.superdeporte.es\/tags\/club-balonmano-mislata\/\" target=\"_blank\" rel=\"nofollow noopener\"><strong>Balonmano Mislata<\/strong><\/a><strong> en los momentos finales de su visita a Balonmano Petrer por la Jornada 2 del Grupo E de la Primera Divisi\u00f3n masculina.<\/strong> A\u00fan as\u00ed, <strong>el equipo del \u00e1rea metropolitana de Valencia logr\u00f3 llevarse un empate en 29 de un partido que lo supo tener 5 goles en desventaja.<\/strong><\/p>\n<p>La cr\u00f3nica<\/p>\n<p class=\"ft-text ft-helper-align-justify\">El<strong> primer tiempo del encuentro fue de m\u00e1xima paridad,<\/strong> con ambos equipos intercambiando goles, pero tambi\u00e9n errores y p\u00e9rdidas de bal\u00f3n. <strong>Hugo Herraiz (termin\u00f3 con 6 goles) y Tom\u00e1s De San Roque (5) lideraban el juego de la visita<\/strong>, mientras que <strong>Rafael Moscat (8) era el gran responsable del nivel del local.<\/strong> La igualdad se plasm\u00f3 en el marcador, que mostr\u00f3 un <strong>15-15 al descanso <\/strong>y todo por resolver en la segunda mitad.<\/p>\n<p class=\"ft-text ft-helper-align-justify\">El complemento comenz\u00f3 de la misma manera, pero a los siete minutos algo se rompi\u00f3. <strong>Errores de Mislata y aciertos de Petrer, en manos de Pablo Agullo (5 goles) y David Serna (5), permitieron que el local consiguiera un parcial de 5-0 para alejarse en el marcador. Faltando poco m\u00e1s de siete minutos, Petrer marchaba 29-25 por delante <\/strong>y parec\u00eda que se llevaba la victoria. Fue el momento de aparecer para jugadores como <strong>Santino Bogado (6 goles), Jorge Ferrer en la porter\u00eda, y los propios De San Roque y Herraiz.<\/strong> Con dos y medio para el cierre, <strong>los dirigidos por Jorge Fern\u00e1ndez y Mauro Longarini se acercaron al 29-28.<\/strong><\/p>\n<p class=\"ft-text ft-helper-align-justify\"><strong>El final del partido fue impensado<\/strong>. La <strong>exclusi\u00f3n de Guzm\u00e1n L\u00e1zaro<\/strong> ten\u00eda a la visita con un jugador menos y el <strong>bal\u00f3n en manos de Petrer, que ganaba por uno<\/strong>. Ese ataque dur\u00f3 un minuto y medio porque al borde del pasivo, <strong>C\u00e9sar Clemente fue excluido y Mislata qued\u00f3 con cuatro en pista.<\/strong> El local tuvo una clara para liquidarlo, pero<strong> Jorge Ferrer estuvo inmenso en la porter\u00eda y le dio vida a su equipo. Faltando 45 segundos, Herraiz logr\u00f3 el empate <\/strong>y en fly (una suerte de alley-oop del balonmano). Incluso, la visita recuper\u00f3 otro bal\u00f3n y tuvo la chance de ganarlo, pero no tuvo suerte y se qued\u00f3 con un s<strong>ufrido e impensado empate en 29.<\/strong><\/p>\n<p>Resultados y <a class=\"ft-link ft-link--decoration\" href=\"https:\/\/resultadosbalonmano.isquad.es\/clasificacion.php?seleccion=0&amp;id=1031245&amp;id_ambito=1&amp;id_territorial=9999&amp;id_superficie=1&amp;iframe=0&amp;id_categoria=2526&amp;id_competicion=209266\" rel=\"nofollow noopener\" target=\"_blank\">clasificaci\u00f3n<\/a> del Grupo E de Primera Nacional Masculina<\/p>\n<p class=\"ft-text ft-helper-align-justify\">Con este resultado, <strong>el <\/strong><a class=\"ft-link ft-link--decoration\" href=\"https:\/\/www.facebook.com\/balonmano.mislata\/?locale=es_ES\" rel=\"nofollow noopener\" target=\"_blank\"><strong>Balonmano Mislata<\/strong><\/a><strong> se ubica tercero junto al propio Petrer y a Elda<\/strong>. La <strong>pr\u00f3xima semana, los valencianos visitar\u00e1n a Puerto Sagunto B,<\/strong> que hab\u00eda ca\u00eddo en la primera jornada ante Petrer y que venci\u00f3 este fin de semana a Torrevieja a domicilio. <strong>La competici\u00f3n la lideran Sant Joan y \u00c1guilas, que ganaron sus respectivos encuentros.<\/strong><\/p>\n<p><img decoding=\"async\" src=\"https:\/\/www.europesays.com\/es\/wp-content\/uploads\/2025\/09\/6ac5ef9b-0fcd-4b5c-aeb1-293cca1eb9d2_alta-libre-aspect-ratio_default_0.jpg\" width=\"1200\" height=\"481\" alt=\"Resultados.\" class=\"ft-helper-img-rd\" loading=\"lazy\" hasdataaida=\"true\"\/><\/p>\n<p class=\"ft-helper-fontColor-quaternary ft-helper-fontSize-body-S ft-helper-spacer-t-xxs\">Resultados.  \/ RFEBM<\/p>\n","protected":false},"excerpt":{"rendered":"Un gol abajo, dos hombres menos por exclusiones, poco m\u00e1s de un minuto por jugar y bal\u00f3n en&hellip;\n","protected":false},"author":2,"featured_media":131466,"comment_status":"","ping_status":"","sticky":false,"template":"","format":"standard","meta":{"footnotes":""},"categories":[278],"tags":[376,39657,42089,168,25,24,375,23830,27851,2320,6964,23,167],"class_list":{"0":"post-131465","1":"post","2":"type-post","3":"status-publish","4":"format-standard","5":"has-post-thumbnail","7":"category-balonmano","8":"tag-balonmano","9":"tag-club-balonmano-mislata","10":"tag-de-su-visita-a-petrer","11":"tag-deportes","12":"tag-es","13":"tag-espana","14":"tag-handball","15":"tag-imposible","16":"tag-mislata","17":"tag-punto","18":"tag-rescata","19":"tag-spain","20":"tag-sports"},"share_on_mastodon":{"url":"","error":""},"_links":{"self":[{"href":"https:\/\/www.europesays.com\/es\/wp-json\/wp\/v2\/posts\/131465","targetHints":{"allow":["GET"]}}],"collection":[{"href":"https:\/\/www.europesays.com\/es\/wp-json\/wp\/v2\/posts"}],"about":[{"href":"https:\/\/www.europesays.com\/es\/wp-json\/wp\/v2\/types\/post"}],"author":[{"embeddable":true,"href":"https:\/\/www.europesays.com\/es\/wp-json\/wp\/v2\/users\/2"}],"replies":[{"embeddable":true,"href":"https:\/\/www.europesays.com\/es\/wp-json\/wp\/v2\/comments?post=131465"}],"version-history":[{"count":0,"href":"https:\/\/www.europesays.com\/es\/wp-json\/wp\/v2\/posts\/131465\/revisions"}],"wp:featuredmedia":[{"embeddable":true,"href":"https:\/\/www.europesays.com\/es\/wp-json\/wp\/v2\/media\/131466"}],"wp:attachment":[{"href":"https:\/\/www.europesays.com\/es\/wp-json\/wp\/v2\/media?parent=131465"}],"wp:term":[{"taxonomy":"category","embeddable":true,"href":"https:\/\/www.europesays.com\/es\/wp-json\/wp\/v2\/categories?post=131465"},{"taxonomy":"post_tag","embeddable":true,"href":"https:\/\/www.europesays.com\/es\/wp-json\/wp\/v2\/tags?post=131465"}],"curies":[{"name":"wp","href":"https:\/\/api.w.org\/{rel}","templated":true}]}}