{"id":131467,"date":"2025-09-22T09:40:07","date_gmt":"2025-09-22T09:40:07","guid":{"rendered":"https:\/\/www.europesays.com\/es\/131467\/"},"modified":"2025-09-22T09:40:07","modified_gmt":"2025-09-22T09:40:07","slug":"san-miguel-otono-y-9-de-octubre","status":"publish","type":"post","link":"https:\/\/www.europesays.com\/es\/131467\/","title":{"rendered":"San Miguel, Oto\u00f1o y\u2026 \u00bf9 de octubre?"},"content":{"rendered":"<p>Est\u00e1 meridianamente claro que las plazas de primera que han crecido han sido aquellas en las que su gestores han sabido captar las exigencias de sus aficiones: gustos y comodidad, esas han sido las claves por las que Sevilla y Madrid se han situado en el mascar\u00f3n de proa de la temporada. La andaluza, aprovechando la bonanza del clima primaveral, potenciando al m\u00e1ximo su Feria de Abril al gusto de su afici\u00f3n, pero al mismo tiempo ofreciendo abonos conjuntos -garantizando la presencia de las m\u00e1ximas figuras- para San Miguel, celebrando as\u00ed el retorno veraniego de sus gentes.<\/p>\n<p>De Sevilla a Madrid. Quien fue visionario, don Livinio Stuick, para crear la Feria de San Isidro, tambi\u00e9n lleg\u00f3 a ver que en el oto\u00f1o pod\u00eda ser factible ofrecer otro abono. No cuaj\u00f3 como el dedicado al santo patr\u00f3n. Fue a trav\u00e9s del tiempo, cuando la econom\u00eda crec\u00eda, que otro ilustre del empresariado taurino, Manuel Mart\u00ednez Flamarique, en los albores de la d\u00e9cada de los ochenta, quien apost\u00f3, aprovechando el tir\u00f3n de Victorino Mart\u00edn -el toro siempre como gran reclamo en Las Ventas- para potenciar el abono oto\u00f1al hasta convertirlo en otro gran referente de la temporada. El cartel de la presente edici\u00f3n lo avala, no s\u00f3lo por figurar en el mismo ganader\u00edas y coletudos que han tenido protagonismo destacado en el coso vente\u00f1o, sino porque adem\u00e1s de estar representados becerristas, novilleros con picadores, espadas de alternativa y un festival de lujo, hasta sumar nueves festejos, viene a confirmar que cuando la oferta es atractiva y el clima invita, el respaldo de los aficionados est\u00e1 asegurado.<\/p>\n<p>Y ahora Valencia. La que presumi\u00f3 de ser la plaza con la feria m\u00e1s extensa y siempre cuajada de figuras -los gustos importan-, la otrora c\u00e9lebre Fira de Juliol, dej\u00f3 de serlo. La raz\u00f3n, o razones que cercenaron su crecimiento: el calendario y el no acertar con los gustos y comodidades que su afici\u00f3n ha venido exigiendo. Si el abono de Fallas creci\u00f3, julio, mengu\u00f3. Sin embargo, octubre, que siempre hab\u00eda sido mes propicio para que los grandes, Joselito y Belmonte, por citar dos glorias que se sent\u00eda muy queridas en Valencia, cerraran su temporada, nadie cay\u00f3 en la cuenta de que pod\u00eda ser una alternativa a considerar, y m\u00e1s desde que el 9 d\u00b4Octubre se convirti\u00f3 en fecha festiva. Queda la pregunta, \u00bfy qu\u00e9 se hace con la Fira de Juliol, con sus pobres entradas en los tendidos de sol? Adecuarla a la demanda. No hay otra.<\/p>\n","protected":false},"excerpt":{"rendered":"Est\u00e1 meridianamente claro que las plazas de primera que han crecido han sido aquellas en las que su&hellip;\n","protected":false},"author":2,"featured_media":131468,"comment_status":"","ping_status":"","sticky":false,"template":"","format":"standard","meta":{"footnotes":""},"categories":[277],"tags":[45,32177,373,168,25,24,23,167,374],"class_list":{"0":"post-131467","1":"post","2":"type-post","3":"status-publish","4":"format-standard","5":"has-post-thumbnail","7":"category-toreo","8":"tag-45","9":"tag-al-compas","10":"tag-bullfighting","11":"tag-deportes","12":"tag-es","13":"tag-espana","14":"tag-spain","15":"tag-sports","16":"tag-toreo"},"share_on_mastodon":{"url":"","error":""},"_links":{"self":[{"href":"https:\/\/www.europesays.com\/es\/wp-json\/wp\/v2\/posts\/131467","targetHints":{"allow":["GET"]}}],"collection":[{"href":"https:\/\/www.europesays.com\/es\/wp-json\/wp\/v2\/posts"}],"about":[{"href":"https:\/\/www.europesays.com\/es\/wp-json\/wp\/v2\/types\/post"}],"author":[{"embeddable":true,"href":"https:\/\/www.europesays.com\/es\/wp-json\/wp\/v2\/users\/2"}],"replies":[{"embeddable":true,"href":"https:\/\/www.europesays.com\/es\/wp-json\/wp\/v2\/comments?post=131467"}],"version-history":[{"count":0,"href":"https:\/\/www.europesays.com\/es\/wp-json\/wp\/v2\/posts\/131467\/revisions"}],"wp:featuredmedia":[{"embeddable":true,"href":"https:\/\/www.europesays.com\/es\/wp-json\/wp\/v2\/media\/131468"}],"wp:attachment":[{"href":"https:\/\/www.europesays.com\/es\/wp-json\/wp\/v2\/media?parent=131467"}],"wp:term":[{"taxonomy":"category","embeddable":true,"href":"https:\/\/www.europesays.com\/es\/wp-json\/wp\/v2\/categories?post=131467"},{"taxonomy":"post_tag","embeddable":true,"href":"https:\/\/www.europesays.com\/es\/wp-json\/wp\/v2\/tags?post=131467"}],"curies":[{"name":"wp","href":"https:\/\/api.w.org\/{rel}","templated":true}]}}