{"id":131469,"date":"2025-09-22T09:43:07","date_gmt":"2025-09-22T09:43:07","guid":{"rendered":"https:\/\/www.europesays.com\/es\/131469\/"},"modified":"2025-09-22T09:43:07","modified_gmt":"2025-09-22T09:43:07","slug":"alcaraz-olvida-la-laver-cup-y-ya-tiene-rivales-en-el-torneo-de-tokio-donde-evita-a-fritz","status":"publish","type":"post","link":"https:\/\/www.europesays.com\/es\/131469\/","title":{"rendered":"Alcaraz olvida la Laver Cup y ya tiene rivales en el torneo de Tokio, donde evita a Fritz"},"content":{"rendered":"<p data-gtm-element-container=\"modulo-texto-link\" class=\"paragraph\"><strong>La Laver Cup ya es historia<\/strong>. Europa cedi\u00f3 el trono a Resto del Mundo tras una serie en la que Carlos Alcaraz sum\u00f3 siete de los nueve puntos del combinado capitaneado por Jannick Noah.<\/p>\n<p data-gtm-element-container=\"modulo-texto-link\" class=\"paragraph\">El n\u00famero 1 del mundo mostr\u00f3 un nivel m\u00e1s que aceptable en el que era su primer torneo tras coronarse en el US Open. <strong>S\u00f3lo fue capaz de derrotarle un extraordinario Taylor Fritz<\/strong>, que ser\u00e1 uno de sus rivales esta semana en el torneo de Tokio, que arranca el mi\u00e9rcoles.<\/p>\n<p data-gtm-element-container=\"modulo-texto-link\" class=\"paragraph\">La gira asi\u00e1tica calienta motores con <strong>dos ATP 500 de gran nivel, el de Pek\u00edn, con Jannik Sinner, y el de Tokio, con Carlos Alcaraz<\/strong>, que este lunes conoci\u00f3 cu\u00e1l ser\u00e1 su hoja de ruta.<\/p>\n<p data-gtm-element-container=\"modulo-texto-link\" class=\"paragraph\"><strong>El sorteo depar\u00f3 que debute, seguramente el jueves por la ma\u00f1ana, ante el argentino Sebasti\u00e1n B\u00e1ez<\/strong>, a quien gan\u00f3 de forma clara en sus dos enfrentamientos previos (NextGen Finals 2021 y US Open 2022).<\/p>\n<p>    Lee tambi\u00e9n<\/p>\n<p data-gtm-element-container=\"modulo-texto-link\" class=\"paragraph\"><strong>De ganar, su rival en segunda ronda saldr\u00e1 del duelo que enfrenta al belga Zizou Bergs y al chileno Alejandro Tabilo<\/strong>, mientras que Frances Tiafoe se perfile como su contrincante m\u00e1s probable en cuartos de final.<\/p>\n<blockquote class=\"twitter-tweet\" data-lang=\"es\"><p>\n<a href=\"https:\/\/twitter.com\/DrawsTennis\/status\/1969997486770045170\" rel=\"nofollow noopener\" target=\"_blank\">\n<\/p><\/blockquote>\n<p data-gtm-element-container=\"modulo-texto-link\" class=\"paragraph\">En semifinales se podr\u00eda ver las caras con Casper Ruud, compa\u00f1ero de dobles este domingo en la Laver Cup, <strong>antes de una hipot\u00e9tica final con Taylor Fritz, que parte como segundo cabeza de serie.<\/strong><\/p>\n<p data-gtm-element-container=\"modulo-texto-link\" class=\"paragraph\">Adem\u00e1s de Alcaraz, el torneo de Tokio contar\u00e1 con la presencia de otro jugador espa\u00f1ol, <strong>Jaume Munar, que jugar\u00e1 un aut\u00e9ntico partidazo en primera ronda ante un ilustre como Matteo Berrettini.<\/strong><\/p>\n<p><script async src=\"https:\/\/platform.twitter.com\/widgets.js\" charset=\"utf-8\"><\/script><\/p>\n","protected":false},"excerpt":{"rendered":"La Laver Cup ya es historia. Europa cedi\u00f3 el trono a Resto del Mundo tras una serie en&hellip;\n","protected":false},"author":2,"featured_media":131470,"comment_status":"","ping_status":"","sticky":false,"template":"","format":"standard","meta":{"footnotes":""},"categories":[274],"tags":[168,25,24,23,167,327,326],"class_list":{"0":"post-131469","1":"post","2":"type-post","3":"status-publish","4":"format-standard","5":"has-post-thumbnail","7":"category-tenis","8":"tag-deportes","9":"tag-es","10":"tag-espana","11":"tag-spain","12":"tag-sports","13":"tag-tenis","14":"tag-tennis"},"share_on_mastodon":{"url":"","error":""},"_links":{"self":[{"href":"https:\/\/www.europesays.com\/es\/wp-json\/wp\/v2\/posts\/131469","targetHints":{"allow":["GET"]}}],"collection":[{"href":"https:\/\/www.europesays.com\/es\/wp-json\/wp\/v2\/posts"}],"about":[{"href":"https:\/\/www.europesays.com\/es\/wp-json\/wp\/v2\/types\/post"}],"author":[{"embeddable":true,"href":"https:\/\/www.europesays.com\/es\/wp-json\/wp\/v2\/users\/2"}],"replies":[{"embeddable":true,"href":"https:\/\/www.europesays.com\/es\/wp-json\/wp\/v2\/comments?post=131469"}],"version-history":[{"count":0,"href":"https:\/\/www.europesays.com\/es\/wp-json\/wp\/v2\/posts\/131469\/revisions"}],"wp:featuredmedia":[{"embeddable":true,"href":"https:\/\/www.europesays.com\/es\/wp-json\/wp\/v2\/media\/131470"}],"wp:attachment":[{"href":"https:\/\/www.europesays.com\/es\/wp-json\/wp\/v2\/media?parent=131469"}],"wp:term":[{"taxonomy":"category","embeddable":true,"href":"https:\/\/www.europesays.com\/es\/wp-json\/wp\/v2\/categories?post=131469"},{"taxonomy":"post_tag","embeddable":true,"href":"https:\/\/www.europesays.com\/es\/wp-json\/wp\/v2\/tags?post=131469"}],"curies":[{"name":"wp","href":"https:\/\/api.w.org\/{rel}","templated":true}]}}