{"id":131473,"date":"2025-09-22T09:46:09","date_gmt":"2025-09-22T09:46:09","guid":{"rendered":"https:\/\/www.europesays.com\/es\/131473\/"},"modified":"2025-09-22T09:46:09","modified_gmt":"2025-09-22T09:46:09","slug":"chus-mateo-nuevo-seleccionador-de-espana","status":"publish","type":"post","link":"https:\/\/www.europesays.com\/es\/131473\/","title":{"rendered":"Chus Mateo, nuevo seleccionador de Espa\u00f1a"},"content":{"rendered":"<p class=\"L6-news-detail__text\">En la ma\u00f1ana de este lunes, ya digerida la eliminaci\u00f3n de la selecci\u00f3n espa\u00f1ola en la fase de grupos del Eurobasket, la <b>Federaci\u00f3n Espa\u00f1ola de Baloncesto<\/b> (FEB) ha hecho oficial la incorporaci\u00f3n de <b>Chus Mateo.<\/b><\/p>\n<p class=\"L6-news-detail__text\">El madrile\u00f1o, hasta junio entrenador del <b>Real Madrid<\/b>, ocupa el hueco dejado por <b>Sergio <\/b><b>Scariolo<\/b>, quien curiosamente dirigir\u00e1 al conjunto blanco. <\/p>\n<p class=\"L6-news-detail__text\">Mateo ser\u00e1 presentado este martes a las 12:00 horas y llega a la selecci\u00f3n con la misi\u00f3n de volver a la senda de los t\u00edtulos tras la decepci\u00f3n de este verano. <\/p>\n<p class=\"L6-news-detail__text\">Y llega a un combinado que <b>viene de hacer historia en los \u00faltimos 15 a\u00f1os<\/b> con Scariolo al frente: campeones del mundo en 2019, cuatro veces campeones de Europa en 2009, 2011, 2015 y 2022; plata en Londres 2012 y bronce en R\u00edo 2016.<\/p>\n<p class=\"L6-news-detail__text\">Tras la salida de <b>Pablo Laso<\/b> hace ya tres a\u00f1os por problemas de salud, Chus Mateo cogi\u00f3 las riendas del Real Madrid y edific\u00f3 un equipo ganador que alz\u00f3 una Euroliga, dos Ligas ACB, una Copa del Rey y dos Supercopas.<\/p>\n<p class=\"L6-news-detail__text\">El debut del madrile\u00f1o con la selecci\u00f3n espa\u00f1ola se producir\u00e1 el pr\u00f3ximo mes de noviembre con los partidos clasificatorios para el <b>Mundial de Qatar 2027<\/b>.<\/p>\n<blockquote class=\"twitter-tweet\">\n<p class=\"L6-news-detail__text\">\ud83d\udea8 OFICIAL | <a title=\"@MateoChus\" href=\"https:\/\/twitter.com\/MateoChus?ref_src=twsrc%5Etfw\" target=\"_blank\" rel=\"nofollow noopener\">@MateoChus<\/a>, \ud835\uddfb\ud835\ude02\ud835\uddf2\ud835\ude03\ud835\uddfc \ud835\udde6\ud835\uddf2\ud835\uddf9\ud835\uddf2\ud835\uddf0\ud835\uddf0\ud835\uddf6\ud835\uddfc\ud835\uddfb\ud835\uddee\ud835\uddf1\ud835\uddfc\ud835\uddff de <a title=\"#LaFamilia\" href=\"https:\/\/twitter.com\/hashtag\/LaFamilia?src=hash&amp;ref_src=twsrc%5Etfw\" target=\"_blank\" rel=\"nofollow noopener\">#LaFamilia<\/a> \ud83d\udc4b<a title=\"#BienvenidoChus\" href=\"https:\/\/twitter.com\/hashtag\/BienvenidoChus?src=hash&amp;ref_src=twsrc%5Etfw\" target=\"_blank\" rel=\"nofollow noopener\">#BienvenidoChus<\/a><a title=\"#SomosEquipo\" href=\"https:\/\/twitter.com\/hashtag\/SomosEquipo?src=hash&amp;ref_src=twsrc%5Etfw\" target=\"_blank\" rel=\"nofollow noopener\">#SomosEquipo<\/a><a title=\"pic.twitter.com\/BuENDTXNHB\" href=\"https:\/\/t.co\/BuENDTXNHB\" target=\"_blank\" rel=\"nofollow\">pic.twitter.com\/BuENDTXNHB<\/a><\/p>\n<p>\u2014 Baloncesto Espa\u00f1a (@BaloncestoESP) <a title=\"September 22, 2025\" href=\"https:\/\/twitter.com\/BaloncestoESP\/status\/1970035465127657668?ref_src=twsrc%5Etfw\" target=\"_blank\" rel=\"nofollow noopener\">September 22, 2025<\/a><\/p><\/blockquote>\n<p class=\"L6-support-news-video__title\">\u00abAlex tiene ahora mismo mucho m\u00e1s peso\u00bb<\/p>\n<p>            <a href=\"https:\/\/www.lasexta.com\/noticias\/deportes\/motor\/reaccion-fermin-aldeguer-gran-noticia-ducati-alex-marquez_2025091968cd7f7a394a813873900491.html\" class=\"L6-news__link\" rel=\"nofollow noopener\" target=\"_blank\"><br \/>\n                La reacci\u00f3n Ferm\u00edn Aldeguer a la gran noticia de Ducati para Alex M\u00e1rquez<\/p>\n<p class=\"recirculation-video-desc\">El compa\u00f1ero del &#8217;73&#8217; considera justa la decisi\u00f3n del equipo italiano de darle la misma moto que a Marc M\u00e1rquez y Pecco Bagnaia la pr\u00f3xima temporada.<\/p>\n<p>            <\/a><\/p>\n<p><script async src=\"https:\/\/platform.twitter.com\/widgets.js\" charset=\"utf-8\"><\/script><\/p>\n","protected":false},"excerpt":{"rendered":"En la ma\u00f1ana de este lunes, ya digerida la eliminaci\u00f3n de la selecci\u00f3n espa\u00f1ola en la fase de&hellip;\n","protected":false},"author":2,"featured_media":131474,"comment_status":"","ping_status":"","sticky":false,"template":"","format":"standard","meta":{"footnotes":""},"categories":[269],"tags":[299,298,168,25,24,23,167],"class_list":{"0":"post-131473","1":"post","2":"type-post","3":"status-publish","4":"format-standard","5":"has-post-thumbnail","7":"category-baloncesto","8":"tag-baloncesto","9":"tag-basketball","10":"tag-deportes","11":"tag-es","12":"tag-espana","13":"tag-spain","14":"tag-sports"},"share_on_mastodon":{"url":"","error":""},"_links":{"self":[{"href":"https:\/\/www.europesays.com\/es\/wp-json\/wp\/v2\/posts\/131473","targetHints":{"allow":["GET"]}}],"collection":[{"href":"https:\/\/www.europesays.com\/es\/wp-json\/wp\/v2\/posts"}],"about":[{"href":"https:\/\/www.europesays.com\/es\/wp-json\/wp\/v2\/types\/post"}],"author":[{"embeddable":true,"href":"https:\/\/www.europesays.com\/es\/wp-json\/wp\/v2\/users\/2"}],"replies":[{"embeddable":true,"href":"https:\/\/www.europesays.com\/es\/wp-json\/wp\/v2\/comments?post=131473"}],"version-history":[{"count":0,"href":"https:\/\/www.europesays.com\/es\/wp-json\/wp\/v2\/posts\/131473\/revisions"}],"wp:featuredmedia":[{"embeddable":true,"href":"https:\/\/www.europesays.com\/es\/wp-json\/wp\/v2\/media\/131474"}],"wp:attachment":[{"href":"https:\/\/www.europesays.com\/es\/wp-json\/wp\/v2\/media?parent=131473"}],"wp:term":[{"taxonomy":"category","embeddable":true,"href":"https:\/\/www.europesays.com\/es\/wp-json\/wp\/v2\/categories?post=131473"},{"taxonomy":"post_tag","embeddable":true,"href":"https:\/\/www.europesays.com\/es\/wp-json\/wp\/v2\/tags?post=131473"}],"curies":[{"name":"wp","href":"https:\/\/api.w.org\/{rel}","templated":true}]}}