{"id":131475,"date":"2025-09-22T09:47:07","date_gmt":"2025-09-22T09:47:07","guid":{"rendered":"https:\/\/www.europesays.com\/es\/131475\/"},"modified":"2025-09-22T09:47:07","modified_gmt":"2025-09-22T09:47:07","slug":"solo-quiero-proteger-a-mi-equipo","status":"publish","type":"post","link":"https:\/\/www.europesays.com\/es\/131475\/","title":{"rendered":"Solo quiero proteger a mi equipo"},"content":{"rendered":"<p data-gtm-element-container=\"modulo-texto-link\" class=\"paragraph\"><strong>Hansi Flick<\/strong>, entrenador del <strong>FC Barcelona<\/strong>, acab\u00f3 contento y satisfecho con el partido de su equipo y en especial de algunos jugadores aunque tras el choque frente al Getafe ofreci\u00f3 una de sus comparecencias m\u00e1s serias. \u201cTres puntos, 3-0, todo est\u00e1 bien&#8230;\u201d, fue la primera respuesta. Seco, algo tenso en la sala de prensa. \u201cNo estoy as\u00ed por Ferm\u00edn, ma\u00f1ana pasar\u00e1 pruebas y veremos\u201d, dijo el t\u00e9cnico sobre el andaluz, que acab\u00f3 tocado. Y argument\u00f3: \u201cTampoco no es f\u00e1cil jugar y preparar partidos cada dos o tres d\u00edas. Para todos ha sido un partido duro, ahora me tengo que relajar poco a poco\u201d.<\/p>\n<p data-gtm-element-container=\"modulo-texto-link\" class=\"paragraph\">Sobre le <strong>Getafe <\/strong>y su agresividad sobre el c\u00e9sped y en los banquillos, <strong>Flick <\/strong>no quiso entrar en valoraciones ni pol\u00e9micas. \u201cSolo me concentro en mi equipo. Cuando hay alguna situaci\u00f3n en el campo, es como que quiero proteger a mi equipo. Pero lo importante es que siempre estoy pendiente de mi equipo. No me importan los rivales\u201d, coment\u00f3 el entrenador alem\u00e1n, que volvi\u00f3 a insistir en la dureza de ganar un partido tan duro despu\u00e9s de otro tan exigente como el del jueves en Champions League contra el Newcastle. Flick remarc\u00f3 que \u201clo m\u00e1s importante es c\u00f3mo jugamos como equipo. Que controlemos mucho el bal\u00f3n. Eso es lo que me importa\u201d y aplaudi\u00f3 el papel de los suyos.<\/p>\n<p data-gtm-element-container=\"modulo-texto-link\" class=\"paragraph\"><strong>Ferran Torres <\/strong>anot\u00f3 dos goles y pudo marcar un tercero si no hubiera sido por el larguero. Lo hizo despu\u00e9s de las destacadas actuaciones de Rashford, Ferm\u00edn, Lewandowski o Raphinha en los \u00faltimos encuentros. \u201cEs muy importante. Tenemos muchos partidos, cada tres o cuatro d\u00edas, y por eso es muy bueno contar con todos en este rendimiento\u201d, destac\u00f3.<\/p>\n<p data-gtm-element-container=\"modulo-texto-link\" class=\"paragraph\">Tras el partido tambi\u00e9n le preguntaron por<strong> Dani Olmo<\/strong>, que volvi\u00f3 a ser titular por segunda vez en Liga y respondi\u00f3 con asistencia y gol. \u201cComo dije, somos entre 25 y 27 jugadores, y necesitamos a todos. Para m\u00ed, es importante que cada uno d\u00e9 lo mejor que pueda por nuestro equipo. Hoy lo hizo muy bien, y eso es lo que queremos de \u00e9l\u201d.<\/p>\n<p>    Lee tambi\u00e9n<\/p>\n<p data-gtm-element-container=\"modulo-texto-link\" class=\"paragraph\">Este lunes al mediod\u00eda, <strong>Hansi Flick<\/strong> formar\u00e1 parte de la expedici\u00f3n azulgrana que estar\u00e1 en la <strong>Gala del Bal\u00f3n de Oro<\/strong> y tambi\u00e9n quiso huir de pol\u00e9micas tras una respuesta del viernes que pareci\u00f3 una indirecta hacia el Real Madrid, que volver\u00e1 a dar plant\u00f3n al evento. \u201cVenga ya, por favor&#8230; Voy a ir para mostrar respeto, no me gustan estas preguntas, s\u00e9 que las ten\u00e9is que hacer pero no me gusta hablar de otros clubs. Me centro en el m\u00edo\u201d.<\/p>\n","protected":false},"excerpt":{"rendered":"Hansi Flick, entrenador del FC Barcelona, acab\u00f3 contento y satisfecho con el partido de su equipo y en&hellip;\n","protected":false},"author":2,"featured_media":131476,"comment_status":"","ping_status":"","sticky":false,"template":"","format":"standard","meta":{"footnotes":""},"categories":[268],"tags":[168,25,24,280,282,281,23,167],"class_list":{"0":"post-131475","1":"post","2":"type-post","3":"status-publish","4":"format-standard","5":"has-post-thumbnail","7":"category-futbol","8":"tag-deportes","9":"tag-es","10":"tag-espana","11":"tag-football","12":"tag-futbol","13":"tag-soccer","14":"tag-spain","15":"tag-sports"},"share_on_mastodon":{"url":"","error":""},"_links":{"self":[{"href":"https:\/\/www.europesays.com\/es\/wp-json\/wp\/v2\/posts\/131475","targetHints":{"allow":["GET"]}}],"collection":[{"href":"https:\/\/www.europesays.com\/es\/wp-json\/wp\/v2\/posts"}],"about":[{"href":"https:\/\/www.europesays.com\/es\/wp-json\/wp\/v2\/types\/post"}],"author":[{"embeddable":true,"href":"https:\/\/www.europesays.com\/es\/wp-json\/wp\/v2\/users\/2"}],"replies":[{"embeddable":true,"href":"https:\/\/www.europesays.com\/es\/wp-json\/wp\/v2\/comments?post=131475"}],"version-history":[{"count":0,"href":"https:\/\/www.europesays.com\/es\/wp-json\/wp\/v2\/posts\/131475\/revisions"}],"wp:featuredmedia":[{"embeddable":true,"href":"https:\/\/www.europesays.com\/es\/wp-json\/wp\/v2\/media\/131476"}],"wp:attachment":[{"href":"https:\/\/www.europesays.com\/es\/wp-json\/wp\/v2\/media?parent=131475"}],"wp:term":[{"taxonomy":"category","embeddable":true,"href":"https:\/\/www.europesays.com\/es\/wp-json\/wp\/v2\/categories?post=131475"},{"taxonomy":"post_tag","embeddable":true,"href":"https:\/\/www.europesays.com\/es\/wp-json\/wp\/v2\/tags?post=131475"}],"curies":[{"name":"wp","href":"https:\/\/api.w.org\/{rel}","templated":true}]}}