{"id":131477,"date":"2025-09-22T09:48:10","date_gmt":"2025-09-22T09:48:10","guid":{"rendered":"https:\/\/www.europesays.com\/es\/131477\/"},"modified":"2025-09-22T09:48:10","modified_gmt":"2025-09-22T09:48:10","slug":"brand-new-day-detiene-su-rodaje-por-una-lesion-de-tom-holland-que-envio-al-actor-al-hospital","status":"publish","type":"post","link":"https:\/\/www.europesays.com\/es\/131477\/","title":{"rendered":"Brand New Day detiene su rodaje por una lesi\u00f3n de Tom Holland que envi\u00f3 al actor al hospital"},"content":{"rendered":"<p>La pr\u00f3xima pel\u00edcula del Universo Cinematogr\u00e1fico de Marvel se lleva un rev\u00e9s por la lesi\u00f3n de su estrella principal, pero no est\u00e1 claro si afectar\u00e1 a los plazos.<\/p>\n<p>Malas noticias para el rodaje de <a href=\"https:\/\/www.hobbyconsolas.com\/noticias\/spider-man-brand-new-day-aviva-rumores-cambio-look-comiquero-zendaya-nueva-foto-rodaje-1483275\" title=\"Spider-Man: Brand New Day aviva los rumores de un cambio de look Zendaya tras una nueva foto del rodaje\" rel=\"nofollow noopener\" target=\"_blank\">Spider-Man: Brand New Day<\/a>, que parec\u00eda ir viendo en popa. La <strong>pel\u00edcula de Marvel<\/strong>, la siguiente que los llevar\u00e1 al cine tras <a href=\"https:\/\/www.hobbyconsolas.com\/reviews\/critica-4-fantasticos-primeros-pasos-aventura-retrofuturista-muy-bien-ambientada-1474273\" title=\"Cr\u00edtica de Los 4 Fant\u00e1sticos: Primeros pasos, una aventura retrofuturista muy bien ambientada\" rel=\"nofollow noopener\" target=\"_blank\">Los 4 Fant\u00e1sticos: Primeros pasos<\/a>, ha pausado su producci\u00f3n debido a una lesi\u00f3n de su estrella principal: <a href=\"https:\/\/www.hobbyconsolas.com\/noticias\/tom-holland-ha-presionado-marvel-escuche-fandom-spider-man-brand-new-day-estaban-hartos-mi-1482067\" title=\"Tom Holland ha presionado en Marvel para que escuche al fandom con Spider-Man: Brand New Day: &quot;Estaban hartos de m\u00ed&quot;\" rel=\"nofollow noopener\" target=\"_blank\">Tom Holland<\/a>.<\/p>\n<p>Seg\u00fan informa <a href=\"https:\/\/deadline.com\/2025\/09\/tom-holland-hospitalized-spider-man-brand-new-day-1236552019\/\" target=\"_blank\" rel=\"nofollow noopener\">Deadline<\/a>, el actor brit\u00e1nico fue hospitalizado brevemente tras lesionarse durante una escena de riesgo en el set. Ya ha recibido el alta, pero deber\u00e1 guardar reposo varios d\u00edas antes de poder reincorporarse al rodaje.<\/p>\n<p><img alt=\"Date de alta en Disney+\" loading=\"lazy\" width=\"127\" height=\"72\" decoding=\"async\" data-nimg=\"1\" style=\"color:transparent\"  src=\"https:\/\/www.europesays.com\/es\/wp-content\/uploads\/2025\/07\/cardimage1718973826767-3562917.jpg\"\/>Date de alta en Disney+<\/p>\n<p>Disney+ tiene cientos de pel\u00edculas y series cl\u00e1sicas y nuevas, y todas ellas las puedes ver desde 5,99\u20ac al mes.<\/p>\n<p><a class=\"product-button\" href=\"https:\/\/disneyplus.bn5x.net\/c\/2096496\/772703\/9358?sharedid=computerhoy\" title=\"Date de alta en Disney+\" data-gacat=\"Tarjetas\" data-gaact=\"impresion-tarjeta\" target=\"_blank\" rel=\"noreferrer nofollow noopener\">Date de alta<\/a><\/p>\n<p>La <a href=\"https:\/\/www.hobbyconsolas.com\/reportajes\/peliculas-esperadas-2025-ballerina-avatar-3-1430041\" title=\"Las pel\u00edculas m\u00e1s esperadas de 2025: de Ballerina a Avatar 3\" rel=\"nofollow noopener\" target=\"_blank\">pel\u00edcula <\/a>lleva en producci\u00f3n en Glasgow, Escocia, desde agosto, y parec\u00eda que llevaba buen ritmo. No est\u00e1 claro si este incidente afectar\u00e1 a los plazos de desarrollo de forma importante como para alterar su fecha de estreno en cines, prevista para el <strong>31 de julio de 2026<\/strong>.<\/p>\n<p>Aunque no han trascendido todav\u00eda detalles concretos de la lesi\u00f3n, se habla de una conmoci\u00f3n, posiblemente debida a una ca\u00edda o un golpe demasiado fuerte. Nada que vaya a requerir semanas de descanso y recuperaci\u00f3n, pero s\u00ed la prudencia de que Tom Holland no se reincorpore al trabajo de inmediato.<\/p>\n<p>Pausa inesperada para Spider-Man: Brand New Day<\/p>\n<p>Con <strong>Destin Daniel Cretton<\/strong> (<a href=\"https:\/\/www.hobbyconsolas.com\/reviews\/critica-shang-chi-leyenda-diez-anillos-nuevo-coctel-cultural-marvel-studios-920219\" title=\"Cr\u00edtica de Shang-Chi y la leyenda de los Diez Anillos - Acci\u00f3n de Marvel Studios, ya en Disney Plus\" rel=\"nofollow noopener\" target=\"_blank\">Shang-Chi y la leyenda de los Diez Anillos<\/a>) al frente, la nueva pel\u00edcula del trepamuros da prioridad a las escenas de acci\u00f3n en entornos reales, de ah\u00ed que buena parte de ella se est\u00e9 filmando en exteriores y no en estudios.<\/p>\n<p>Esto tambi\u00e9n requiere un grado mayor de intervenci\u00f3n de actores y especialistas en entornos menos f\u00e1ciles de controlar que un set creado de cero, lo que aumenta las posibilidades de que sucedan accidentes.<\/p>\n<p>Afortunadamente, el de Tom Holland no entra\u00f1a mayor gravedad que unos d\u00edas de reposo y algo de desembolso por parte de <a href=\"https:\/\/www.hobbyconsolas.com\/reportajes\/universo-cinematografico-marvel-origen-fases-futuro-orden-ver-series-peliculas-ucm-2025-1208290\" title=\"Universo Cinematogr\u00e1fico de Marvel: origen, fases, futuro y orden para ver las series y pel\u00edculas del UCM en 2025\" rel=\"nofollow noopener\" target=\"_blank\">Marvel Studios<\/a> para mantener el equipo unos d\u00edas m\u00e1s, pese a que no se filme.<\/p>\n<p>Esperamos que <strong>Tom Holland<\/strong> pueda reincorporarse pronto al rodaje de <strong>Spider-Man: Brand New Day<\/strong> para que la pel\u00edcula complete su producci\u00f3n y entre en la siempre laboriosa y larga fase de posproducci\u00f3n.<\/p>\n<p>Conoce <a href=\"https:\/\/www.hobbyconsolas.com\/como-trabajamos\" title=\"&quot;C\u00f3mo trabajamos en HobbyConsolas&quot;\" target=\"_blank\" rel=\"nofollow noopener\">c\u00f3mo trabajamos<\/a> en HobbyConsolas.<\/p>\n","protected":false},"excerpt":{"rendered":"La pr\u00f3xima pel\u00edcula del Universo Cinematogr\u00e1fico de Marvel se lleva un rev\u00e9s por la lesi\u00f3n de su estrella&hellip;\n","protected":false},"author":2,"featured_media":131478,"comment_status":"","ping_status":"","sticky":false,"template":"","format":"standard","meta":{"footnotes":""},"categories":[174],"tags":[255,146,147,25,24,256,23],"class_list":{"0":"post-131477","1":"post","2":"type-post","3":"status-publish","4":"format-standard","5":"has-post-thumbnail","7":"category-famosos","8":"tag-celebrities","9":"tag-entertainment","10":"tag-entretenimiento","11":"tag-es","12":"tag-espana","13":"tag-famosos","14":"tag-spain"},"share_on_mastodon":{"url":"","error":""},"_links":{"self":[{"href":"https:\/\/www.europesays.com\/es\/wp-json\/wp\/v2\/posts\/131477","targetHints":{"allow":["GET"]}}],"collection":[{"href":"https:\/\/www.europesays.com\/es\/wp-json\/wp\/v2\/posts"}],"about":[{"href":"https:\/\/www.europesays.com\/es\/wp-json\/wp\/v2\/types\/post"}],"author":[{"embeddable":true,"href":"https:\/\/www.europesays.com\/es\/wp-json\/wp\/v2\/users\/2"}],"replies":[{"embeddable":true,"href":"https:\/\/www.europesays.com\/es\/wp-json\/wp\/v2\/comments?post=131477"}],"version-history":[{"count":0,"href":"https:\/\/www.europesays.com\/es\/wp-json\/wp\/v2\/posts\/131477\/revisions"}],"wp:featuredmedia":[{"embeddable":true,"href":"https:\/\/www.europesays.com\/es\/wp-json\/wp\/v2\/media\/131478"}],"wp:attachment":[{"href":"https:\/\/www.europesays.com\/es\/wp-json\/wp\/v2\/media?parent=131477"}],"wp:term":[{"taxonomy":"category","embeddable":true,"href":"https:\/\/www.europesays.com\/es\/wp-json\/wp\/v2\/categories?post=131477"},{"taxonomy":"post_tag","embeddable":true,"href":"https:\/\/www.europesays.com\/es\/wp-json\/wp\/v2\/tags?post=131477"}],"curies":[{"name":"wp","href":"https:\/\/api.w.org\/{rel}","templated":true}]}}